{"id":73042,"date":"2005-04-03T00:00:00","date_gmt":"2005-04-03T00:00:00","guid":{"rendered":"https:\/\/www.deberes.net\/tesis\/sin-categoria\/la-autoridad-del-profesor-de-secundaria-estudio-del-concepto-de-autoridad-y-propuestas-didacticas-para-la-formacion-de-profesorado\/"},"modified":"2005-04-03T00:00:00","modified_gmt":"2005-04-03T00:00:00","slug":"la-autoridad-del-profesor-de-secundaria-estudio-del-concepto-de-autoridad-y-propuestas-didacticas-para-la-formacion-de-profesorado","status":"publish","type":"post","link":"https:\/\/www.deberes.net\/tesis\/historia\/la-autoridad-del-profesor-de-secundaria-estudio-del-concepto-de-autoridad-y-propuestas-didacticas-para-la-formacion-de-profesorado\/","title":{"rendered":"La autoridad del profesor de secundaria. estudio del concepto de autoridad y propuestas did\u00e1cticas para la formaci\u00f3n de profesorado"},"content":{"rendered":"<h2>Tesis doctoral de <strong>  Espot Pi\u00f1ol M\u00aa Rosa <\/strong><\/h2>\n<p>?Qu\u00e9 es la autoridad, \u00c2\u00bfc\u00f3mo puede adquirise? Con la finalidad de abordar estas cuestiones se ha llevado a cabo esta investigaci\u00f3n doctoral que tiene dos objetivos. El primero de ellos es realizar un estudio te\u00f3rico del concepto de autoridad. El segundo aspira a ofrecer unas propuestas did\u00e1cticas para la formaci\u00f3n del profesorado que les capacite en autoridad. La investigaci\u00f3n se ha organizado en seis cap\u00edtulos. Los tres primeros atienden al primero de estos objetivos, los tres restantes al segundo. El cap\u00edtulo primero est\u00e1 centrado en el concepto de autoridad en los antiguos. En \u00e9l se realiza un estudio del pensamiento pedag\u00f3gico griego y romano, poniendo de relieve la actualidad de la educaci\u00f3n antigua. En el cap\u00edtulo segundo el estudio del concepto de autoridad se detiene en la edad moderna y contempor\u00e1nea. en particular se centra la atenci\u00f3n inicialmente en el realismo o disciplinarismo pedag\u00f3gico; en segundo lugar en la pedagog\u00eda de jean jacques rousseau; y en tercer lugar en la teor\u00eda educativa de john dewey. Para cerrar el cap\u00edtulo, se aborda la noci\u00f3n de autoridad en la teor\u00eda de la educaci\u00f3n actual. El cap\u00edtulo tercero est\u00e1 dedicado a estudio de la situaci\u00f3n actual de la autoridad, en particular en la legislaci\u00f3n escolar vigente, en la ense\u00f1anza secundaria en catalu\u00f1a y en la formaci\u00f3n del profesorado. En el cap\u00edtulo cuarto se representa una propuesta did\u00e1ctica para la formaci\u00f3n del profesorado en autoridad. Esta propuesta est\u00e1 concentrada en un plan de formaci\u00f3n enfocado a la comprensi\u00f3n y a la adquisici\u00f3n de la autoridad, y su modo de aplicarlo. En el cap\u00edtulo quinto se trata la autoridad en relaci\u00f3n al g\u00e9nero. Tras describir la situaci\u00f3n del profesor de secundaria en sus comienzos profesionales, en el cap\u00edtulo sexto se expone una propuesta did\u00e1ctica para la formaci\u00f3n del profesorado joven. El cap\u00edtulo se cierra con la descripci\u00f3n de algunas tareas docentes y aspectos de la vida del<\/p>\n<p>&nbsp;<\/p>\n<h3>Datos acad\u00e9micos de la tesis doctoral \u00ab<strong>La autoridad del profesor de secundaria. estudio del concepto de autoridad y propuestas did\u00e1cticas para la formaci\u00f3n de profesorado<\/strong>\u00ab<\/h3>\n<ul>\n<li><strong>T\u00edtulo de la tesis:<\/strong>\u00a0 La autoridad del profesor de secundaria. estudio del concepto de autoridad y propuestas did\u00e1cticas para la formaci\u00f3n de profesorado <\/li>\n<li><strong>Autor:<\/strong>\u00a0  Espot Pi\u00f1ol M\u00aa Rosa <\/li>\n<li><strong>Universidad:<\/strong>\u00a0 Internacional de catalunya<\/li>\n<li><strong>Fecha de lectura de la tesis:<\/strong>\u00a0 04\/03\/2005<\/li>\n<\/ul>\n<p>&nbsp;<\/p>\n<h3>Direcci\u00f3n y tribunal<\/h3>\n<ul>\n<li><strong>Director de la tesis<\/strong>\n<ul>\n<li>Jaime Nubiola Aguilar<\/li>\n<\/ul>\n<\/li>\n<li><strong>Tribunal<\/strong>\n<ul>\n<li>Presidente del tribunal: conrad Vilanou torrado <\/li>\n<li> Sierra arizmendiarrieta dra. beatriz (vocal)<\/li>\n<li> Zalamea traba dr. Fernando (vocal)<\/li>\n<li>magdalena Bosch rabell (vocal)<\/li>\n<\/ul>\n<\/li>\n<\/ul>\n<p>&nbsp;<\/p>\n","protected":false},"excerpt":{"rendered":"<p>Tesis doctoral de Espot Pi\u00f1ol M\u00aa Rosa ?Qu\u00e9 es la autoridad, \u00c2\u00bfc\u00f3mo puede adquirise? Con la finalidad de abordar estas [&hellip;]<\/p>\n","protected":false},"author":1,"featured_media":0,"comment_status":"open","ping_status":"open","sticky":false,"template":"","format":"standard","meta":{"site-sidebar-layout":"default","site-content-layout":"","ast-site-content-layout":"","site-content-style":"default","site-sidebar-style":"default","ast-global-header-display":"","ast-banner-title-visibility":"","ast-main-header-display":"","ast-hfb-above-header-display":"","ast-hfb-below-header-display":"","ast-hfb-mobile-header-display":"","site-post-title":"","ast-breadcrumbs-content":"","ast-featured-img":"","footer-sml-layout":"","theme-transparent-header-meta":"","adv-header-id-meta":"","stick-header-meta":"","header-above-stick-meta":"","header-main-stick-meta":"","header-below-stick-meta":"","astra-migrate-meta-layouts":"default","ast-page-background-enabled":"default","ast-page-background-meta":{"desktop":{"background-color":"var(--ast-global-color-4)","background-image":"","background-repeat":"repeat","background-position":"center center","background-size":"auto","background-attachment":"scroll","background-type":"","background-media":"","overlay-type":"","overlay-color":"","overlay-gradient":""},"tablet":{"background-color":"","background-image":"","background-repeat":"repeat","background-position":"center center","background-size":"auto","background-attachment":"scroll","background-type":"","background-media":"","overlay-type":"","overlay-color":"","overlay-gradient":""},"mobile":{"background-color":"","background-image":"","background-repeat":"repeat","background-position":"center center","background-size":"auto","background-attachment":"scroll","background-type":"","background-media":"","overlay-type":"","overlay-color":"","overlay-gradient":""}},"ast-content-background-meta":{"desktop":{"background-color":"var(--ast-global-color-5)","background-image":"","background-repeat":"repeat","background-position":"center center","background-size":"auto","background-attachment":"scroll","background-type":"","background-media":"","overlay-type":"","overlay-color":"","overlay-gradient":""},"tablet":{"background-color":"var(--ast-global-color-5)","background-image":"","background-repeat":"repeat","background-position":"center center","background-size":"auto","background-attachment":"scroll","background-type":"","background-media":"","overlay-type":"","overlay-color":"","overlay-gradient":""},"mobile":{"background-color":"var(--ast-global-color-5)","background-image":"","background-repeat":"repeat","background-position":"center center","background-size":"auto","background-attachment":"scroll","background-type":"","background-media":"","overlay-type":"","overlay-color":"","overlay-gradient":""}},"footnotes":""},"categories":[1140,104,311,222,40818,1141,1288,269,1495,1496,1341],"tags":[19817,158656,17996,33652,158657,158658],"class_list":["post-73042","post","type-post","status-publish","format-standard","hentry","category-formacion-y-empleo-de-profesores","category-historia","category-historia-de-la-educacion","category-historias-especializadas","category-internacional-de-catalunya","category-pedagogia","category-preparacion-de-profesores","category-sociologia","category-sociologia-de-la-educacion","category-sociologia-del-trabajo","category-teoria-y-metodos-educativos","tag-conrad-vilanou-torrado","tag-espot-pinol-ma-rosa","tag-jaime-nubiola-aguilar","tag-magdalena-bosch-rabell","tag-sierra-arizmendiarrieta-dra-beatriz","tag-zalamea-traba-dr-fernando"],"_links":{"self":[{"href":"https:\/\/www.deberes.net\/tesis\/wp-json\/wp\/v2\/posts\/73042","targetHints":{"allow":["GET"]}}],"collection":[{"href":"https:\/\/www.deberes.net\/tesis\/wp-json\/wp\/v2\/posts"}],"about":[{"href":"https:\/\/www.deberes.net\/tesis\/wp-json\/wp\/v2\/types\/post"}],"author":[{"embeddable":true,"href":"https:\/\/www.deberes.net\/tesis\/wp-json\/wp\/v2\/users\/1"}],"replies":[{"embeddable":true,"href":"https:\/\/www.deberes.net\/tesis\/wp-json\/wp\/v2\/comments?post=73042"}],"version-history":[{"count":0,"href":"https:\/\/www.deberes.net\/tesis\/wp-json\/wp\/v2\/posts\/73042\/revisions"}],"wp:attachment":[{"href":"https:\/\/www.deberes.net\/tesis\/wp-json\/wp\/v2\/media?parent=73042"}],"wp:term":[{"taxonomy":"category","embeddable":true,"href":"https:\/\/www.deberes.net\/tesis\/wp-json\/wp\/v2\/categories?post=73042"},{"taxonomy":"post_tag","embeddable":true,"href":"https:\/\/www.deberes.net\/tesis\/wp-json\/wp\/v2\/tags?post=73042"}],"curies":[{"name":"wp","href":"https:\/\/api.w.org\/{rel}","templated":true}]}}