{"id":73046,"date":"2005-04-03T00:00:00","date_gmt":"2005-04-03T00:00:00","guid":{"rendered":"https:\/\/www.deberes.net\/tesis\/sin-categoria\/biopola%c2%adtica-y-gestion-de-las-poblaciones-en-el-primer-franquismo-1939-1945\/"},"modified":"2005-04-03T00:00:00","modified_gmt":"2005-04-03T00:00:00","slug":"biopola%c2%adtica-y-gestion-de-las-poblaciones-en-el-primer-franquismo-1939-1945","status":"publish","type":"post","link":"https:\/\/www.deberes.net\/tesis\/historia-de-la-educacion\/biopola%c2%adtica-y-gestion-de-las-poblaciones-en-el-primer-franquismo-1939-1945\/","title":{"rendered":"Biopol\u00edtica y gesti\u00f3n de las poblaciones en el primer franquismo (1939-1945)"},"content":{"rendered":"<h2>Tesis doctoral de <strong> Antonio Polo Blanco <\/strong><\/h2>\n<p>La tesis aborda las cuestiones relacionadas con la existencia de pr\u00e1cticas eugen\u00e9sicas en el arranque del r\u00e9gimen de franco. A pesar de la constancia de numerosos discursos anti-eugen\u00e9sicos, la tesis trata de demostrar la existencia de estas pr\u00e1cticas camufladas bajo cuatro escondites. La puericultura-maternolog\u00eda estableci\u00f3 un discurso m\u00e9dico que orientara a la mujer jasta la indefectibilidad procreadora. La higiene racial otorg\u00f3 distintos estatus de calidad racial en funci\u00f3n de las distintas procedencias geogr\u00e1ficas de la masa biol\u00f3gica evaluable. La orientaci\u00f3n-selecci\u00f3n profesional codific\u00f3 a cada hombre en un puesto laboral determinado en funci\u00f3n de su clase social, considerando como una alteraci\u00f3n del orden natural la usurpaci\u00f3n de un puesto laboral de mayor rango que aquel que su extracci\u00f3n social le propiciara. Y, por \u00faltimo, la idea de la hispanidad entendida como un resguardo de la concepci\u00f3n de la vida propiamente espa\u00f1ola establec\u00eda un cord\u00f3n que impidiera la filtraci\u00f3n de ideas consideradas patol\u00f3gicas (y contagiosas) para la poblaci\u00f3n. Paralela a esta l\u00ednea de argumentaci\u00f3n se descubre un segundo enfoque de esta misma tesis, cual es la sumisi\u00f3n que la pedagog\u00eda adopta respecto de otras disciplinas consideradas de mayor rango disciplinario. As\u00ed, la pedagog\u00eda deja de establecer un corpus doctrinario propio pleg\u00e1ndose hacia la autoridad m\u00e9dica, psicom\u00e9trica, antropom\u00e9trica, psiqui\u00e1trica o religiosa.<\/p>\n<p>&nbsp;<\/p>\n<h3>Datos acad\u00e9micos de la tesis doctoral \u00ab<strong>Biopol\u00edtica y gesti\u00f3n de las poblaciones en el primer franquismo (1939-1945)<\/strong>\u00ab<\/h3>\n<ul>\n<li><strong>T\u00edtulo de la tesis:<\/strong>\u00a0 Biopol\u00edtica y gesti\u00f3n de las poblaciones en el primer franquismo (1939-1945) <\/li>\n<li><strong>Autor:<\/strong>\u00a0 Antonio Polo Blanco <\/li>\n<li><strong>Universidad:<\/strong>\u00a0 C\u00e1diz<\/li>\n<li><strong>Fecha de lectura de la tesis:<\/strong>\u00a0 04\/03\/2005<\/li>\n<\/ul>\n<p>&nbsp;<\/p>\n<h3>Direcci\u00f3n y tribunal<\/h3>\n<ul>\n<li><strong>Director de la tesis<\/strong>\n<ul>\n<li>Francisco Vazquez Garcia<\/li>\n<\/ul>\n<\/li>\n<li><strong>Tribunal<\/strong>\n<ul>\n<li>Presidente del tribunal: Jos\u00e9 felix Angulo rasco <\/li>\n<li>raquel Alv\u00e1rez  pel\u00e1ez (vocal)<\/li>\n<li>richard Cleminson (vocal)<\/li>\n<li>carmen Garc\u00eda pastor (vocal)<\/li>\n<\/ul>\n<\/li>\n<\/ul>\n<p>&nbsp;<\/p>\n","protected":false},"excerpt":{"rendered":"<p>Tesis doctoral de Antonio Polo Blanco La tesis aborda las cuestiones relacionadas con la existencia de pr\u00e1cticas eugen\u00e9sicas en el [&hellip;]<\/p>\n","protected":false},"author":1,"featured_media":0,"comment_status":"open","ping_status":"open","sticky":false,"template":"","format":"standard","meta":{"site-sidebar-layout":"default","site-content-layout":"","ast-site-content-layout":"","site-content-style":"default","site-sidebar-style":"default","ast-global-header-display":"","ast-banner-title-visibility":"","ast-main-header-display":"","ast-hfb-above-header-display":"","ast-hfb-below-header-display":"","ast-hfb-mobile-header-display":"","site-post-title":"","ast-breadcrumbs-content":"","ast-featured-img":"","footer-sml-layout":"","theme-transparent-header-meta":"","adv-header-id-meta":"","stick-header-meta":"","header-above-stick-meta":"","header-main-stick-meta":"","header-below-stick-meta":"","astra-migrate-meta-layouts":"default","ast-page-background-enabled":"default","ast-page-background-meta":{"desktop":{"background-color":"var(--ast-global-color-4)","background-image":"","background-repeat":"repeat","background-position":"center center","background-size":"auto","background-attachment":"scroll","background-type":"","background-media":"","overlay-type":"","overlay-color":"","overlay-gradient":""},"tablet":{"background-color":"","background-image":"","background-repeat":"repeat","background-position":"center center","background-size":"auto","background-attachment":"scroll","background-type":"","background-media":"","overlay-type":"","overlay-color":"","overlay-gradient":""},"mobile":{"background-color":"","background-image":"","background-repeat":"repeat","background-position":"center center","background-size":"auto","background-attachment":"scroll","background-type":"","background-media":"","overlay-type":"","overlay-color":"","overlay-gradient":""}},"ast-content-background-meta":{"desktop":{"background-color":"var(--ast-global-color-5)","background-image":"","background-repeat":"repeat","background-position":"center center","background-size":"auto","background-attachment":"scroll","background-type":"","background-media":"","overlay-type":"","overlay-color":"","overlay-gradient":""},"tablet":{"background-color":"var(--ast-global-color-5)","background-image":"","background-repeat":"repeat","background-position":"center center","background-size":"auto","background-attachment":"scroll","background-type":"","background-media":"","overlay-type":"","overlay-color":"","overlay-gradient":""},"mobile":{"background-color":"var(--ast-global-color-5)","background-image":"","background-repeat":"repeat","background-position":"center center","background-size":"auto","background-attachment":"scroll","background-type":"","background-media":"","overlay-type":"","overlay-color":"","overlay-gradient":""}},"footnotes":""},"categories":[1506,311],"tags":[158664,49125,35622,20527,6594,128229],"class_list":["post-73046","post","type-post","status-publish","format-standard","hentry","category-cadiz","category-historia-de-la-educacion","tag-antonio-polo-blanco","tag-carmen-garcia-pastor","tag-francisco-vazquez-garcia","tag-jose-felix-angulo-rasco","tag-raquel-alvarez-pelaez","tag-richard-cleminson"],"_links":{"self":[{"href":"https:\/\/www.deberes.net\/tesis\/wp-json\/wp\/v2\/posts\/73046","targetHints":{"allow":["GET"]}}],"collection":[{"href":"https:\/\/www.deberes.net\/tesis\/wp-json\/wp\/v2\/posts"}],"about":[{"href":"https:\/\/www.deberes.net\/tesis\/wp-json\/wp\/v2\/types\/post"}],"author":[{"embeddable":true,"href":"https:\/\/www.deberes.net\/tesis\/wp-json\/wp\/v2\/users\/1"}],"replies":[{"embeddable":true,"href":"https:\/\/www.deberes.net\/tesis\/wp-json\/wp\/v2\/comments?post=73046"}],"version-history":[{"count":0,"href":"https:\/\/www.deberes.net\/tesis\/wp-json\/wp\/v2\/posts\/73046\/revisions"}],"wp:attachment":[{"href":"https:\/\/www.deberes.net\/tesis\/wp-json\/wp\/v2\/media?parent=73046"}],"wp:term":[{"taxonomy":"category","embeddable":true,"href":"https:\/\/www.deberes.net\/tesis\/wp-json\/wp\/v2\/categories?post=73046"},{"taxonomy":"post_tag","embeddable":true,"href":"https:\/\/www.deberes.net\/tesis\/wp-json\/wp\/v2\/tags?post=73046"}],"curies":[{"name":"wp","href":"https:\/\/api.w.org\/{rel}","templated":true}]}}