{"id":73058,"date":"2005-07-03T00:00:00","date_gmt":"2005-07-03T00:00:00","guid":{"rendered":"https:\/\/www.deberes.net\/tesis\/sin-categoria\/la-descripcion-como-operacion-transformacional-del-discurso-semiotica-pragmatica-y-matematica\/"},"modified":"2005-07-03T00:00:00","modified_gmt":"2005-07-03T00:00:00","slug":"la-descripcion-como-operacion-transformacional-del-discurso-semiotica-pragmatica-y-matematica","status":"publish","type":"post","link":"https:\/\/www.deberes.net\/tesis\/linguistica\/la-descripcion-como-operacion-transformacional-del-discurso-semiotica-pragmatica-y-matematica\/","title":{"rendered":"La descripci\u00f3n como operaci\u00f3n transformacional del discurso: semi\u00f3tica, pragm\u00e1tica y matem\u00e1tica."},"content":{"rendered":"<h2>Tesis doctoral de <strong> Manuel Garc\u00eda P\u00e9rez <\/strong><\/h2>\n<p>Una ex\u00e9gesis semi\u00f3tica pragm\u00e1tica del texto descriptivo exige la revisi\u00f3n de los estudios ret\u00f3ricos y narratol\u00f3gicos del discurso  donde el fen\u00f3meno de la descripci\u00f3n se contempla desde un eclecticismo formal que no explica la relevancia pragm\u00e1tico-discursiva de su funcionalidad dentro de la producci\u00f3n comunicativa.  sin embargo, la especificidad formal de \u00faltimos estudios metodol\u00f3gicos, como los elaborados por la escuela de par\u00eds, concibe la unidad del texto como un despliegue sintagm\u00e1tico en el que las unidades ling\u00ed\u00bc\u00edstico-sistem\u00e1ticas se proyectan en el discurso a trav\u00e9s de un proceso de comprehensi\u00f3n s\u00e9mica, motivado por el uso que el sujeto realiza de esas unidades en un contexto sociocultural espec\u00edfico: el proceso descriptivo se advierte como un uso espec\u00edfico referencial y cotextual que se adapta a una programaci\u00f3n l\u00f3gico-matem\u00e1tica deductiva e intensional.  nuestra tesis profundiza en la habilidad recursiva que esa programaci\u00f3n l\u00f3gico-matem\u00e1tica experimenta dentro de diferentes  tipos de discurso: el discurso cient\u00edfico, el period\u00edstico, el publicitario y el ensay\u00edstico-argumentativo. La inclusi\u00f3n de un enfoque matem\u00e1tico y semi\u00f3tico en la caracterizaci\u00f3n formal de la descripci\u00f3n nos conduce al desarrollo de la teor\u00eda de juegos cooperativos para explicar, desde el punto de vista econom\u00e9trico, la intensionalidad significativa del sentido descriptivo dentro de otras estructuras textuales como la narraci\u00f3n o la exposici\u00f3n. Asimismo, se comprueba, desde la est\u00e9tica de la recepci\u00f3n, la progresi\u00f3n expansiva de la intensionalidad como estructura l\u00f3gico-matem\u00e1tica de intercomunicaci\u00f3n a lo largo de la historia.  el reconocimiento, a partir de criterios  matem\u00e1ticos, de la existencia de una estructura sem\u00e1ntica intensional de continua reconstrucci\u00f3n del sentido del discurso nos aporta una nueva interpretaci\u00f3n semi\u00f3tica de los referentes. La expansi\u00f3n como proyecci\u00f3n program\u00e1tica de<\/p>\n<p>&nbsp;<\/p>\n<h3>Datos acad\u00e9micos de la tesis doctoral \u00ab<strong>La descripci\u00f3n como operaci\u00f3n transformacional del discurso: semi\u00f3tica, pragm\u00e1tica y matem\u00e1tica.<\/strong>\u00ab<\/h3>\n<ul>\n<li><strong>T\u00edtulo de la tesis:<\/strong>\u00a0 La descripci\u00f3n como operaci\u00f3n transformacional del discurso: semi\u00f3tica, pragm\u00e1tica y matem\u00e1tica. <\/li>\n<li><strong>Autor:<\/strong>\u00a0 Manuel Garc\u00eda P\u00e9rez <\/li>\n<li><strong>Universidad:<\/strong>\u00a0 Murcia<\/li>\n<li><strong>Fecha de lectura de la tesis:<\/strong>\u00a0 07\/03\/2005<\/li>\n<\/ul>\n<p>&nbsp;<\/p>\n<h3>Direcci\u00f3n y tribunal<\/h3>\n<ul>\n<li><strong>Director de la tesis<\/strong>\n<ul>\n<li>Manuel Mart\u00ednez Arnaldos<\/li>\n<\/ul>\n<\/li>\n<li><strong>Tribunal<\/strong>\n<ul>\n<li>Presidente del tribunal: estanislao Ramon trives <\/li>\n<li>Francisco Chico rico (vocal)<\/li>\n<li>tomas Albaladejo mayordomo (vocal)<\/li>\n<li>Jos\u00e9 Mar\u00eda Jimenez cano (vocal)<\/li>\n<\/ul>\n<\/li>\n<\/ul>\n<p>&nbsp;<\/p>\n","protected":false},"excerpt":{"rendered":"<p>Tesis doctoral de Manuel Garc\u00eda P\u00e9rez Una ex\u00e9gesis semi\u00f3tica pragm\u00e1tica del texto descriptivo exige la revisi\u00f3n de los estudios ret\u00f3ricos [&hellip;]<\/p>\n","protected":false},"author":1,"featured_media":0,"comment_status":"open","ping_status":"open","sticky":false,"template":"","format":"standard","meta":{"site-sidebar-layout":"default","site-content-layout":"","ast-site-content-layout":"","site-content-style":"default","site-sidebar-style":"default","ast-global-header-display":"","ast-banner-title-visibility":"","ast-main-header-display":"","ast-hfb-above-header-display":"","ast-hfb-below-header-display":"","ast-hfb-mobile-header-display":"","site-post-title":"","ast-breadcrumbs-content":"","ast-featured-img":"","footer-sml-layout":"","theme-transparent-header-meta":"","adv-header-id-meta":"","stick-header-meta":"","header-above-stick-meta":"","header-main-stick-meta":"","header-below-stick-meta":"","astra-migrate-meta-layouts":"default","ast-page-background-enabled":"default","ast-page-background-meta":{"desktop":{"background-color":"var(--ast-global-color-4)","background-image":"","background-repeat":"repeat","background-position":"center center","background-size":"auto","background-attachment":"scroll","background-type":"","background-media":"","overlay-type":"","overlay-color":"","overlay-gradient":""},"tablet":{"background-color":"","background-image":"","background-repeat":"repeat","background-position":"center center","background-size":"auto","background-attachment":"scroll","background-type":"","background-media":"","overlay-type":"","overlay-color":"","overlay-gradient":""},"mobile":{"background-color":"","background-image":"","background-repeat":"repeat","background-position":"center center","background-size":"auto","background-attachment":"scroll","background-type":"","background-media":"","overlay-type":"","overlay-color":"","overlay-gradient":""}},"ast-content-background-meta":{"desktop":{"background-color":"var(--ast-global-color-5)","background-image":"","background-repeat":"repeat","background-position":"center center","background-size":"auto","background-attachment":"scroll","background-type":"","background-media":"","overlay-type":"","overlay-color":"","overlay-gradient":""},"tablet":{"background-color":"var(--ast-global-color-5)","background-image":"","background-repeat":"repeat","background-position":"center center","background-size":"auto","background-attachment":"scroll","background-type":"","background-media":"","overlay-type":"","overlay-color":"","overlay-gradient":""},"mobile":{"background-color":"var(--ast-global-color-5)","background-image":"","background-repeat":"repeat","background-position":"center center","background-size":"auto","background-attachment":"scroll","background-type":"","background-media":"","overlay-type":"","overlay-color":"","overlay-gradient":""}},"footnotes":""},"categories":[59,62,8235,980],"tags":[16716,32447,8570,158684,25110,4759],"class_list":["post-73058","post","type-post","status-publish","format-standard","hentry","category-linguistica","category-linguistica-sincronica","category-murcia","category-semiologia","tag-estanislao-ramon-trives","tag-francisco-chico-rico","tag-jose-maria-jimenez-cano","tag-manuel-garcia-perez","tag-manuel-Martinez-arnaldos","tag-tomas-albaladejo-mayordomo"],"_links":{"self":[{"href":"https:\/\/www.deberes.net\/tesis\/wp-json\/wp\/v2\/posts\/73058","targetHints":{"allow":["GET"]}}],"collection":[{"href":"https:\/\/www.deberes.net\/tesis\/wp-json\/wp\/v2\/posts"}],"about":[{"href":"https:\/\/www.deberes.net\/tesis\/wp-json\/wp\/v2\/types\/post"}],"author":[{"embeddable":true,"href":"https:\/\/www.deberes.net\/tesis\/wp-json\/wp\/v2\/users\/1"}],"replies":[{"embeddable":true,"href":"https:\/\/www.deberes.net\/tesis\/wp-json\/wp\/v2\/comments?post=73058"}],"version-history":[{"count":0,"href":"https:\/\/www.deberes.net\/tesis\/wp-json\/wp\/v2\/posts\/73058\/revisions"}],"wp:attachment":[{"href":"https:\/\/www.deberes.net\/tesis\/wp-json\/wp\/v2\/media?parent=73058"}],"wp:term":[{"taxonomy":"category","embeddable":true,"href":"https:\/\/www.deberes.net\/tesis\/wp-json\/wp\/v2\/categories?post=73058"},{"taxonomy":"post_tag","embeddable":true,"href":"https:\/\/www.deberes.net\/tesis\/wp-json\/wp\/v2\/tags?post=73058"}],"curies":[{"name":"wp","href":"https:\/\/api.w.org\/{rel}","templated":true}]}}