{"id":73075,"date":"2005-08-03T00:00:00","date_gmt":"2005-08-03T00:00:00","guid":{"rendered":"https:\/\/www.deberes.net\/tesis\/sin-categoria\/el-principio-de-proporcionalidad-en-el-proceso-penal-espana-y-brasil\/"},"modified":"2005-08-03T00:00:00","modified_gmt":"2005-08-03T00:00:00","slug":"el-principio-de-proporcionalidad-en-el-proceso-penal-espana-y-brasil","status":"publish","type":"post","link":"https:\/\/www.deberes.net\/tesis\/ciencias-juridicas-y-derecho\/el-principio-de-proporcionalidad-en-el-proceso-penal-espana-y-brasil\/","title":{"rendered":"El principio de proporcionalidad en el proceso penal: espa\u00f1a y brasil"},"content":{"rendered":"<h2>Tesis doctoral de <strong> Edilson Mougenot Bonfim <\/strong><\/h2>\n<p>La tesis doctoral parte de la premisa de que es necesario reforzar la eficacia del proceso penal, sin que ello suponga una lesi\u00f3n de los derechos y garant\u00edas que corresponden al acusado.Tradicionalmente , se ha acudido al principio de  proporcionalidad para determinar los l\u00edmites en que era posible la acci\u00f3n represiva del estado frente a la delincuencia.Se puede constatar, sin embargo , que el principio de proporcionalidad,se ha convertido \u00fanicamente en un mdedio de defensa del acusado, en la medida en que su esencia parece heberse centrado exclusivamente en la llamada \u00abprohibici\u00f3n de exceso\u00bb.El presente trabajo aspira a demostrar que este principio tambi\u00e9n puede justificar una mayor inmisi\u00f3n del poder p\u00fablico sobre la esfera de los justificantes, puesto que hay que reconocer que tambi\u00e9n va embebido en \u00e9l un l\u00edmite opuesto , integrado por el llamado principio de prohibici\u00f3n de la protecci\u00f3n deficiente , que obliga al estado a tener en cuenta la necesidad de dar satisfaci\u00f3n al inter\u00e9s p\u00fablico en la persecuci\u00f3n penal.<\/p>\n<p>&nbsp;<\/p>\n<h3>Datos acad\u00e9micos de la tesis doctoral \u00ab<strong>El principio de proporcionalidad en el proceso penal: espa\u00f1a y brasil<\/strong>\u00ab<\/h3>\n<ul>\n<li><strong>T\u00edtulo de la tesis:<\/strong>\u00a0 El principio de proporcionalidad en el proceso penal: espa\u00f1a y brasil <\/li>\n<li><strong>Autor:<\/strong>\u00a0 Edilson Mougenot Bonfim <\/li>\n<li><strong>Universidad:<\/strong>\u00a0 Complutense de Madrid<\/li>\n<li><strong>Fecha de lectura de la tesis:<\/strong>\u00a0 08\/03\/2005<\/li>\n<\/ul>\n<p>&nbsp;<\/p>\n<h3>Direcci\u00f3n y tribunal<\/h3>\n<ul>\n<li><strong>Director de la tesis<\/strong>\n<ul>\n<li>Andr\u00e9s De La Oliva Santos<\/li>\n<\/ul>\n<\/li>\n<li><strong>Tribunal<\/strong>\n<ul>\n<li>Presidente del tribunal: ignacio D\u00edez-picazo gim\u00e9nez <\/li>\n<li>julio Muerza esparza (vocal)<\/li>\n<li>teresa Armenta deu (vocal)<\/li>\n<li>Jaime Vegas torres (vocal)<\/li>\n<\/ul>\n<\/li>\n<\/ul>\n<p>&nbsp;<\/p>\n","protected":false},"excerpt":{"rendered":"<p>Tesis doctoral de Edilson Mougenot Bonfim La tesis doctoral parte de la premisa de que es necesario reforzar la eficacia [&hellip;]<\/p>\n","protected":false},"author":1,"featured_media":0,"comment_status":"open","ping_status":"open","sticky":false,"template":"","format":"standard","meta":{"site-sidebar-layout":"default","site-content-layout":"","ast-site-content-layout":"","site-content-style":"default","site-sidebar-style":"default","ast-global-header-display":"","ast-banner-title-visibility":"","ast-main-header-display":"","ast-hfb-above-header-display":"","ast-hfb-below-header-display":"","ast-hfb-mobile-header-display":"","site-post-title":"","ast-breadcrumbs-content":"","ast-featured-img":"","footer-sml-layout":"","theme-transparent-header-meta":"","adv-header-id-meta":"","stick-header-meta":"","header-above-stick-meta":"","header-main-stick-meta":"","header-below-stick-meta":"","astra-migrate-meta-layouts":"default","ast-page-background-enabled":"default","ast-page-background-meta":{"desktop":{"background-color":"var(--ast-global-color-4)","background-image":"","background-repeat":"repeat","background-position":"center center","background-size":"auto","background-attachment":"scroll","background-type":"","background-media":"","overlay-type":"","overlay-color":"","overlay-gradient":""},"tablet":{"background-color":"","background-image":"","background-repeat":"repeat","background-position":"center center","background-size":"auto","background-attachment":"scroll","background-type":"","background-media":"","overlay-type":"","overlay-color":"","overlay-gradient":""},"mobile":{"background-color":"","background-image":"","background-repeat":"repeat","background-position":"center center","background-size":"auto","background-attachment":"scroll","background-type":"","background-media":"","overlay-type":"","overlay-color":"","overlay-gradient":""}},"ast-content-background-meta":{"desktop":{"background-color":"var(--ast-global-color-5)","background-image":"","background-repeat":"repeat","background-position":"center center","background-size":"auto","background-attachment":"scroll","background-type":"","background-media":"","overlay-type":"","overlay-color":"","overlay-gradient":""},"tablet":{"background-color":"var(--ast-global-color-5)","background-image":"","background-repeat":"repeat","background-position":"center center","background-size":"auto","background-attachment":"scroll","background-type":"","background-media":"","overlay-type":"","overlay-color":"","overlay-gradient":""},"mobile":{"background-color":"var(--ast-global-color-5)","background-image":"","background-repeat":"repeat","background-position":"center center","background-size":"auto","background-attachment":"scroll","background-type":"","background-media":"","overlay-type":"","overlay-color":"","overlay-gradient":""}},"footnotes":""},"categories":[612,3620,3621],"tags":[3626,158710,33475,38791,17755,12326],"class_list":["post-73075","post","type-post","status-publish","format-standard","hentry","category-ciencias-juridicas-y-derecho","category-derecho-procesal","category-organizacion-juridica","tag-andres-de-la-oliva-santos","tag-edilson-mougenot-bonfim","tag-ignacio-diez-picazo-gimenez","tag-jaime-vegas-torres","tag-julio-muerza-esparza","tag-teresa-armenta-deu"],"_links":{"self":[{"href":"https:\/\/www.deberes.net\/tesis\/wp-json\/wp\/v2\/posts\/73075","targetHints":{"allow":["GET"]}}],"collection":[{"href":"https:\/\/www.deberes.net\/tesis\/wp-json\/wp\/v2\/posts"}],"about":[{"href":"https:\/\/www.deberes.net\/tesis\/wp-json\/wp\/v2\/types\/post"}],"author":[{"embeddable":true,"href":"https:\/\/www.deberes.net\/tesis\/wp-json\/wp\/v2\/users\/1"}],"replies":[{"embeddable":true,"href":"https:\/\/www.deberes.net\/tesis\/wp-json\/wp\/v2\/comments?post=73075"}],"version-history":[{"count":0,"href":"https:\/\/www.deberes.net\/tesis\/wp-json\/wp\/v2\/posts\/73075\/revisions"}],"wp:attachment":[{"href":"https:\/\/www.deberes.net\/tesis\/wp-json\/wp\/v2\/media?parent=73075"}],"wp:term":[{"taxonomy":"category","embeddable":true,"href":"https:\/\/www.deberes.net\/tesis\/wp-json\/wp\/v2\/categories?post=73075"},{"taxonomy":"post_tag","embeddable":true,"href":"https:\/\/www.deberes.net\/tesis\/wp-json\/wp\/v2\/tags?post=73075"}],"curies":[{"name":"wp","href":"https:\/\/api.w.org\/{rel}","templated":true}]}}