{"id":73082,"date":"2005-09-03T00:00:00","date_gmt":"2005-09-03T00:00:00","guid":{"rendered":"https:\/\/www.deberes.net\/tesis\/sin-categoria\/la-alternativa-actual-un-estudio-contemporaneo-de-las-artes-plasticas\/"},"modified":"2005-09-03T00:00:00","modified_gmt":"2005-09-03T00:00:00","slug":"la-alternativa-actual-un-estudio-contemporaneo-de-las-artes-plasticas","status":"publish","type":"post","link":"https:\/\/www.deberes.net\/tesis\/ciencias-de-las-artes-y-las-letras\/la-alternativa-actual-un-estudio-contemporaneo-de-las-artes-plasticas\/","title":{"rendered":"La alternativa actual un estudio contempor\u00e1neo de las artes pl\u00e1sticas"},"content":{"rendered":"<h2>Tesis doctoral de <strong> Aurelia Mora Mill\u00e1n <\/strong><\/h2>\n<p>En esta tesis se hallan desarrollados dos grandes bloques tem\u00e1ticos, t\u00edtulados, respectivamente,\u00bbaproximaciones al mito\u00bby\u00bbecos del tiempo:aproximaciones al mito desde una experiencia personal\u00bb.  en el primer gran bloque,el denominado \u00abaproximaciones al mito\u00bb,nos adentraremos en el mundo de lo fabuloso y la ficci\u00f3n, en el mundo del mito.Los mitos , en cuanto narraci\u00f3n simbolica, nos cuentan una \u00abhistoria\u00bb,que ha sido transmitida de generaci\u00f3n en generaci\u00f3n y tambi\u00e9n, \u00abhistorias\u00bb, historias que pertenecen ala memoria colectiva.El mito es un fen\u00f3meno social que puede presentar variaciones culturales notables, pero que, pese a todo persiste.Tolda sociedad necesita sus mitos.De esta necesidad de los mitos, es de la que voy a hablar en este apartado ya que este mundo fascinante, fabuloso, quim\u00e9rico,extraordinario y fant\u00e1stico es el eje, la columna vertebral de mi obra.  el segundo gran bloque tem\u00e1tico, \u00abecos del tiempo: aproximaciones al mito desde una experiencia personal\u00bb, es un estudio detallado de los temas mitol\u00f3gicos que reprensento en mi obra y que son articulados en cuatro grandes apartados , organizados seg\u00fan la naturaleza del acontecimiento que nos narran.En el primer apartados, organizados seg\u00fan la naturaleza del acontecimiento que nos narran. En el primer apartado se tratan los apoyos del mundo y las fuerzas de la naturaleza; el segundo se dedica a la p\u00e9rdida del para\u00edso; el tercero al mal,representado por el drag\u00f3n y , por \u00faltimo , en el apartado cuarto se analizan  las metamorfosis (sirenas,esfinge, centauros, tritones)y seres invisibles (\u00e1ngeles).  mi tesis ha consistido en demostrar c\u00f3mo los mitos nos hablean en un lenguaje de im\u00e1genes comunes al esp\u00edritu humano desde siempre y , por eso, nunca podr\u00e1n ser desplazados por los descubrimientos cient\u00edficos ya que no hablan del mundo externo sino del mundo de los sue\u00f1os.A trav\u00e9s de mi obra he querido recuperar ese mundo maravilloso de lo sobrenatural y a<\/p>\n<p>&nbsp;<\/p>\n<h3>Datos acad\u00e9micos de la tesis doctoral \u00ab<strong>La alternativa actual un estudio contempor\u00e1neo de las artes pl\u00e1sticas<\/strong>\u00ab<\/h3>\n<ul>\n<li><strong>T\u00edtulo de la tesis:<\/strong>\u00a0 La alternativa actual un estudio contempor\u00e1neo de las artes pl\u00e1sticas <\/li>\n<li><strong>Autor:<\/strong>\u00a0 Aurelia Mora Mill\u00e1n <\/li>\n<li><strong>Universidad:<\/strong>\u00a0 Complutense de Madrid<\/li>\n<li><strong>Fecha de lectura de la tesis:<\/strong>\u00a0 09\/03\/2005<\/li>\n<\/ul>\n<p>&nbsp;<\/p>\n<h3>Direcci\u00f3n y tribunal<\/h3>\n<ul>\n<li><strong>Director de la tesis<\/strong>\n<ul>\n<li>Rosa Mar\u00eda Garceran Piqueras<\/li>\n<\/ul>\n<\/li>\n<li><strong>Tribunal<\/strong>\n<ul>\n<li>Presidente del tribunal: pedro Mart\u00ednez sierra <\/li>\n<li> Cuesta Garc\u00eda de leonardo Mar\u00eda Jos\u00e9 (vocal)<\/li>\n<li>Mar\u00eda no de Blas ortega (vocal)<\/li>\n<li>rita Del rio rodr\u00edguez (vocal)<\/li>\n<\/ul>\n<\/li>\n<\/ul>\n<p>&nbsp;<\/p>\n","protected":false},"excerpt":{"rendered":"<p>Tesis doctoral de Aurelia Mora Mill\u00e1n En esta tesis se hallan desarrollados dos grandes bloques tem\u00e1ticos, t\u00edtulados, respectivamente,\u00bbaproximaciones al mito\u00bby\u00bbecos [&hellip;]<\/p>\n","protected":false},"author":1,"featured_media":0,"comment_status":"open","ping_status":"open","sticky":false,"template":"","format":"standard","meta":{"site-sidebar-layout":"default","site-content-layout":"","ast-site-content-layout":"","site-content-style":"default","site-sidebar-style":"default","ast-global-header-display":"","ast-banner-title-visibility":"","ast-main-header-display":"","ast-hfb-above-header-display":"","ast-hfb-below-header-display":"","ast-hfb-mobile-header-display":"","site-post-title":"","ast-breadcrumbs-content":"","ast-featured-img":"","footer-sml-layout":"","theme-transparent-header-meta":"","adv-header-id-meta":"","stick-header-meta":"","header-above-stick-meta":"","header-main-stick-meta":"","header-below-stick-meta":"","astra-migrate-meta-layouts":"default","ast-page-background-enabled":"default","ast-page-background-meta":{"desktop":{"background-color":"var(--ast-global-color-4)","background-image":"","background-repeat":"repeat","background-position":"center center","background-size":"auto","background-attachment":"scroll","background-type":"","background-media":"","overlay-type":"","overlay-color":"","overlay-gradient":""},"tablet":{"background-color":"","background-image":"","background-repeat":"repeat","background-position":"center center","background-size":"auto","background-attachment":"scroll","background-type":"","background-media":"","overlay-type":"","overlay-color":"","overlay-gradient":""},"mobile":{"background-color":"","background-image":"","background-repeat":"repeat","background-position":"center center","background-size":"auto","background-attachment":"scroll","background-type":"","background-media":"","overlay-type":"","overlay-color":"","overlay-gradient":""}},"ast-content-background-meta":{"desktop":{"background-color":"var(--ast-global-color-5)","background-image":"","background-repeat":"repeat","background-position":"center center","background-size":"auto","background-attachment":"scroll","background-type":"","background-media":"","overlay-type":"","overlay-color":"","overlay-gradient":""},"tablet":{"background-color":"var(--ast-global-color-5)","background-image":"","background-repeat":"repeat","background-position":"center center","background-size":"auto","background-attachment":"scroll","background-type":"","background-media":"","overlay-type":"","overlay-color":"","overlay-gradient":""},"mobile":{"background-color":"var(--ast-global-color-5)","background-image":"","background-repeat":"repeat","background-position":"center center","background-size":"auto","background-attachment":"scroll","background-type":"","background-media":"","overlay-type":"","overlay-color":"","overlay-gradient":""}},"footnotes":""},"categories":[147,1111],"tags":[158726,106611,22742,7798,83095,6549],"class_list":["post-73082","post","type-post","status-publish","format-standard","hentry","category-ciencias-de-las-artes-y-las-letras","category-teoria-analisis-y-critica-de-las-bellas-artes","tag-aurelia-mora-millan","tag-cuesta-garcia-de-leonardo-maria-jose","tag-maria-no-de-blas-ortega","tag-pedro-Martinez-sierra","tag-rita-del-rio-rodriguez","tag-rosa-maria-garceran-piqueras"],"_links":{"self":[{"href":"https:\/\/www.deberes.net\/tesis\/wp-json\/wp\/v2\/posts\/73082","targetHints":{"allow":["GET"]}}],"collection":[{"href":"https:\/\/www.deberes.net\/tesis\/wp-json\/wp\/v2\/posts"}],"about":[{"href":"https:\/\/www.deberes.net\/tesis\/wp-json\/wp\/v2\/types\/post"}],"author":[{"embeddable":true,"href":"https:\/\/www.deberes.net\/tesis\/wp-json\/wp\/v2\/users\/1"}],"replies":[{"embeddable":true,"href":"https:\/\/www.deberes.net\/tesis\/wp-json\/wp\/v2\/comments?post=73082"}],"version-history":[{"count":0,"href":"https:\/\/www.deberes.net\/tesis\/wp-json\/wp\/v2\/posts\/73082\/revisions"}],"wp:attachment":[{"href":"https:\/\/www.deberes.net\/tesis\/wp-json\/wp\/v2\/media?parent=73082"}],"wp:term":[{"taxonomy":"category","embeddable":true,"href":"https:\/\/www.deberes.net\/tesis\/wp-json\/wp\/v2\/categories?post=73082"},{"taxonomy":"post_tag","embeddable":true,"href":"https:\/\/www.deberes.net\/tesis\/wp-json\/wp\/v2\/tags?post=73082"}],"curies":[{"name":"wp","href":"https:\/\/api.w.org\/{rel}","templated":true}]}}