{"id":73085,"date":"2005-09-03T00:00:00","date_gmt":"2005-09-03T00:00:00","guid":{"rendered":"https:\/\/www.deberes.net\/tesis\/sin-categoria\/predictores-de-personalidad-que-determinan-la-movilidad-de-los-jovenes-en-la-comunidad-autonoma-de-madrid-en-la-union-europea\/"},"modified":"2005-09-03T00:00:00","modified_gmt":"2005-09-03T00:00:00","slug":"predictores-de-personalidad-que-determinan-la-movilidad-de-los-jovenes-en-la-comunidad-autonoma-de-madrid-en-la-union-europea","status":"publish","type":"post","link":"https:\/\/www.deberes.net\/tesis\/psicologia\/predictores-de-personalidad-que-determinan-la-movilidad-de-los-jovenes-en-la-comunidad-autonoma-de-madrid-en-la-union-europea\/","title":{"rendered":"Predictores de personalidad que determinan la movilidad de los j\u00f3venes en la comunidad aut\u00f3noma de Madrid en la uni\u00f3n europea."},"content":{"rendered":"<h2>Tesis doctoral de <strong>  Rejas Jimenez Madrid Pablo <\/strong><\/h2>\n<p>La uni\u00f3n europea, considera la movilidad como pilar del proceso de construcci\u00f3n y su fundamenta en ella para su evoluci\u00f3n, es por lo que, a trav\u00e9s de sus instituciones tratados, programas y acciones la contempla, estimula y potencia.  para los j\u00f3venes, la decisi\u00f3n de ir a estudiar , trabajar o vivir un tiempo en otro pa\u00eds de la uni\u00f3n europea es una decisi\u00f3n importante, para conocerla en toda su profundidad es necesario atender a m\u00faltiples aspectos interactivos entre los que consideramos que la personalidad tiene un papel prepoderante.Una persona se enfrenta al hecho de abordar cualquier circunstancia desde su manera o forma de ser, de sentir , de ver las cosas y el mundo, etc.  es por lo que en la presente investigaci\u00f3n se pretende conocer los rasgos de personalidad como factor influyente en la movilidad de los j\u00f3venes en al uni\u00f3n europea, estudiando no solo las teor\u00edas socioecon\u00f3micas , como se ha estudiado siempre el problema migratorio, sino desde las teor\u00edas psicosociales, con el objeto de ofrecer desde la psicolog\u00eda educativa, propuesta de mantenimiento, potenciaci\u00f3n , cambio o mejora de aquellos aspectos que la favorecen o no, con el fin de incrementar la movilidad de los j\u00f3venes , as\u00ed como encontrar las personas m\u00e1s adecuadas para trabajar en al uni\u00f3n europea de los funcionarios p\u00fablicos , empleados de entidades privadasa, etc. As\u00ed como trabajadores en comisi\u00f3n de servicios para alguna funci\u00f3n concreta y determinada.<\/p>\n<p>&nbsp;<\/p>\n<h3>Datos acad\u00e9micos de la tesis doctoral \u00ab<strong>Predictores de personalidad que determinan la movilidad de los j\u00f3venes en la comunidad aut\u00f3noma de Madrid en la uni\u00f3n europea.<\/strong>\u00ab<\/h3>\n<ul>\n<li><strong>T\u00edtulo de la tesis:<\/strong>\u00a0 Predictores de personalidad que determinan la movilidad de los j\u00f3venes en la comunidad aut\u00f3noma de Madrid en la uni\u00f3n europea. <\/li>\n<li><strong>Autor:<\/strong>\u00a0  Rejas Jimenez Madrid Pablo <\/li>\n<li><strong>Universidad:<\/strong>\u00a0 Complutense de Madrid<\/li>\n<li><strong>Fecha de lectura de la tesis:<\/strong>\u00a0 09\/03\/2005<\/li>\n<\/ul>\n<p>&nbsp;<\/p>\n<h3>Direcci\u00f3n y tribunal<\/h3>\n<ul>\n<li><strong>Director de la tesis<\/strong>\n<ul>\n<li>V\u00edctor Santiuste Bermejo<\/li>\n<\/ul>\n<\/li>\n<li><strong>Tribunal<\/strong>\n<ul>\n<li>Presidente del tribunal: Jes\u00fas Beltran llera <\/li>\n<li>agust\u00edn Dosil maceira (vocal)<\/li>\n<li>florencio Vicente castro (vocal)<\/li>\n<li>Mar\u00eda isabel Fajardo caldera (vocal)<\/li>\n<\/ul>\n<\/li>\n<\/ul>\n<p>&nbsp;<\/p>\n","protected":false},"excerpt":{"rendered":"<p>Tesis doctoral de Rejas Jimenez Madrid Pablo La uni\u00f3n europea, considera la movilidad como pilar del proceso de construcci\u00f3n y [&hellip;]<\/p>\n","protected":false},"author":1,"featured_media":0,"comment_status":"open","ping_status":"open","sticky":false,"template":"","format":"standard","meta":{"site-sidebar-layout":"default","site-content-layout":"","ast-site-content-layout":"","site-content-style":"default","site-sidebar-style":"default","ast-global-header-display":"","ast-banner-title-visibility":"","ast-main-header-display":"","ast-hfb-above-header-display":"","ast-hfb-below-header-display":"","ast-hfb-mobile-header-display":"","site-post-title":"","ast-breadcrumbs-content":"","ast-featured-img":"","footer-sml-layout":"","theme-transparent-header-meta":"","adv-header-id-meta":"","stick-header-meta":"","header-above-stick-meta":"","header-main-stick-meta":"","header-below-stick-meta":"","astra-migrate-meta-layouts":"default","ast-page-background-enabled":"default","ast-page-background-meta":{"desktop":{"background-color":"var(--ast-global-color-4)","background-image":"","background-repeat":"repeat","background-position":"center center","background-size":"auto","background-attachment":"scroll","background-type":"","background-media":"","overlay-type":"","overlay-color":"","overlay-gradient":""},"tablet":{"background-color":"","background-image":"","background-repeat":"repeat","background-position":"center center","background-size":"auto","background-attachment":"scroll","background-type":"","background-media":"","overlay-type":"","overlay-color":"","overlay-gradient":""},"mobile":{"background-color":"","background-image":"","background-repeat":"repeat","background-position":"center center","background-size":"auto","background-attachment":"scroll","background-type":"","background-media":"","overlay-type":"","overlay-color":"","overlay-gradient":""}},"ast-content-background-meta":{"desktop":{"background-color":"var(--ast-global-color-5)","background-image":"","background-repeat":"repeat","background-position":"center center","background-size":"auto","background-attachment":"scroll","background-type":"","background-media":"","overlay-type":"","overlay-color":"","overlay-gradient":""},"tablet":{"background-color":"var(--ast-global-color-5)","background-image":"","background-repeat":"repeat","background-position":"center center","background-size":"auto","background-attachment":"scroll","background-type":"","background-media":"","overlay-type":"","overlay-color":"","overlay-gradient":""},"mobile":{"background-color":"var(--ast-global-color-5)","background-image":"","background-repeat":"repeat","background-position":"center center","background-size":"auto","background-attachment":"scroll","background-type":"","background-media":"","overlay-type":"","overlay-color":"","overlay-gradient":""}},"footnotes":""},"categories":[324,970],"tags":[2760,7144,5136,56535,158732,18438],"class_list":["post-73085","post","type-post","status-publish","format-standard","hentry","category-psicologia","category-psicologia-del-nino-y-del-adolescente","tag-agustin-dosil-maceira","tag-florencio-vicente-castro","tag-jesus-beltran-llera","tag-maria-isabel-fajardo-caldera","tag-rejas-jimenez-madrid-pablo","tag-victor-santiuste-bermejo"],"_links":{"self":[{"href":"https:\/\/www.deberes.net\/tesis\/wp-json\/wp\/v2\/posts\/73085","targetHints":{"allow":["GET"]}}],"collection":[{"href":"https:\/\/www.deberes.net\/tesis\/wp-json\/wp\/v2\/posts"}],"about":[{"href":"https:\/\/www.deberes.net\/tesis\/wp-json\/wp\/v2\/types\/post"}],"author":[{"embeddable":true,"href":"https:\/\/www.deberes.net\/tesis\/wp-json\/wp\/v2\/users\/1"}],"replies":[{"embeddable":true,"href":"https:\/\/www.deberes.net\/tesis\/wp-json\/wp\/v2\/comments?post=73085"}],"version-history":[{"count":0,"href":"https:\/\/www.deberes.net\/tesis\/wp-json\/wp\/v2\/posts\/73085\/revisions"}],"wp:attachment":[{"href":"https:\/\/www.deberes.net\/tesis\/wp-json\/wp\/v2\/media?parent=73085"}],"wp:term":[{"taxonomy":"category","embeddable":true,"href":"https:\/\/www.deberes.net\/tesis\/wp-json\/wp\/v2\/categories?post=73085"},{"taxonomy":"post_tag","embeddable":true,"href":"https:\/\/www.deberes.net\/tesis\/wp-json\/wp\/v2\/tags?post=73085"}],"curies":[{"name":"wp","href":"https:\/\/api.w.org\/{rel}","templated":true}]}}