{"id":73093,"date":"2005-09-03T00:00:00","date_gmt":"2005-09-03T00:00:00","guid":{"rendered":"https:\/\/www.deberes.net\/tesis\/sin-categoria\/bandas-de-musica-del-distrito-maritimo\/"},"modified":"2005-09-03T00:00:00","modified_gmt":"2005-09-03T00:00:00","slug":"bandas-de-musica-del-distrito-maritimo","status":"publish","type":"post","link":"https:\/\/www.deberes.net\/tesis\/historia\/bandas-de-musica-del-distrito-maritimo\/","title":{"rendered":"Bandas de musica del distrito maritimo"},"content":{"rendered":"<h2>Tesis doctoral de <strong> Rafael Lafuente Avedillo <\/strong><\/h2>\n<p>La tesis doctoral bandas de m\u00fasica del distrito mar\u00edtimo aborda el estudio de las siguientes sociedades y bandas de m\u00fasica:  1. Patronato musical de pueblo nuevo del mar (1880-1933) denominada posteriormente ateneo musical del puerto (1933).  2. Sociedad uni\u00f3n musical de pescadores (1927).  3. Agrupaci\u00f3n musical santa cecilia del grao (1980).  4. Sociedad musical poblados mar\u00edtimos (1986).  5. Centre de m\u00fasica i dan\u00ed\u00a7a de natzaret (1984).  en ella se analiza la formaci\u00f3n y desarrollo de las mismas hasta el a\u00f1o 2000, desde una perspectiva interdisciplinar  que permite relacionar aspectos de diversa \u00edndole: hist\u00f3ricos, culturales, sociol\u00f3gicos, antropol\u00f3gicos, art\u00edsticos, etc.  dicha tesis la configuran:  introducci\u00f3n  cap\u00edtulo i:        los poblados mar\u00edtimos de Valencia.  cap\u00edtulo ii:       el nacimiento de la m\u00fasica en pueblo nuevo del mar (1894-1910).  cap\u00edtulo iii:      expansi\u00f3n, cert\u00e1menes y escisi\u00f3n (1910-1939).  cap\u00edtulo iv:       de la autarqu\u00eda a la reconstrucci\u00f3n (1939-1960).  cap\u00edtulo v:        desarrollismo econ\u00f3mico y estancamiento de la m\u00fasica de banda.  (1960-1975).  cap\u00edtulo vi:       democracia y apogeo de la m\u00fasica de banda en el mar\u00edtimo (1975-2000).  acompa\u00f1\u00e1ndose de las correspondientes conclusiones, las fuentes y bibliograf\u00eda, de la informaci\u00f3n complementaria recogida en los anexos, adem\u00e1s de una cronolog\u00eda comparada a la que sigue una recopilaci\u00f3n de ilustraciones.<\/p>\n<p>&nbsp;<\/p>\n<h3>Datos acad\u00e9micos de la tesis doctoral \u00ab<strong>Bandas de musica del distrito maritimo<\/strong>\u00ab<\/h3>\n<ul>\n<li><strong>T\u00edtulo de la tesis:<\/strong>\u00a0 Bandas de musica del distrito maritimo <\/li>\n<li><strong>Autor:<\/strong>\u00a0 Rafael Lafuente Avedillo <\/li>\n<li><strong>Universidad:<\/strong>\u00a0 Universitat de val\u00e9ncia (estudi general)<\/li>\n<li><strong>Fecha de lectura de la tesis:<\/strong>\u00a0 09\/03\/2005<\/li>\n<\/ul>\n<p>&nbsp;<\/p>\n<h3>Direcci\u00f3n y tribunal<\/h3>\n<ul>\n<li><strong>Director de la tesis<\/strong>\n<ul>\n<li>Josep M Vives Ramiro<\/li>\n<\/ul>\n<\/li>\n<li><strong>Tribunal<\/strong>\n<ul>\n<li>Presidente del tribunal: manuel Perez gil <\/li>\n<li>Manuel Oliver narbona (vocal)<\/li>\n<li>Miguel Molina alarc\u00f3n (vocal)<\/li>\n<li>Andr\u00e9s Piqueras  infante (vocal)<\/li>\n<\/ul>\n<\/li>\n<\/ul>\n<p>&nbsp;<\/p>\n","protected":false},"excerpt":{"rendered":"<p>Tesis doctoral de Rafael Lafuente Avedillo La tesis doctoral bandas de m\u00fasica del distrito mar\u00edtimo aborda el estudio de las [&hellip;]<\/p>\n","protected":false},"author":1,"featured_media":0,"comment_status":"open","ping_status":"open","sticky":false,"template":"","format":"standard","meta":{"site-sidebar-layout":"default","site-content-layout":"","ast-site-content-layout":"","site-content-style":"default","site-sidebar-style":"default","ast-global-header-display":"","ast-banner-title-visibility":"","ast-main-header-display":"","ast-hfb-above-header-display":"","ast-hfb-below-header-display":"","ast-hfb-mobile-header-display":"","site-post-title":"","ast-breadcrumbs-content":"","ast-featured-img":"","footer-sml-layout":"","theme-transparent-header-meta":"","adv-header-id-meta":"","stick-header-meta":"","header-above-stick-meta":"","header-main-stick-meta":"","header-below-stick-meta":"","astra-migrate-meta-layouts":"default","ast-page-background-enabled":"default","ast-page-background-meta":{"desktop":{"background-color":"var(--ast-global-color-4)","background-image":"","background-repeat":"repeat","background-position":"center center","background-size":"auto","background-attachment":"scroll","background-type":"","background-media":"","overlay-type":"","overlay-color":"","overlay-gradient":""},"tablet":{"background-color":"","background-image":"","background-repeat":"repeat","background-position":"center center","background-size":"auto","background-attachment":"scroll","background-type":"","background-media":"","overlay-type":"","overlay-color":"","overlay-gradient":""},"mobile":{"background-color":"","background-image":"","background-repeat":"repeat","background-position":"center center","background-size":"auto","background-attachment":"scroll","background-type":"","background-media":"","overlay-type":"","overlay-color":"","overlay-gradient":""}},"ast-content-background-meta":{"desktop":{"background-color":"var(--ast-global-color-5)","background-image":"","background-repeat":"repeat","background-position":"center center","background-size":"auto","background-attachment":"scroll","background-type":"","background-media":"","overlay-type":"","overlay-color":"","overlay-gradient":""},"tablet":{"background-color":"var(--ast-global-color-5)","background-image":"","background-repeat":"repeat","background-position":"center center","background-size":"auto","background-attachment":"scroll","background-type":"","background-media":"","overlay-type":"","overlay-color":"","overlay-gradient":""},"mobile":{"background-color":"var(--ast-global-color-5)","background-image":"","background-repeat":"repeat","background-position":"center center","background-size":"auto","background-attachment":"scroll","background-type":"","background-media":"","overlay-type":"","overlay-color":"","overlay-gradient":""}},"footnotes":""},"categories":[104,1816,7632,220,222],"tags":[158748,125786,2725,103909,31322,158747],"class_list":["post-73093","post","type-post","status-publish","format-standard","hentry","category-historia","category-historia-contemporanea","category-historia-de-la-musica","category-historia-por-epocas","category-historias-especializadas","tag-andres-piqueras-infante","tag-josep-m-vives-ramiro","tag-manuel-oliver-narbona","tag-manuel-perez-gil","tag-miguel-molina-alarcon","tag-rafael-lafuente-avedillo"],"_links":{"self":[{"href":"https:\/\/www.deberes.net\/tesis\/wp-json\/wp\/v2\/posts\/73093","targetHints":{"allow":["GET"]}}],"collection":[{"href":"https:\/\/www.deberes.net\/tesis\/wp-json\/wp\/v2\/posts"}],"about":[{"href":"https:\/\/www.deberes.net\/tesis\/wp-json\/wp\/v2\/types\/post"}],"author":[{"embeddable":true,"href":"https:\/\/www.deberes.net\/tesis\/wp-json\/wp\/v2\/users\/1"}],"replies":[{"embeddable":true,"href":"https:\/\/www.deberes.net\/tesis\/wp-json\/wp\/v2\/comments?post=73093"}],"version-history":[{"count":0,"href":"https:\/\/www.deberes.net\/tesis\/wp-json\/wp\/v2\/posts\/73093\/revisions"}],"wp:attachment":[{"href":"https:\/\/www.deberes.net\/tesis\/wp-json\/wp\/v2\/media?parent=73093"}],"wp:term":[{"taxonomy":"category","embeddable":true,"href":"https:\/\/www.deberes.net\/tesis\/wp-json\/wp\/v2\/categories?post=73093"},{"taxonomy":"post_tag","embeddable":true,"href":"https:\/\/www.deberes.net\/tesis\/wp-json\/wp\/v2\/tags?post=73093"}],"curies":[{"name":"wp","href":"https:\/\/api.w.org\/{rel}","templated":true}]}}