{"id":73206,"date":"2018-03-09T23:18:06","date_gmt":"2018-03-09T23:18:06","guid":{"rendered":"https:\/\/www.deberes.net\/tesis\/sin-categoria\/caracterizacion-estocastica-de-la-realizacion-espacio-temporal-de-eventos-hidrologicos-extremos-de-sequa%c2%adas\/"},"modified":"2018-03-09T23:18:06","modified_gmt":"2018-03-09T23:18:06","slug":"caracterizacion-estocastica-de-la-realizacion-espacio-temporal-de-eventos-hidrologicos-extremos-de-sequa%c2%adas","status":"publish","type":"post","link":"https:\/\/www.deberes.net\/tesis\/ciencias-de-la-tierra-y-del-espacio\/caracterizacion-estocastica-de-la-realizacion-espacio-temporal-de-eventos-hidrologicos-extremos-de-sequa%c2%adas\/","title":{"rendered":"Caracterizaci\u00f3n estoc\u00e1stica de la realizaci\u00f3n espacio-temporal de eventos hidrol\u00f3gicos extremos de sequ\u00edas."},"content":{"rendered":"<h2>Tesis doctoral de <strong> Javier Gonz\u00e1lez P\u00e9rez <\/strong><\/h2>\n<p>Las sequ\u00edas se consideran como uno de los principales riesgos naturales del planeta. Sus efectos se cuantifican en graves da\u00f1os sobre al medio ambiente, la econom\u00eda o la sociedad. Las realizaciones de sequ\u00edas afectan a todos los sistemas, naturales y artificiales, usuarios del agua. En este sentido, son m\u00faltiples las facetas que las sequ\u00edas tienen y muy variados los da\u00f1os que pueden producir, dependiendo de la vulnerabilidad de cada sistema. Sin embargo, todas las afecciones producidas tienen un origen com\u00fan, encontrado en la realizaci\u00f3n de un evento natural extraordinario, que se repite con poca frecuencia en el tiempo, y provoca una reducci\u00f3n en la presencia de agua, persistente y extensa. Este fen\u00f3meno, dada la incapacidad para su predicci\u00f3n, encuentra en el tratamiento estad\u00edstico y estoc\u00e1stico de fen\u00f3menos aleatorios extremos su v\u00eda natural de an\u00e1lisis.  aqu\u00ed se presenta una metodolog\u00eda para la caracterizaci\u00f3n estoc\u00e1stica de los eventos hidrol\u00f3gicos extremos de sequ\u00eda de acuerdo a su naturaleza aleatoria. La metodolog\u00eda se basa en la caracterizaci\u00f3n de las desviaciones persistentes extremas de una variable aleatoria, con respecto a su r\u00e9gimen de variaci\u00f3n normal. Esta caracterizaci\u00f3n se cuantifica en la forma de la frecuencia media de recurrencia, y da lugar a la definici\u00f3n de un nuevo \u00edndice de sequ\u00edas: el \u00edndice de frecuencia de sequ\u00edas (ifs). El \u00edndice permite el estudio y evaluaci\u00f3n de sequ\u00eda sobre cualquier variable hidro-clim\u00e1tica aleatoria, en la que se manifieste el efecto de las sequ\u00edas. La metodolog\u00eda se complementa con una sistem\u00e1tica que permite el an\u00e1lisis de las sequ\u00edas en su desarrollo espacio-temporal, a trav\u00e9s de la elaboraci\u00f3n de mapas de  ifs. Ello hace posible caracterizar, desde un punto de vista estoc\u00e1stico, la realizaci\u00f3n de eventos de sequ\u00eda, incorporando en el an\u00e1lisis el car\u00e1cter extraordinario manifestado en su comportamiento persistente y extenso. el ifs n<\/p>\n<p>&nbsp;<\/p>\n<h3>Datos acad\u00e9micos de la tesis doctoral \u00ab<strong>Caracterizaci\u00f3n estoc\u00e1stica de la realizaci\u00f3n espacio-temporal de eventos hidrol\u00f3gicos extremos de sequ\u00edas.<\/strong>\u00ab<\/h3>\n<ul>\n<li><strong>T\u00edtulo de la tesis:<\/strong>\u00a0 Caracterizaci\u00f3n estoc\u00e1stica de la realizaci\u00f3n espacio-temporal de eventos hidrol\u00f3gicos extremos de sequ\u00edas. <\/li>\n<li><strong>Autor:<\/strong>\u00a0 Javier Gonz\u00e1lez P\u00e9rez <\/li>\n<li><strong>Universidad:<\/strong>\u00a0 Polit\u00e9cnica de Valencia<\/li>\n<li><strong>Fecha de lectura de la tesis:<\/strong>\u00a0 14\/03\/2005<\/li>\n<\/ul>\n<p>&nbsp;<\/p>\n<h3>Direcci\u00f3n y tribunal<\/h3>\n<ul>\n<li><strong>Director de la tesis<\/strong>\n<ul>\n<li> Marco Segura Juan  Bautista<\/li>\n<\/ul>\n<\/li>\n<li><strong>Tribunal<\/strong>\n<ul>\n<li>Presidente del tribunal: jos\u00e9 Rold\u00e1n ca\u00f1as <\/li>\n<li>josep Dolz ripoll\u00e9s (vocal)<\/li>\n<li>b Valdes Juan (vocal)<\/li>\n<li> Franc\u00e9s Garc\u00eda f\u00e9lix ram\u00f3n (vocal)<\/li>\n<\/ul>\n<\/li>\n<\/ul>\n<p>&nbsp;<\/p>\n","protected":false},"excerpt":{"rendered":"<p>Tesis doctoral de Javier Gonz\u00e1lez P\u00e9rez Las sequ\u00edas se consideran como uno de los principales riesgos naturales del planeta. Sus [&hellip;]<\/p>\n","protected":false},"author":1,"featured_media":0,"comment_status":"open","ping_status":"open","sticky":false,"template":"","format":"standard","meta":{"site-sidebar-layout":"default","site-content-layout":"","ast-site-content-layout":"","site-content-style":"default","site-sidebar-style":"default","ast-global-header-display":"","ast-banner-title-visibility":"","ast-main-header-display":"","ast-hfb-above-header-display":"","ast-hfb-below-header-display":"","ast-hfb-mobile-header-display":"","site-post-title":"","ast-breadcrumbs-content":"","ast-featured-img":"","footer-sml-layout":"","theme-transparent-header-meta":"","adv-header-id-meta":"","stick-header-meta":"","header-above-stick-meta":"","header-main-stick-meta":"","header-below-stick-meta":"","astra-migrate-meta-layouts":"default","ast-page-background-enabled":"default","ast-page-background-meta":{"desktop":{"background-color":"var(--ast-global-color-4)","background-image":"","background-repeat":"repeat","background-position":"center center","background-size":"auto","background-attachment":"scroll","background-type":"","background-media":"","overlay-type":"","overlay-color":"","overlay-gradient":""},"tablet":{"background-color":"","background-image":"","background-repeat":"repeat","background-position":"center center","background-size":"auto","background-attachment":"scroll","background-type":"","background-media":"","overlay-type":"","overlay-color":"","overlay-gradient":""},"mobile":{"background-color":"","background-image":"","background-repeat":"repeat","background-position":"center center","background-size":"auto","background-attachment":"scroll","background-type":"","background-media":"","overlay-type":"","overlay-color":"","overlay-gradient":""}},"ast-content-background-meta":{"desktop":{"background-color":"var(--ast-global-color-5)","background-image":"","background-repeat":"repeat","background-position":"center center","background-size":"auto","background-attachment":"scroll","background-type":"","background-media":"","overlay-type":"","overlay-color":"","overlay-gradient":""},"tablet":{"background-color":"var(--ast-global-color-5)","background-image":"","background-repeat":"repeat","background-position":"center center","background-size":"auto","background-attachment":"scroll","background-type":"","background-media":"","overlay-type":"","overlay-color":"","overlay-gradient":""},"mobile":{"background-color":"var(--ast-global-color-5)","background-image":"","background-repeat":"repeat","background-position":"center center","background-size":"auto","background-attachment":"scroll","background-type":"","background-media":"","overlay-type":"","overlay-color":"","overlay-gradient":""}},"footnotes":""},"categories":[27,1666,3020,16820],"tags":[158975,80012,147929,1985,15657,60041],"class_list":["post-73206","post","type-post","status-publish","format-standard","hentry","category-ciencias-de-la-tierra-y-del-espacio","category-hidrologia","category-humedad-del-suelo","category-politecnica-de-valencia","tag-b-valdes-juan","tag-frances-garcia-felix-ramon","tag-javier-gonzalez-perez","tag-jose-roldan-canas","tag-josep-dolz-ripolles","tag-marco-segura-juan-bautista"],"_links":{"self":[{"href":"https:\/\/www.deberes.net\/tesis\/wp-json\/wp\/v2\/posts\/73206","targetHints":{"allow":["GET"]}}],"collection":[{"href":"https:\/\/www.deberes.net\/tesis\/wp-json\/wp\/v2\/posts"}],"about":[{"href":"https:\/\/www.deberes.net\/tesis\/wp-json\/wp\/v2\/types\/post"}],"author":[{"embeddable":true,"href":"https:\/\/www.deberes.net\/tesis\/wp-json\/wp\/v2\/users\/1"}],"replies":[{"embeddable":true,"href":"https:\/\/www.deberes.net\/tesis\/wp-json\/wp\/v2\/comments?post=73206"}],"version-history":[{"count":0,"href":"https:\/\/www.deberes.net\/tesis\/wp-json\/wp\/v2\/posts\/73206\/revisions"}],"wp:attachment":[{"href":"https:\/\/www.deberes.net\/tesis\/wp-json\/wp\/v2\/media?parent=73206"}],"wp:term":[{"taxonomy":"category","embeddable":true,"href":"https:\/\/www.deberes.net\/tesis\/wp-json\/wp\/v2\/categories?post=73206"},{"taxonomy":"post_tag","embeddable":true,"href":"https:\/\/www.deberes.net\/tesis\/wp-json\/wp\/v2\/tags?post=73206"}],"curies":[{"name":"wp","href":"https:\/\/api.w.org\/{rel}","templated":true}]}}