{"id":73235,"date":"2018-03-09T23:18:06","date_gmt":"2018-03-09T23:18:06","guid":{"rendered":"https:\/\/www.deberes.net\/tesis\/sin-categoria\/la-capilla-del-camino-de-santiago-de-saenz-de-oiza-romani-y-oteiza-analisis-desde-la-vision-de-saenz-de-oiza\/"},"modified":"2018-03-09T23:18:06","modified_gmt":"2018-03-09T23:18:06","slug":"la-capilla-del-camino-de-santiago-de-saenz-de-oiza-romani-y-oteiza-analisis-desde-la-vision-de-saenz-de-oiza","status":"publish","type":"post","link":"https:\/\/www.deberes.net\/tesis\/ciencias-de-las-artes-y-las-letras\/la-capilla-del-camino-de-santiago-de-saenz-de-oiza-romani-y-oteiza-analisis-desde-la-vision-de-saenz-de-oiza\/","title":{"rendered":"La capilla del camino de santiago de saenz de oiza, romani y oteiza. analisis desde la vision de saenz de oiza."},"content":{"rendered":"<h2>Tesis doctoral de <strong> Francisco Javier Saenz Guerra <\/strong><\/h2>\n<p>El proyecto de la capilla en el camino de santiago es fruto de la colaboraci\u00f3n entre los arquitectos francisco javier s\u00e1enz de o\u00edza, jos\u00e9 luis roman\u00ed aranda y el escultor jorge oteiza. Nunca pas\u00f3 de ser un proyecto so\u00f1ado. fue premio nacional de arquitectura en 1.954, y se cumplen ahora por tanto cincuenta a\u00f1os de la propuesta premiada.  la imagen conocida de este proyecto es, en nuestras fechas, la presentada en la excelente monograf\u00eda de la revista el croquis n\u00fameros 32-33, de abril de 1.988. Es una imagen de la capilla en un campo de trigos. Sucede que est\u00e1 presentada en blanco y negro, y el original es en color. Retomaremos la \u00fanica documentaci\u00f3n existente, que es la publicada en la revista nacional de arquitectura n\u00famero 161 de mayo de 1.955, y a partir de su estudio surgir\u00e1n m\u00faltiples l\u00edneas de trabajo que nos conducen a entender esta propuesta en una dimensi\u00f3n muy compleja. En los inicios de esta t\u00e9sis, tenemos como fuentes originales a los tres autores vivos, pero en diferentes circunstancias personales. Forma parte de la b\u00fasqueda del punto de partida, las diferentes entrevistas a s\u00e1enz de o\u00edza, en las que responde a preguntas sobre el proyecto en cuesti\u00f3n.  el ministerio de fomento realiza para los a\u00f1os 2.004 y 2.005 un ambicioso proyecto de reconsiderar algunas arquitecturas que no han llegado a construirse, o que han desaparecido, y entre ellos , el proyecto de la capilla. Es una iniciativa tomada hace m\u00e1s de siete a\u00f1os, que es origen de esta t\u00e9sis, y que en estos momentos comienza a cristalizar con dicha exposici\u00f3n.  la t\u00e9sis enfoca el proyecto desde la figura de s\u00e1enz de o\u00edza, con objeto de hacer ver c\u00f3mo esa manera compleja de entender el hecho arquitect\u00f3nico, personal, culta, de m\u00faltiples referencias, de alguna manera ecl\u00e9ctica y heterodoxa, est\u00e1 ya presente en este proyecto de juventud. No obstante, se hace especial \u00e9nfasis en la figura del escultor vasco, aportando cartas personales<\/p>\n<p>&nbsp;<\/p>\n<h3>Datos acad\u00e9micos de la tesis doctoral \u00ab<strong>La capilla del camino de santiago de saenz de oiza, romani y oteiza. analisis desde la vision de saenz de oiza.<\/strong>\u00ab<\/h3>\n<ul>\n<li><strong>T\u00edtulo de la tesis:<\/strong>\u00a0 La capilla del camino de santiago de saenz de oiza, romani y oteiza. analisis desde la vision de saenz de oiza. <\/li>\n<li><strong>Autor:<\/strong>\u00a0 Francisco Javier Saenz Guerra <\/li>\n<li><strong>Universidad:<\/strong>\u00a0 Polit\u00e9cnica de Madrid<\/li>\n<li><strong>Fecha de lectura de la tesis:<\/strong>\u00a0 15\/03\/2005<\/li>\n<\/ul>\n<p>&nbsp;<\/p>\n<h3>Direcci\u00f3n y tribunal<\/h3>\n<ul>\n<li><strong>Director de la tesis<\/strong>\n<ul>\n<li>Juan Navarro Baldeweg<\/li>\n<\/ul>\n<\/li>\n<li><strong>Tribunal<\/strong>\n<ul>\n<li>Presidente del tribunal: manuel De las casas g\u00f3mez <\/li>\n<li>Manuel De sola morales rubio (vocal)<\/li>\n<li>Rafael Moneo valles (vocal)<\/li>\n<li> Hernandez de leon Juan  Miguel (vocal)<\/li>\n<\/ul>\n<\/li>\n<\/ul>\n<p>&nbsp;<\/p>\n","protected":false},"excerpt":{"rendered":"<p>Tesis doctoral de Francisco Javier Saenz Guerra El proyecto de la capilla en el camino de santiago es fruto de [&hellip;]<\/p>\n","protected":false},"author":1,"featured_media":0,"comment_status":"open","ping_status":"open","sticky":false,"template":"","format":"standard","meta":{"site-sidebar-layout":"default","site-content-layout":"","ast-site-content-layout":"","site-content-style":"default","site-sidebar-style":"default","ast-global-header-display":"","ast-banner-title-visibility":"","ast-main-header-display":"","ast-hfb-above-header-display":"","ast-hfb-below-header-display":"","ast-hfb-mobile-header-display":"","site-post-title":"","ast-breadcrumbs-content":"","ast-featured-img":"","footer-sml-layout":"","theme-transparent-header-meta":"","adv-header-id-meta":"","stick-header-meta":"","header-above-stick-meta":"","header-main-stick-meta":"","header-below-stick-meta":"","astra-migrate-meta-layouts":"default","ast-page-background-enabled":"default","ast-page-background-meta":{"desktop":{"background-color":"var(--ast-global-color-4)","background-image":"","background-repeat":"repeat","background-position":"center center","background-size":"auto","background-attachment":"scroll","background-type":"","background-media":"","overlay-type":"","overlay-color":"","overlay-gradient":""},"tablet":{"background-color":"","background-image":"","background-repeat":"repeat","background-position":"center center","background-size":"auto","background-attachment":"scroll","background-type":"","background-media":"","overlay-type":"","overlay-color":"","overlay-gradient":""},"mobile":{"background-color":"","background-image":"","background-repeat":"repeat","background-position":"center center","background-size":"auto","background-attachment":"scroll","background-type":"","background-media":"","overlay-type":"","overlay-color":"","overlay-gradient":""}},"ast-content-background-meta":{"desktop":{"background-color":"var(--ast-global-color-5)","background-image":"","background-repeat":"repeat","background-position":"center center","background-size":"auto","background-attachment":"scroll","background-type":"","background-media":"","overlay-type":"","overlay-color":"","overlay-gradient":""},"tablet":{"background-color":"var(--ast-global-color-5)","background-image":"","background-repeat":"repeat","background-position":"center center","background-size":"auto","background-attachment":"scroll","background-type":"","background-media":"","overlay-type":"","overlay-color":"","overlay-gradient":""},"mobile":{"background-color":"var(--ast-global-color-5)","background-image":"","background-repeat":"repeat","background-position":"center center","background-size":"auto","background-attachment":"scroll","background-type":"","background-media":"","overlay-type":"","overlay-color":"","overlay-gradient":""}},"footnotes":""},"categories":[4509,147,12564,16008],"tags":[159039,123815,16813,15803,15682,15956],"class_list":["post-73235","post","type-post","status-publish","format-standard","hentry","category-arquitectura","category-ciencias-de-las-artes-y-las-letras","category-diseno-arquitectonico","category-politecnica-de-madrid","tag-francisco-javier-saenz-guerra","tag-hernandez-de-leon-juan-miguel","tag-juan-navarro-baldeweg","tag-manuel-de-las-casas-gomez","tag-manuel-de-sola-morales-rubio","tag-rafael-moneo-valles"],"_links":{"self":[{"href":"https:\/\/www.deberes.net\/tesis\/wp-json\/wp\/v2\/posts\/73235","targetHints":{"allow":["GET"]}}],"collection":[{"href":"https:\/\/www.deberes.net\/tesis\/wp-json\/wp\/v2\/posts"}],"about":[{"href":"https:\/\/www.deberes.net\/tesis\/wp-json\/wp\/v2\/types\/post"}],"author":[{"embeddable":true,"href":"https:\/\/www.deberes.net\/tesis\/wp-json\/wp\/v2\/users\/1"}],"replies":[{"embeddable":true,"href":"https:\/\/www.deberes.net\/tesis\/wp-json\/wp\/v2\/comments?post=73235"}],"version-history":[{"count":0,"href":"https:\/\/www.deberes.net\/tesis\/wp-json\/wp\/v2\/posts\/73235\/revisions"}],"wp:attachment":[{"href":"https:\/\/www.deberes.net\/tesis\/wp-json\/wp\/v2\/media?parent=73235"}],"wp:term":[{"taxonomy":"category","embeddable":true,"href":"https:\/\/www.deberes.net\/tesis\/wp-json\/wp\/v2\/categories?post=73235"},{"taxonomy":"post_tag","embeddable":true,"href":"https:\/\/www.deberes.net\/tesis\/wp-json\/wp\/v2\/tags?post=73235"}],"curies":[{"name":"wp","href":"https:\/\/api.w.org\/{rel}","templated":true}]}}