{"id":73239,"date":"2018-03-09T23:18:06","date_gmt":"2018-03-09T23:18:06","guid":{"rendered":"https:\/\/www.deberes.net\/tesis\/sin-categoria\/desplazamientos-y-recorridos-a-traves-del-land-art-en-fina-miralles-y-a-ngels-ribe-en-la-decada-de-los-setenta\/"},"modified":"2018-03-09T23:18:06","modified_gmt":"2018-03-09T23:18:06","slug":"desplazamientos-y-recorridos-a-traves-del-land-art-en-fina-miralles-y-a-ngels-ribe-en-la-decada-de-los-setenta","status":"publish","type":"post","link":"https:\/\/www.deberes.net\/tesis\/ciencias-de-las-artes-y-las-letras\/desplazamientos-y-recorridos-a-traves-del-land-art-en-fina-miralles-y-a-ngels-ribe-en-la-decada-de-los-setenta\/","title":{"rendered":"Desplazamientos y recorridos a trav\u00e9s del land art en  fina miralles y \u00c1\u00a0ngels rib\u00e9 -en la d\u00e9cada de los setenta-"},"content":{"rendered":"<h2>Tesis doctoral de <strong>  Mora Mart\u00ed Laura De La <\/strong><\/h2>\n<p>La presente investigaci\u00f3n enmarca dentro del contexto cultural de la espa\u00f1a de la d\u00e9cada de los a\u00f1os 70, al arte conceptual que engloba al cuerpo como soporte art\u00edstico en la intervenci\u00f3n en la naturaleza: body-nature-work, concretamente a trav\u00e9s de las performances y de la intervenciones bien sea como escultura o como instalaci\u00f3n.  dos son las artistas tema que nos ocupan: \u00ed\u00a0ngels rib\u00e9, qui\u00e9n ya en el 69 realiza obras con caracter\u00edsticas que la ubican en el land art europeo, y fina miralles, qui\u00e9n es la pionera del cos -natura o body- nature- works y que por la cronolog\u00eda de dichas obras las colocan contempor\u00e1neas de ana mendieta, a la que se le adjudica el ser pionera.  nuestro objetivo central ser\u00e1 destacar la omisi\u00f3n que la historia del arte en cuanto al land art europeo y espec\u00edficamente espa\u00f1ol, ha efectuado en relaci\u00f3n a dos land artists catalanas, orientado a que sean incluidas en ediciones revisadas de textos alusivos o en los que a partir de dicha fecha se generen tanto en el tema del land art, como en los performances catal\u00e1n y espa\u00f1ol.  tambi\u00e9n, referimos obras de distintos tratamientos del cuerpo y profundizamos en las realizaciones de gina pane, ana mendieta y vali\u00e9 export, por ser creadoras que coinciden en visiones y planteamientos con los de \u00ed\u00a0ngels rib\u00e9 y fina miralles.  del  mismo modo, trataremos las caracter\u00edsticas que definen al land art europeo, destacaremos aquellas que lo diferencian del americano, y que las colocan dentro de aquel g\u00e9nero del arte, refiriendo en espec\u00edfico la sobras de andy goldsworthy, richard long, guisseppe penone y en contraste por algunas de sus apreciaciones al estadounidense robert smithson. Y de todos ellos, y otros como: vanessa beecroft y de los mexicanos carmen neuhauss arvizu, yolanda guti\u00e9rrez, omar gonz\u00e1lez y reto morder, que tambi\u00e9n cuentan con puntos de encuentro  tem\u00e1ticos, formales o de propuesta en sus obras con la de fina miralles y \u00ed\u00a0ngels ri<\/p>\n<p>&nbsp;<\/p>\n<h3>Datos acad\u00e9micos de la tesis doctoral \u00ab<strong>Desplazamientos y recorridos a trav\u00e9s del land art en  fina miralles y \u00c1\u00a0ngels rib\u00e9 -en la d\u00e9cada de los setenta-<\/strong>\u00ab<\/h3>\n<ul>\n<li><strong>T\u00edtulo de la tesis:<\/strong>\u00a0 Desplazamientos y recorridos a trav\u00e9s del land art en  fina miralles y \u00c1\u00a0ngels rib\u00e9 -en la d\u00e9cada de los setenta- <\/li>\n<li><strong>Autor:<\/strong>\u00a0  Mora Mart\u00ed Laura De La <\/li>\n<li><strong>Universidad:<\/strong>\u00a0 Polit\u00e9cnica de Valencia<\/li>\n<li><strong>Fecha de lectura de la tesis:<\/strong>\u00a0 15\/03\/2005<\/li>\n<\/ul>\n<p>&nbsp;<\/p>\n<h3>Direcci\u00f3n y tribunal<\/h3>\n<ul>\n<li><strong>Director de la tesis<\/strong>\n<ul>\n<li>Teresa Chafer Bixquert<\/li>\n<\/ul>\n<\/li>\n<li><strong>Tribunal<\/strong>\n<ul>\n<li>Presidente del tribunal:  Calle de la calle roma de la <\/li>\n<li>mart\u00ed Peran rafart (vocal)<\/li>\n<li>Fernando Aranda navarro (vocal)<\/li>\n<li> Monle\u00f3n pradas Elena edith (vocal)<\/li>\n<\/ul>\n<\/li>\n<\/ul>\n<p>&nbsp;<\/p>\n","protected":false},"excerpt":{"rendered":"<p>Tesis doctoral de Mora Mart\u00ed Laura De La La presente investigaci\u00f3n enmarca dentro del contexto cultural de la espa\u00f1a de [&hellip;]<\/p>\n","protected":false},"author":1,"featured_media":0,"comment_status":"open","ping_status":"open","sticky":false,"template":"","format":"standard","meta":{"site-sidebar-layout":"default","site-content-layout":"","ast-site-content-layout":"","site-content-style":"default","site-sidebar-style":"default","ast-global-header-display":"","ast-banner-title-visibility":"","ast-main-header-display":"","ast-hfb-above-header-display":"","ast-hfb-below-header-display":"","ast-hfb-mobile-header-display":"","site-post-title":"","ast-breadcrumbs-content":"","ast-featured-img":"","footer-sml-layout":"","theme-transparent-header-meta":"","adv-header-id-meta":"","stick-header-meta":"","header-above-stick-meta":"","header-main-stick-meta":"","header-below-stick-meta":"","astra-migrate-meta-layouts":"default","ast-page-background-enabled":"default","ast-page-background-meta":{"desktop":{"background-color":"var(--ast-global-color-4)","background-image":"","background-repeat":"repeat","background-position":"center center","background-size":"auto","background-attachment":"scroll","background-type":"","background-media":"","overlay-type":"","overlay-color":"","overlay-gradient":""},"tablet":{"background-color":"","background-image":"","background-repeat":"repeat","background-position":"center center","background-size":"auto","background-attachment":"scroll","background-type":"","background-media":"","overlay-type":"","overlay-color":"","overlay-gradient":""},"mobile":{"background-color":"","background-image":"","background-repeat":"repeat","background-position":"center center","background-size":"auto","background-attachment":"scroll","background-type":"","background-media":"","overlay-type":"","overlay-color":"","overlay-gradient":""}},"ast-content-background-meta":{"desktop":{"background-color":"var(--ast-global-color-5)","background-image":"","background-repeat":"repeat","background-position":"center center","background-size":"auto","background-attachment":"scroll","background-type":"","background-media":"","overlay-type":"","overlay-color":"","overlay-gradient":""},"tablet":{"background-color":"var(--ast-global-color-5)","background-image":"","background-repeat":"repeat","background-position":"center center","background-size":"auto","background-attachment":"scroll","background-type":"","background-media":"","overlay-type":"","overlay-color":"","overlay-gradient":""},"mobile":{"background-color":"var(--ast-global-color-5)","background-image":"","background-repeat":"repeat","background-position":"center center","background-size":"auto","background-attachment":"scroll","background-type":"","background-media":"","overlay-type":"","overlay-color":"","overlay-gradient":""}},"footnotes":""},"categories":[147,16820,1111],"tags":[133286,30264,41730,31326,159046,16875],"class_list":["post-73239","post","type-post","status-publish","format-standard","hentry","category-ciencias-de-las-artes-y-las-letras","category-politecnica-de-valencia","category-teoria-analisis-y-critica-de-las-bellas-artes","tag-calle-de-la-calle-roma-de-la","tag-fernando-aranda-navarro","tag-marti-peran-rafart","tag-monleon-pradas-elena-edith","tag-mora-marti-laura-de-la","tag-teresa-chafer-bixquert"],"_links":{"self":[{"href":"https:\/\/www.deberes.net\/tesis\/wp-json\/wp\/v2\/posts\/73239","targetHints":{"allow":["GET"]}}],"collection":[{"href":"https:\/\/www.deberes.net\/tesis\/wp-json\/wp\/v2\/posts"}],"about":[{"href":"https:\/\/www.deberes.net\/tesis\/wp-json\/wp\/v2\/types\/post"}],"author":[{"embeddable":true,"href":"https:\/\/www.deberes.net\/tesis\/wp-json\/wp\/v2\/users\/1"}],"replies":[{"embeddable":true,"href":"https:\/\/www.deberes.net\/tesis\/wp-json\/wp\/v2\/comments?post=73239"}],"version-history":[{"count":0,"href":"https:\/\/www.deberes.net\/tesis\/wp-json\/wp\/v2\/posts\/73239\/revisions"}],"wp:attachment":[{"href":"https:\/\/www.deberes.net\/tesis\/wp-json\/wp\/v2\/media?parent=73239"}],"wp:term":[{"taxonomy":"category","embeddable":true,"href":"https:\/\/www.deberes.net\/tesis\/wp-json\/wp\/v2\/categories?post=73239"},{"taxonomy":"post_tag","embeddable":true,"href":"https:\/\/www.deberes.net\/tesis\/wp-json\/wp\/v2\/tags?post=73239"}],"curies":[{"name":"wp","href":"https:\/\/api.w.org\/{rel}","templated":true}]}}