{"id":73252,"date":"2018-03-09T23:18:06","date_gmt":"2018-03-09T23:18:06","guid":{"rendered":"https:\/\/www.deberes.net\/tesis\/sin-categoria\/racionalidade-e-exploraa%c2%a7ao-madeireira-na-amazonia-brasileira\/"},"modified":"2018-03-09T23:18:06","modified_gmt":"2018-03-09T23:18:06","slug":"racionalidade-e-exploraa%c2%a7ao-madeireira-na-amazonia-brasileira","status":"publish","type":"post","link":"https:\/\/www.deberes.net\/tesis\/ciencias-economicas\/racionalidade-e-exploraa%c2%a7ao-madeireira-na-amazonia-brasileira\/","title":{"rendered":"Racionalidade e explora\u00c1\u00a7ao madeireira na amazonia brasileira"},"content":{"rendered":"<h2>Tesis doctoral de <strong>  Franco Da Costa Carlos Alberto <\/strong><\/h2>\n<p>La tesis trata de la a problem\u00e1tica de la explotaci\u00f3n maderera en la amazon\u00eda brasile\u00f1a por la \u00f3ptica de la racionalidad, donde busca mostrar aspectos socio-econ\u00f3micos de la historia de  brasil y de la amazon\u00eda que contribuyeron para la formaci\u00f3n de dos formas de racionalidades diversas entre si: una racionalidad t\u00edpicamente capitalista que tiende a degradar el medio ambiente por sus caracter\u00edsticas intr\u00ednsecas, y una racionalidad paralela, que se diferencia de la racionalidad capitalista y tiende a la utilizaci\u00f3n sostenible de los recursos naturales de la amazon\u00eda. El trabajo, busca en los or\u00edgenes de la historia socio-econ\u00f3mica brasile\u00f1a y amaz\u00f3nica los principales elementos y sus articulaciones que contribuyeron para el proceso actual de degradaci\u00f3n social, econ\u00f3mica y ecol\u00f3gica de la amazon\u00eda. En paralelo, busca los elementos que contribuyeron para la construcci\u00f3n de un movimiento por la defensa de esta selva y de sus poblaciones tradicionales. Particularmente, analiza el caso del manejo forestal comunitario en la forma de utilizaci\u00f3n de la selva mas cuestionada en la regi\u00f3n: la explotaci\u00f3n maderera, una vez que parte de la hip\u00f3tesis de que el manejo forestal comunitario puede ser visto como el instrumento capaz de expresar esta racionalidad ambiental, mostrando que es posible encontrar puntos de confluencia entre explotaci\u00f3n maderera y la preservaci\u00f3n del medio ambiente.  el trabajo est\u00e1 compuesto por cinco cap\u00edtulos que inician con un abordaje de aspectos teoricos e historicos m\u00e1s amplios acerca del tema de la racionalidad y de la historia de brasil, y concluye con el analisis de aspectos m\u00e1s espec\u00edficos, asociados a la forma de utilizaci\u00f3n de la selva por las comunidades tradicionales de la amazon\u00eda, especificamente analiza tres proyectos de manejo forestal comunitario en la provincia de acre-brasil.<\/p>\n<p>&nbsp;<\/p>\n<h3>Datos acad\u00e9micos de la tesis doctoral \u00ab<strong>Racionalidade e explora\u00c1\u00a7ao madeireira na amazonia brasileira<\/strong>\u00ab<\/h3>\n<ul>\n<li><strong>T\u00edtulo de la tesis:<\/strong>\u00a0 Racionalidade e explora\u00c1\u00a7ao madeireira na amazonia brasileira <\/li>\n<li><strong>Autor:<\/strong>\u00a0  Franco Da Costa Carlos Alberto <\/li>\n<li><strong>Universidad:<\/strong>\u00a0 Salamanca<\/li>\n<li><strong>Fecha de lectura de la tesis:<\/strong>\u00a0 16\/03\/2005<\/li>\n<\/ul>\n<p>&nbsp;<\/p>\n<h3>Direcci\u00f3n y tribunal<\/h3>\n<ul>\n<li><strong>Director de la tesis<\/strong>\n<ul>\n<li>Angel Infestas Gil<\/li>\n<\/ul>\n<\/li>\n<li><strong>Tribunal<\/strong>\n<ul>\n<li>Presidente del tribunal: valentin Cabero dieguez <\/li>\n<li>oscar Carpintero redondo (vocal)<\/li>\n<li>Jos\u00e9 Manuel Santos perez (vocal)<\/li>\n<li>Antonio Maya frades (vocal)<\/li>\n<\/ul>\n<\/li>\n<\/ul>\n<p>&nbsp;<\/p>\n","protected":false},"excerpt":{"rendered":"<p>Tesis doctoral de Franco Da Costa Carlos Alberto La tesis trata de la a problem\u00e1tica de la explotaci\u00f3n maderera en [&hellip;]<\/p>\n","protected":false},"author":1,"featured_media":0,"comment_status":"open","ping_status":"open","sticky":false,"template":"","format":"standard","meta":{"site-sidebar-layout":"default","site-content-layout":"","ast-site-content-layout":"","site-content-style":"default","site-sidebar-style":"default","ast-global-header-display":"","ast-banner-title-visibility":"","ast-main-header-display":"","ast-hfb-above-header-display":"","ast-hfb-below-header-display":"","ast-hfb-mobile-header-display":"","site-post-title":"","ast-breadcrumbs-content":"","ast-featured-img":"","footer-sml-layout":"","theme-transparent-header-meta":"","adv-header-id-meta":"","stick-header-meta":"","header-above-stick-meta":"","header-main-stick-meta":"","header-below-stick-meta":"","astra-migrate-meta-layouts":"default","ast-page-background-enabled":"default","ast-page-background-meta":{"desktop":{"background-color":"var(--ast-global-color-4)","background-image":"","background-repeat":"repeat","background-position":"center center","background-size":"auto","background-attachment":"scroll","background-type":"","background-media":"","overlay-type":"","overlay-color":"","overlay-gradient":""},"tablet":{"background-color":"","background-image":"","background-repeat":"repeat","background-position":"center center","background-size":"auto","background-attachment":"scroll","background-type":"","background-media":"","overlay-type":"","overlay-color":"","overlay-gradient":""},"mobile":{"background-color":"","background-image":"","background-repeat":"repeat","background-position":"center center","background-size":"auto","background-attachment":"scroll","background-type":"","background-media":"","overlay-type":"","overlay-color":"","overlay-gradient":""}},"ast-content-background-meta":{"desktop":{"background-color":"var(--ast-global-color-5)","background-image":"","background-repeat":"repeat","background-position":"center center","background-size":"auto","background-attachment":"scroll","background-type":"","background-media":"","overlay-type":"","overlay-color":"","overlay-gradient":""},"tablet":{"background-color":"var(--ast-global-color-5)","background-image":"","background-repeat":"repeat","background-position":"center center","background-size":"auto","background-attachment":"scroll","background-type":"","background-media":"","overlay-type":"","overlay-color":"","overlay-gradient":""},"mobile":{"background-color":"var(--ast-global-color-5)","background-image":"","background-repeat":"repeat","background-position":"center center","background-size":"auto","background-attachment":"scroll","background-type":"","background-media":"","overlay-type":"","overlay-color":"","overlay-gradient":""}},"footnotes":""},"categories":[772,82,28970,1399,3091,104,639,2224,706,9386],"tags":[9517,66091,159070,65362,71911,16132],"class_list":["post-73252","post","type-post","status-publish","format-standard","hentry","category-actividad-economica","category-ciencias-economicas","category-distribucion-de-recursos-naturales","category-geografia","category-geografia-economica","category-historia","category-historia-de-paises","category-historia-local","category-produccion","category-salamanca","tag-angel-infestas-gil","tag-antonio-maya-frades","tag-franco-da-costa-carlos-alberto","tag-jose-manuel-santos-perez","tag-oscar-carpintero-redondo","tag-valentin-cabero-dieguez"],"_links":{"self":[{"href":"https:\/\/www.deberes.net\/tesis\/wp-json\/wp\/v2\/posts\/73252","targetHints":{"allow":["GET"]}}],"collection":[{"href":"https:\/\/www.deberes.net\/tesis\/wp-json\/wp\/v2\/posts"}],"about":[{"href":"https:\/\/www.deberes.net\/tesis\/wp-json\/wp\/v2\/types\/post"}],"author":[{"embeddable":true,"href":"https:\/\/www.deberes.net\/tesis\/wp-json\/wp\/v2\/users\/1"}],"replies":[{"embeddable":true,"href":"https:\/\/www.deberes.net\/tesis\/wp-json\/wp\/v2\/comments?post=73252"}],"version-history":[{"count":0,"href":"https:\/\/www.deberes.net\/tesis\/wp-json\/wp\/v2\/posts\/73252\/revisions"}],"wp:attachment":[{"href":"https:\/\/www.deberes.net\/tesis\/wp-json\/wp\/v2\/media?parent=73252"}],"wp:term":[{"taxonomy":"category","embeddable":true,"href":"https:\/\/www.deberes.net\/tesis\/wp-json\/wp\/v2\/categories?post=73252"},{"taxonomy":"post_tag","embeddable":true,"href":"https:\/\/www.deberes.net\/tesis\/wp-json\/wp\/v2\/tags?post=73252"}],"curies":[{"name":"wp","href":"https:\/\/api.w.org\/{rel}","templated":true}]}}