{"id":73306,"date":"2018-03-09T23:18:10","date_gmt":"2018-03-09T23:18:10","guid":{"rendered":"https:\/\/www.deberes.net\/tesis\/sin-categoria\/la-teoria-de-la-mente-y-esquizofrenia\/"},"modified":"2018-03-09T23:18:10","modified_gmt":"2018-03-09T23:18:10","slug":"la-teoria-de-la-mente-y-esquizofrenia","status":"publish","type":"post","link":"https:\/\/www.deberes.net\/tesis\/psicologia\/la-teoria-de-la-mente-y-esquizofrenia\/","title":{"rendered":"La teor\u00eda de la mente y esquizofrenia"},"content":{"rendered":"<h2>Tesis doctoral de <strong> Paz Lopez Herrero <\/strong><\/h2>\n<p>En el cap\u00edtulo de esta tesis doctoral se revisan las diferentes perspectiva que interpretan el desarrollo de la teor\u00eda de la mente tm y se destaca la aporximaci\u00f3n de la mente humana como cognici\u00f3n social. En el cap\u00edtulo ii se abordan las relaciones existentes entre la tm y el lenguaje se hace hincapi\u00e9 tanto en sus conexiones causales como en la relevancia de las distintas dimensiones ling\u00ed\u00bcisticas implicadas en la tm. El cap\u00edtulo iii se centra en la esquizofrenisa, concretamente en su definici\u00ed\u00a7\u00f3n y diagnostico, en sus dimensiones o sugtipos y en el desorden formal del pensamiento, y se investiga si se trata de un trastorno del pensamiento, del lenguaje o de la comunicaci\u00f3n. En el cap\u00edtulo iv se acomete el estudio de la asociaci\u00f3 entre la tm y esquizofrenia, a trav\u00e9s de la interpretaci\u00f3n de su sintomatolog\u00eda, o m\u00e1s expl\u00edcitamente, de la clasificaci\u00f3n en diferentes grupos de signos y s\u00edntomas, que se desprende tras la actuaci\u00f3n de estos enfermos en las tereas de tm. En el cap\u00edtulo v se revisan las distintas tareas utilizadas en la investigaci\u00f3n de la tm y los resultados que, en ellas, obtienen los pacientes con esquizofrenia. En este cap\u00edtulo se resalta especialmente la intervenci\u00f3n de los esquizofr\u00e9nicos en las tareas de creencias falsas de primer y segundo orden y en las pruebas de verbos mentales.  en los cap\u00edtulos posteriores (del vi al ix) nuestra pretensi\u00f3n general es el estudio de la tm enla esquizofrenia, para lo cual se analiza la designaci\u00f3n y utilizaci\u00f3n que un grupo esquizofr\u00e9nicos hace de las distintas actividades correspondientres a una prueba de verbos mentales y se comparan sus respuestas con las emitidas por un grupo control.  las conclusiones alcanzadas son:  las categorias en las que se agrupan los verbos mentales son. Input, meror\u00eda, procesamiento y general.  el grupo control manifiesta un perfil de uso de los verbos mentales de denota una gran madurez.  los verbos m\u00e1s alejados de su<\/p>\n<p>&nbsp;<\/p>\n<h3>Datos acad\u00e9micos de la tesis doctoral \u00ab<strong>La teor\u00eda de la mente y esquizofrenia<\/strong>\u00ab<\/h3>\n<ul>\n<li><strong>T\u00edtulo de la tesis:<\/strong>\u00a0 La teor\u00eda de la mente y esquizofrenia <\/li>\n<li><strong>Autor:<\/strong>\u00a0 Paz Lopez Herrero <\/li>\n<li><strong>Universidad:<\/strong>\u00a0 Granada<\/li>\n<li><strong>Fecha de lectura de la tesis:<\/strong>\u00a0 18\/03\/2005<\/li>\n<\/ul>\n<p>&nbsp;<\/p>\n<h3>Direcci\u00f3n y tribunal<\/h3>\n<ul>\n<li><strong>Director de la tesis<\/strong>\n<ul>\n<li>Elvira Mendoza Lara<\/li>\n<\/ul>\n<\/li>\n<li><strong>Tribunal<\/strong>\n<ul>\n<li>Presidente del tribunal: alfredo Fierro bardaj\u00ed <\/li>\n<li>Carlos Gallego l\u00f3pez (vocal)<\/li>\n<li>Juan  Jos\u00e9 Acero fernandez (vocal)<\/li>\n<li>Jos\u00e9 Antonio Muela Martinez (vocal)<\/li>\n<\/ul>\n<\/li>\n<\/ul>\n<p>&nbsp;<\/p>\n","protected":false},"excerpt":{"rendered":"<p>Tesis doctoral de Paz Lopez Herrero En el cap\u00edtulo de esta tesis doctoral se revisan las diferentes perspectiva que interpretan [&hellip;]<\/p>\n","protected":false},"author":1,"featured_media":0,"comment_status":"open","ping_status":"open","sticky":false,"template":"","format":"standard","meta":{"site-sidebar-layout":"default","site-content-layout":"","ast-site-content-layout":"","site-content-style":"default","site-sidebar-style":"default","ast-global-header-display":"","ast-banner-title-visibility":"","ast-main-header-display":"","ast-hfb-above-header-display":"","ast-hfb-below-header-display":"","ast-hfb-mobile-header-display":"","site-post-title":"","ast-breadcrumbs-content":"","ast-featured-img":"","footer-sml-layout":"","theme-transparent-header-meta":"","adv-header-id-meta":"","stick-header-meta":"","header-above-stick-meta":"","header-main-stick-meta":"","header-below-stick-meta":"","astra-migrate-meta-layouts":"default","ast-page-background-enabled":"default","ast-page-background-meta":{"desktop":{"background-color":"var(--ast-global-color-4)","background-image":"","background-repeat":"repeat","background-position":"center center","background-size":"auto","background-attachment":"scroll","background-type":"","background-media":"","overlay-type":"","overlay-color":"","overlay-gradient":""},"tablet":{"background-color":"","background-image":"","background-repeat":"repeat","background-position":"center center","background-size":"auto","background-attachment":"scroll","background-type":"","background-media":"","overlay-type":"","overlay-color":"","overlay-gradient":""},"mobile":{"background-color":"","background-image":"","background-repeat":"repeat","background-position":"center center","background-size":"auto","background-attachment":"scroll","background-type":"","background-media":"","overlay-type":"","overlay-color":"","overlay-gradient":""}},"ast-content-background-meta":{"desktop":{"background-color":"var(--ast-global-color-5)","background-image":"","background-repeat":"repeat","background-position":"center center","background-size":"auto","background-attachment":"scroll","background-type":"","background-media":"","overlay-type":"","overlay-color":"","overlay-gradient":""},"tablet":{"background-color":"var(--ast-global-color-5)","background-image":"","background-repeat":"repeat","background-position":"center center","background-size":"auto","background-attachment":"scroll","background-type":"","background-media":"","overlay-type":"","overlay-color":"","overlay-gradient":""},"mobile":{"background-color":"var(--ast-global-color-5)","background-image":"","background-repeat":"repeat","background-position":"center center","background-size":"auto","background-attachment":"scroll","background-type":"","background-media":"","overlay-type":"","overlay-color":"","overlay-gradient":""}},"footnotes":""},"categories":[324,961,325],"tags":[8150,23147,21801,46010,1310,159169],"class_list":["post-73306","post","type-post","status-publish","format-standard","hentry","category-psicologia","category-psicologia-de-la-anormalidad","category-psicopatologia","tag-alfredo-fierro-bardaji","tag-carlos-gallego-lopez","tag-elvira-mendoza-lara","tag-jose-antonio-muela-Martinez","tag-juan-jose-acero-fernandez","tag-paz-lopez-herrero"],"_links":{"self":[{"href":"https:\/\/www.deberes.net\/tesis\/wp-json\/wp\/v2\/posts\/73306","targetHints":{"allow":["GET"]}}],"collection":[{"href":"https:\/\/www.deberes.net\/tesis\/wp-json\/wp\/v2\/posts"}],"about":[{"href":"https:\/\/www.deberes.net\/tesis\/wp-json\/wp\/v2\/types\/post"}],"author":[{"embeddable":true,"href":"https:\/\/www.deberes.net\/tesis\/wp-json\/wp\/v2\/users\/1"}],"replies":[{"embeddable":true,"href":"https:\/\/www.deberes.net\/tesis\/wp-json\/wp\/v2\/comments?post=73306"}],"version-history":[{"count":0,"href":"https:\/\/www.deberes.net\/tesis\/wp-json\/wp\/v2\/posts\/73306\/revisions"}],"wp:attachment":[{"href":"https:\/\/www.deberes.net\/tesis\/wp-json\/wp\/v2\/media?parent=73306"}],"wp:term":[{"taxonomy":"category","embeddable":true,"href":"https:\/\/www.deberes.net\/tesis\/wp-json\/wp\/v2\/categories?post=73306"},{"taxonomy":"post_tag","embeddable":true,"href":"https:\/\/www.deberes.net\/tesis\/wp-json\/wp\/v2\/tags?post=73306"}],"curies":[{"name":"wp","href":"https:\/\/api.w.org\/{rel}","templated":true}]}}