{"id":73315,"date":"2018-03-09T23:18:15","date_gmt":"2018-03-09T23:18:15","guid":{"rendered":"https:\/\/www.deberes.net\/tesis\/sin-categoria\/el-derecho-de-los-trabajadores-a-una-proteccion-eficaz-frente-a-los-riesgos-derivados-del-trabajo\/"},"modified":"2018-03-09T23:18:15","modified_gmt":"2018-03-09T23:18:15","slug":"el-derecho-de-los-trabajadores-a-una-proteccion-eficaz-frente-a-los-riesgos-derivados-del-trabajo","status":"publish","type":"post","link":"https:\/\/www.deberes.net\/tesis\/ciencias-juridicas-y-derecho\/el-derecho-de-los-trabajadores-a-una-proteccion-eficaz-frente-a-los-riesgos-derivados-del-trabajo\/","title":{"rendered":"El derecho de los trabajadores a una proteccion eficaz frente a los riesgos derivados del trabajo"},"content":{"rendered":"<h2>Tesis doctoral de <strong> Mar\u00eda  Luisa Martin Hernandez <\/strong><\/h2>\n<p>La investigaci\u00f3n realizada en este trabajo viene referida al an\u00e1lisis de un espec\u00edfico derecho de los trabajadores, reconocido expresamente en su favor en el seno de la normativa laboral vigente: el derecho a una protecci\u00f3n eficaz en materia de seguridad y salud en el trabajo.  este derecho en la actualidad no s\u00f3lo goza de un reconocimiento expreso en nuestro ordenamiento jur\u00eddico-positivo sino que adem\u00e1s dispone de un desarrollo pormenorizado en dicho derecho, fundamentalmente en la ley 31\/1995, de 11 de noviembre, de prevenci\u00f3n de riesgos laborales, y es por ello por lo que se sinti\u00f3 la necesidad de elaborar un estudio exhaustivo y pormenorizado de dicha regulaci\u00f3n, teniendo en cuenta adem\u00e1s, que hasta el momento no exist\u00eda en la doctrina iuslaboralista espa\u00f1ola ning\u00fan an\u00e1lisis centrado espec\u00edficamente en particular en este derecho de los trabajadores.  as\u00ed pues, a partir de la regulaci\u00f3n jur\u00eddico-positiva en vigor se ha realizado un an\u00e1lisis jur\u00eddico-dogm\u00e1tico del mismo, analizando todos los aspectos de su estructura jur\u00eddica, esto es, qui\u00e9nes son los sujetos titulares, cu\u00e1l es su contenido y, por \u00faltimo cu\u00e1les son los medios de tutela jur\u00eddica previstos por el ordenamiento para aquellos supuestos en que dicho derecho resulte lesionado. Adem\u00e1s, previamente, se ha intentado ubicar este derecho dentro de la  normativa global sobre seguridad y salud en el trabajo, realizar una descripci\u00f3n y caracterizaci\u00f3n general del mismo, esclarecer su aut\u00e9ntica naturaleza jur\u00eddica e indagar sobre sus presupuestos constitucionales.  en general, se ha llegado a la conclusi\u00f3n de que se trata de un derecho subjetivo de los trabajadores frente a su empresario, que es el sujeto concretamente obligado a garantizarlo, dirigido a la protecci\u00f3n de sus bienes personales relativos a la vida, a la integridad psicof\u00edsica y a la salud en el concreto \u00e1mbito del trabajo asalariado, aunque sea un derecho distinto del derecho fundam<\/p>\n<p>&nbsp;<\/p>\n<h3>Datos acad\u00e9micos de la tesis doctoral \u00ab<strong>El derecho de los trabajadores a una proteccion eficaz frente a los riesgos derivados del trabajo<\/strong>\u00ab<\/h3>\n<ul>\n<li><strong>T\u00edtulo de la tesis:<\/strong>\u00a0 El derecho de los trabajadores a una proteccion eficaz frente a los riesgos derivados del trabajo <\/li>\n<li><strong>Autor:<\/strong>\u00a0 Mar\u00eda  Luisa Martin Hernandez <\/li>\n<li><strong>Universidad:<\/strong>\u00a0 Salamanca<\/li>\n<li><strong>Fecha de lectura de la tesis:<\/strong>\u00a0 18\/03\/2005<\/li>\n<\/ul>\n<p>&nbsp;<\/p>\n<h3>Direcci\u00f3n y tribunal<\/h3>\n<ul>\n<li><strong>Director de la tesis<\/strong>\n<ul>\n<li>Manuel Carlos Palomeque L\u00f3pez<\/li>\n<\/ul>\n<\/li>\n<li><strong>Tribunal<\/strong>\n<ul>\n<li>Presidente del tribunal: Mar\u00eda no Alonso p\u00e9rez <\/li>\n<li>Jos\u00e9 Luis Go\u00f1i se\u00edn (vocal)<\/li>\n<li>Manuel Alvarez de la rosa (vocal)<\/li>\n<li> Ramos quintana margarita isabel (vocal)<\/li>\n<\/ul>\n<\/li>\n<\/ul>\n<p>&nbsp;<\/p>\n","protected":false},"excerpt":{"rendered":"<p>Tesis doctoral de Mar\u00eda Luisa Martin Hernandez La investigaci\u00f3n realizada en este trabajo viene referida al an\u00e1lisis de un espec\u00edfico [&hellip;]<\/p>\n","protected":false},"author":1,"featured_media":0,"comment_status":"open","ping_status":"open","sticky":false,"template":"","format":"standard","meta":{"site-sidebar-layout":"default","site-content-layout":"","ast-site-content-layout":"","site-content-style":"default","site-sidebar-style":"default","ast-global-header-display":"","ast-banner-title-visibility":"","ast-main-header-display":"","ast-hfb-above-header-display":"","ast-hfb-below-header-display":"","ast-hfb-mobile-header-display":"","site-post-title":"","ast-breadcrumbs-content":"","ast-featured-img":"","footer-sml-layout":"","theme-transparent-header-meta":"","adv-header-id-meta":"","stick-header-meta":"","header-above-stick-meta":"","header-main-stick-meta":"","header-below-stick-meta":"","astra-migrate-meta-layouts":"default","ast-page-background-enabled":"default","ast-page-background-meta":{"desktop":{"background-color":"var(--ast-global-color-4)","background-image":"","background-repeat":"repeat","background-position":"center center","background-size":"auto","background-attachment":"scroll","background-type":"","background-media":"","overlay-type":"","overlay-color":"","overlay-gradient":""},"tablet":{"background-color":"","background-image":"","background-repeat":"repeat","background-position":"center center","background-size":"auto","background-attachment":"scroll","background-type":"","background-media":"","overlay-type":"","overlay-color":"","overlay-gradient":""},"mobile":{"background-color":"","background-image":"","background-repeat":"repeat","background-position":"center center","background-size":"auto","background-attachment":"scroll","background-type":"","background-media":"","overlay-type":"","overlay-color":"","overlay-gradient":""}},"ast-content-background-meta":{"desktop":{"background-color":"var(--ast-global-color-5)","background-image":"","background-repeat":"repeat","background-position":"center center","background-size":"auto","background-attachment":"scroll","background-type":"","background-media":"","overlay-type":"","overlay-color":"","overlay-gradient":""},"tablet":{"background-color":"var(--ast-global-color-5)","background-image":"","background-repeat":"repeat","background-position":"center center","background-size":"auto","background-attachment":"scroll","background-type":"","background-media":"","overlay-type":"","overlay-color":"","overlay-gradient":""},"mobile":{"background-color":"var(--ast-global-color-5)","background-image":"","background-repeat":"repeat","background-position":"center center","background-size":"auto","background-attachment":"scroll","background-type":"","background-media":"","overlay-type":"","overlay-color":"","overlay-gradient":""}},"footnotes":""},"categories":[612,1251,1450,2170,979,9386],"tags":[32492,27653,9454,159188,6883,66155],"class_list":["post-73315","post","type-post","status-publish","format-standard","hentry","category-ciencias-juridicas-y-derecho","category-derecho-civil","category-derecho-constitucional","category-derecho-del-trabajo-y-de-la-seguridad-social","category-derecho-y-legislacion-nacionales","category-salamanca","tag-jose-luis-goni-sein","tag-manuel-alvarez-de-la-rosa","tag-manuel-carlos-palomeque-lopez","tag-maria-luisa-martin-hernandez","tag-maria-no-alonso-perez","tag-ramos-quintana-margarita-isabel"],"_links":{"self":[{"href":"https:\/\/www.deberes.net\/tesis\/wp-json\/wp\/v2\/posts\/73315","targetHints":{"allow":["GET"]}}],"collection":[{"href":"https:\/\/www.deberes.net\/tesis\/wp-json\/wp\/v2\/posts"}],"about":[{"href":"https:\/\/www.deberes.net\/tesis\/wp-json\/wp\/v2\/types\/post"}],"author":[{"embeddable":true,"href":"https:\/\/www.deberes.net\/tesis\/wp-json\/wp\/v2\/users\/1"}],"replies":[{"embeddable":true,"href":"https:\/\/www.deberes.net\/tesis\/wp-json\/wp\/v2\/comments?post=73315"}],"version-history":[{"count":0,"href":"https:\/\/www.deberes.net\/tesis\/wp-json\/wp\/v2\/posts\/73315\/revisions"}],"wp:attachment":[{"href":"https:\/\/www.deberes.net\/tesis\/wp-json\/wp\/v2\/media?parent=73315"}],"wp:term":[{"taxonomy":"category","embeddable":true,"href":"https:\/\/www.deberes.net\/tesis\/wp-json\/wp\/v2\/categories?post=73315"},{"taxonomy":"post_tag","embeddable":true,"href":"https:\/\/www.deberes.net\/tesis\/wp-json\/wp\/v2\/tags?post=73315"}],"curies":[{"name":"wp","href":"https:\/\/api.w.org\/{rel}","templated":true}]}}