{"id":73362,"date":"2018-03-09T23:18:15","date_gmt":"2018-03-09T23:18:15","guid":{"rendered":"https:\/\/www.deberes.net\/tesis\/sin-categoria\/cra%c2%adtica-de-arte-en-prensa-1910-1936\/"},"modified":"2018-03-09T23:18:15","modified_gmt":"2018-03-09T23:18:15","slug":"cra%c2%adtica-de-arte-en-prensa-1910-1936","status":"publish","type":"post","link":"https:\/\/www.deberes.net\/tesis\/historia\/cra%c2%adtica-de-arte-en-prensa-1910-1936\/","title":{"rendered":"Cr\u00edtica de arte en prensa 1910-1936"},"content":{"rendered":"<h2>Tesis doctoral de <strong> Almudena Malmierca Hern\u00e1ndez <\/strong><\/h2>\n<p>Es un estudio historiogr\u00e1fico sobre el cr\u00edtico de arte manuel abril, qui\u00e9n escribe en 17 publicaciones articulos sobre est\u00e9tica y an\u00e1lisis de los artistas de arte vanguardista, entre los a\u00f1os veinte y treinta. Es m\u00e1s conocido por la cr\u00edtica semanal que hace entre 1930 y 1936 en blanco y negro. Su figura ha sido m\u00e1s reconocida desde el a\u00f1o 1995, a\u00f1o en el que se realiza, en el mncars, la exposicion sobre la sociedad de artistas ib\u00e9ricos, de la que fue director desde 1925 hasta el a\u00f1o 1932. En el capitulo i se ha trabajado su biograf\u00eda, realizada a partir de fuentes indirectas, ya que los datos sobre el cr\u00edtico son muy escasos. En el cap\u00edtulo ii se estudian sus principales planteamientos te\u00f3ricos, que parten de kant, y est\u00e1n influidos por schopenhauer, kandinsky, claudel y bergson. Abril estudia a fondo el papel de la intuci\u00f3n como medio de conocimiento y producci\u00f3n art\u00edsticos. la intuici\u00f3n es la herramienta del proceso intelectual que permite comprender perfectamente el arte de vanguardia. Se presenta a manuel abril como introductor del fovismo, del expresionismo, del cubismo- con un conocimiento agud\u00edsimo sobre juan gris-, del surrealismo y del arte abstracto.  el cat\u00e1logo del tomo ii recoge las sucintas y precisas recensiones del cr\u00edtico. El anexo es una fuente documental de los art\u00edculos m\u00e1s relevantes del cr\u00edtico.<\/p>\n<p>&nbsp;<\/p>\n<h3>Datos acad\u00e9micos de la tesis doctoral \u00ab<strong>Cr\u00edtica de arte en prensa 1910-1936<\/strong>\u00ab<\/h3>\n<ul>\n<li><strong>T\u00edtulo de la tesis:<\/strong>\u00a0 Cr\u00edtica de arte en prensa 1910-1936 <\/li>\n<li><strong>Autor:<\/strong>\u00a0 Almudena Malmierca Hern\u00e1ndez <\/li>\n<li><strong>Universidad:<\/strong>\u00a0 Complutense de Madrid<\/li>\n<li><strong>Fecha de lectura de la tesis:<\/strong>\u00a0 31\/03\/2005<\/li>\n<\/ul>\n<p>&nbsp;<\/p>\n<h3>Direcci\u00f3n y tribunal<\/h3>\n<ul>\n<li><strong>Director de la tesis<\/strong>\n<ul>\n<li>Jes\u00fas Gutierrez Buron<\/li>\n<\/ul>\n<\/li>\n<li><strong>Tribunal<\/strong>\n<ul>\n<li>Presidente del tribunal: Carlos P\u00e9rez Reyes <\/li>\n<li>Miguel Caba\u00f1as Bravo (vocal)<\/li>\n<li>Ana Mar\u00eda Arias De Coss\u00edo (vocal)<\/li>\n<li>Paloma Esteban Leal (vocal)<\/li>\n<\/ul>\n<\/li>\n<\/ul>\n<p>&nbsp;<\/p>\n","protected":false},"excerpt":{"rendered":"<p>Tesis doctoral de Almudena Malmierca Hern\u00e1ndez Es un estudio historiogr\u00e1fico sobre el cr\u00edtico de arte manuel abril, qui\u00e9n escribe en [&hellip;]<\/p>\n","protected":false},"author":1,"featured_media":0,"comment_status":"open","ping_status":"open","sticky":false,"template":"","format":"standard","meta":{"site-sidebar-layout":"default","site-content-layout":"","ast-site-content-layout":"","site-content-style":"default","site-sidebar-style":"default","ast-global-header-display":"","ast-banner-title-visibility":"","ast-main-header-display":"","ast-hfb-above-header-display":"","ast-hfb-below-header-display":"","ast-hfb-mobile-header-display":"","site-post-title":"","ast-breadcrumbs-content":"","ast-featured-img":"","footer-sml-layout":"","theme-transparent-header-meta":"","adv-header-id-meta":"","stick-header-meta":"","header-above-stick-meta":"","header-main-stick-meta":"","header-below-stick-meta":"","astra-migrate-meta-layouts":"default","ast-page-background-enabled":"default","ast-page-background-meta":{"desktop":{"background-color":"var(--ast-global-color-4)","background-image":"","background-repeat":"repeat","background-position":"center center","background-size":"auto","background-attachment":"scroll","background-type":"","background-media":"","overlay-type":"","overlay-color":"","overlay-gradient":""},"tablet":{"background-color":"","background-image":"","background-repeat":"repeat","background-position":"center center","background-size":"auto","background-attachment":"scroll","background-type":"","background-media":"","overlay-type":"","overlay-color":"","overlay-gradient":""},"mobile":{"background-color":"","background-image":"","background-repeat":"repeat","background-position":"center center","background-size":"auto","background-attachment":"scroll","background-type":"","background-media":"","overlay-type":"","overlay-color":"","overlay-gradient":""}},"ast-content-background-meta":{"desktop":{"background-color":"var(--ast-global-color-5)","background-image":"","background-repeat":"repeat","background-position":"center center","background-size":"auto","background-attachment":"scroll","background-type":"","background-media":"","overlay-type":"","overlay-color":"","overlay-gradient":""},"tablet":{"background-color":"var(--ast-global-color-5)","background-image":"","background-repeat":"repeat","background-position":"center center","background-size":"auto","background-attachment":"scroll","background-type":"","background-media":"","overlay-type":"","overlay-color":"","overlay-gradient":""},"mobile":{"background-color":"var(--ast-global-color-5)","background-image":"","background-repeat":"repeat","background-position":"center center","background-size":"auto","background-attachment":"scroll","background-type":"","background-media":"","overlay-type":"","overlay-color":"","overlay-gradient":""}},"footnotes":""},"categories":[104,222],"tags":[159286,5032,5816,39985,54171,159287],"class_list":["post-73362","post","type-post","status-publish","format-standard","hentry","category-historia","category-historias-especializadas","tag-almudena-malmierca-hernandez","tag-ana-maria-arias-de-cossio","tag-carlos-perez-reyes","tag-jesus-gutierrez-buron","tag-miguel-cabanas-bravo","tag-paloma-esteban-leal"],"_links":{"self":[{"href":"https:\/\/www.deberes.net\/tesis\/wp-json\/wp\/v2\/posts\/73362","targetHints":{"allow":["GET"]}}],"collection":[{"href":"https:\/\/www.deberes.net\/tesis\/wp-json\/wp\/v2\/posts"}],"about":[{"href":"https:\/\/www.deberes.net\/tesis\/wp-json\/wp\/v2\/types\/post"}],"author":[{"embeddable":true,"href":"https:\/\/www.deberes.net\/tesis\/wp-json\/wp\/v2\/users\/1"}],"replies":[{"embeddable":true,"href":"https:\/\/www.deberes.net\/tesis\/wp-json\/wp\/v2\/comments?post=73362"}],"version-history":[{"count":0,"href":"https:\/\/www.deberes.net\/tesis\/wp-json\/wp\/v2\/posts\/73362\/revisions"}],"wp:attachment":[{"href":"https:\/\/www.deberes.net\/tesis\/wp-json\/wp\/v2\/media?parent=73362"}],"wp:term":[{"taxonomy":"category","embeddable":true,"href":"https:\/\/www.deberes.net\/tesis\/wp-json\/wp\/v2\/categories?post=73362"},{"taxonomy":"post_tag","embeddable":true,"href":"https:\/\/www.deberes.net\/tesis\/wp-json\/wp\/v2\/tags?post=73362"}],"curies":[{"name":"wp","href":"https:\/\/api.w.org\/{rel}","templated":true}]}}