{"id":73374,"date":"2005-01-04T00:00:00","date_gmt":"2005-01-04T00:00:00","guid":{"rendered":"https:\/\/www.deberes.net\/tesis\/sin-categoria\/sobre-la-caracterizacion-del-sistema-verbal-bulgaro\/"},"modified":"2005-01-04T00:00:00","modified_gmt":"2005-01-04T00:00:00","slug":"sobre-la-caracterizacion-del-sistema-verbal-bulgaro","status":"publish","type":"post","link":"https:\/\/www.deberes.net\/tesis\/linguistica\/sobre-la-caracterizacion-del-sistema-verbal-bulgaro\/","title":{"rendered":"Sobre la caracterizaci\u00f3n del sistema verbal b\u00falgaro."},"content":{"rendered":"<h2>Tesis doctoral de <strong> Alfonso Olivares Niqui <\/strong><\/h2>\n<p>El objetivo del presente trabajo es encontrar una descripci\u00f3n funcional del sistema verbal b\u00falgaro que permita incluir y relacionar todas las formas temporales y modales, gramaticalizadas o no, en un modelo sitem\u00e1tico y coherente, y se centra en el estudio de las categor\u00edas de tiempo y modo.  se repasan los juegos de oposiciones morfol\u00f3gicas sobre las cuales se puede estructurar el sistema (pasado\/ no-pasado, absoluto \/ relativo, comentario \/ narraci\u00f3n, testimonialidad \/ no-testimonialidad, acci\u00f3n \/ resultado, objetivo \/ subjetivo, conclusivo \/ no-conclusivo, evidencia \/ suposici\u00f3n ) para comprobar la situaci\u00f3n de las formas temporales con orientaciones m\u00e1s complejas junto con las formas m\u00e1s o menos estables y construcciones sint\u00e1cticas que denotan valores modales subjetivos, y valorar su funci\u00f3n.  dada la notable complejidad del sistema considerado globalmente, creemos que en lugar de describirlo a partir de series de formas no marcadas que se opone a las series marcadas, es m\u00e1s exacto pensar en una gradaci\u00f3n del car\u00e1cter marcado y considerar el sistema en un espectro de variaci\u00f3n gradual del compormiso epist\u00e9mico del hablante, que abarca desde la objetividad hasta la subjetividad y desde la realidad hasata la irrealidad:  &#8211; formas testimoniales de indicativo.  &#8211; formas neutras, perfectos secundarios y formas resultativas imam+part.Pasivo  &#8211; formas narrativas de indicativo.  &#8211; construcciones da+presente en la oraci\u00f3n subordinada.  &#8211; formas anal\u00edticas de imperativo, perfecto optativo y construcciones optativas  &#8211; formas sint\u00e9ticas y anal\u00edticas de condicional.  &#8211; formas narrativas de condicional.  &#8211; formas conclusivas.  &#8211; formas de suposici\u00f3n ste+presente y perfecto.  &#8211; formas conclusivas narrativas y formas subjetivas dubitativas.<\/p>\n<p>&nbsp;<\/p>\n<h3>Datos acad\u00e9micos de la tesis doctoral \u00ab<strong>Sobre la caracterizaci\u00f3n del sistema verbal b\u00falgaro.<\/strong>\u00ab<\/h3>\n<ul>\n<li><strong>T\u00edtulo de la tesis:<\/strong>\u00a0 Sobre la caracterizaci\u00f3n del sistema verbal b\u00falgaro. <\/li>\n<li><strong>Autor:<\/strong>\u00a0 Alfonso Olivares Niqui <\/li>\n<li><strong>Universidad:<\/strong>\u00a0 Barcelona<\/li>\n<li><strong>Fecha de lectura de la tesis:<\/strong>\u00a0 01\/04\/2005<\/li>\n<\/ul>\n<p>&nbsp;<\/p>\n<h3>Direcci\u00f3n y tribunal<\/h3>\n<ul>\n<li><strong>Director de la tesis<\/strong>\n<ul>\n<li>Mar\u00eda  Carme Junyent Figueras<\/li>\n<\/ul>\n<\/li>\n<li><strong>Tribunal<\/strong>\n<ul>\n<li>Presidente del tribunal: Jes\u00fas Tuson valls <\/li>\n<li>agata Orzeszek sujak (vocal)<\/li>\n<li>ignasi-xavier Adiego lajara (vocal)<\/li>\n<li>Juan  Carlos Moreno cabrera (vocal)<\/li>\n<\/ul>\n<\/li>\n<\/ul>\n<p>&nbsp;<\/p>\n","protected":false},"excerpt":{"rendered":"<p>Tesis doctoral de Alfonso Olivares Niqui El objetivo del presente trabajo es encontrar una descripci\u00f3n funcional del sistema verbal b\u00falgaro [&hellip;]<\/p>\n","protected":false},"author":1,"featured_media":0,"comment_status":"open","ping_status":"open","sticky":false,"template":"","format":"standard","meta":{"site-sidebar-layout":"default","site-content-layout":"","ast-site-content-layout":"","site-content-style":"default","site-sidebar-style":"default","ast-global-header-display":"","ast-banner-title-visibility":"","ast-main-header-display":"","ast-hfb-above-header-display":"","ast-hfb-below-header-display":"","ast-hfb-mobile-header-display":"","site-post-title":"","ast-breadcrumbs-content":"","ast-featured-img":"","footer-sml-layout":"","theme-transparent-header-meta":"","adv-header-id-meta":"","stick-header-meta":"","header-above-stick-meta":"","header-main-stick-meta":"","header-below-stick-meta":"","astra-migrate-meta-layouts":"default","ast-page-background-enabled":"default","ast-page-background-meta":{"desktop":{"background-color":"var(--ast-global-color-4)","background-image":"","background-repeat":"repeat","background-position":"center center","background-size":"auto","background-attachment":"scroll","background-type":"","background-media":"","overlay-type":"","overlay-color":"","overlay-gradient":""},"tablet":{"background-color":"","background-image":"","background-repeat":"repeat","background-position":"center center","background-size":"auto","background-attachment":"scroll","background-type":"","background-media":"","overlay-type":"","overlay-color":"","overlay-gradient":""},"mobile":{"background-color":"","background-image":"","background-repeat":"repeat","background-position":"center center","background-size":"auto","background-attachment":"scroll","background-type":"","background-media":"","overlay-type":"","overlay-color":"","overlay-gradient":""}},"ast-content-background-meta":{"desktop":{"background-color":"var(--ast-global-color-5)","background-image":"","background-repeat":"repeat","background-position":"center center","background-size":"auto","background-attachment":"scroll","background-type":"","background-media":"","overlay-type":"","overlay-color":"","overlay-gradient":""},"tablet":{"background-color":"var(--ast-global-color-5)","background-image":"","background-repeat":"repeat","background-position":"center center","background-size":"auto","background-attachment":"scroll","background-type":"","background-media":"","overlay-type":"","overlay-color":"","overlay-gradient":""},"mobile":{"background-color":"var(--ast-global-color-5)","background-image":"","background-repeat":"repeat","background-position":"center center","background-size":"auto","background-attachment":"scroll","background-type":"","background-media":"","overlay-type":"","overlay-color":"","overlay-gradient":""}},"footnotes":""},"categories":[951,59,423,590],"tags":[96371,159312,71320,12335,2545,64374],"class_list":["post-73374","post","type-post","status-publish","format-standard","hentry","category-barcelona","category-linguistica","category-linguistica-diacronica","category-linguistica-historica","tag-agata-orzeszek-sujak","tag-alfonso-olivares-niqui","tag-ignasi-xavier-adiego-lajara","tag-jesus-tuson-valls","tag-juan-carlos-moreno-cabrera","tag-maria-carme-junyent-figueras"],"_links":{"self":[{"href":"https:\/\/www.deberes.net\/tesis\/wp-json\/wp\/v2\/posts\/73374","targetHints":{"allow":["GET"]}}],"collection":[{"href":"https:\/\/www.deberes.net\/tesis\/wp-json\/wp\/v2\/posts"}],"about":[{"href":"https:\/\/www.deberes.net\/tesis\/wp-json\/wp\/v2\/types\/post"}],"author":[{"embeddable":true,"href":"https:\/\/www.deberes.net\/tesis\/wp-json\/wp\/v2\/users\/1"}],"replies":[{"embeddable":true,"href":"https:\/\/www.deberes.net\/tesis\/wp-json\/wp\/v2\/comments?post=73374"}],"version-history":[{"count":0,"href":"https:\/\/www.deberes.net\/tesis\/wp-json\/wp\/v2\/posts\/73374\/revisions"}],"wp:attachment":[{"href":"https:\/\/www.deberes.net\/tesis\/wp-json\/wp\/v2\/media?parent=73374"}],"wp:term":[{"taxonomy":"category","embeddable":true,"href":"https:\/\/www.deberes.net\/tesis\/wp-json\/wp\/v2\/categories?post=73374"},{"taxonomy":"post_tag","embeddable":true,"href":"https:\/\/www.deberes.net\/tesis\/wp-json\/wp\/v2\/tags?post=73374"}],"curies":[{"name":"wp","href":"https:\/\/api.w.org\/{rel}","templated":true}]}}