{"id":73388,"date":"2005-01-04T00:00:00","date_gmt":"2005-01-04T00:00:00","guid":{"rendered":"https:\/\/www.deberes.net\/tesis\/sin-categoria\/la-inteligencia-general-g-la-eficiencia-neural-y-el-a%c2%adndice-velocidad-de-conduccion-nerviosa-una-aproximacion-empa%c2%adrica\/"},"modified":"2005-01-04T00:00:00","modified_gmt":"2005-01-04T00:00:00","slug":"la-inteligencia-general-g-la-eficiencia-neural-y-el-a%c2%adndice-velocidad-de-conduccion-nerviosa-una-aproximacion-empa%c2%adrica","status":"publish","type":"post","link":"https:\/\/www.deberes.net\/tesis\/psicologia\/la-inteligencia-general-g-la-eficiencia-neural-y-el-a%c2%adndice-velocidad-de-conduccion-nerviosa-una-aproximacion-empa%c2%adrica\/","title":{"rendered":"La inteligencia general (g), la eficiencia neural y el \u00edndice velocidad de conducci\u00f3n nerviosa: una aproximaci\u00f3n emp\u00edrica"},"content":{"rendered":"<h2>Tesis doctoral de <strong>  Bonastre Rovira Rosa M. <\/strong><\/h2>\n<p>Para valorar la asociaci\u00f3n de las diferencias individuales en inteligencia psicom\u00e9trica (ci) con las diferencias en eficiencia neural, utilizamos los potenciales evocados cerebrales visuales (vep) y el \u00edndice de la velocidad de conducci\u00f3n nerviosa (vcn) en la v\u00eda visual derivado de ellos. En una muestra de 20 sujetos (10 mujeres y 10 hombres) se registr\u00f3 la latencia p100 de los vep (el primer potencial el\u00e9ctrico transitorio registrado sobre el c\u00f3rtex visual primario), se tomaron medidas de longuitud de la v\u00eda visual mediante resonancia magn\u00e9tica (rm), y se aplicaron los tests de wechsler y las amp de raven para las medidas de inteligencia psicom\u00e9trica o cociente intelectual (ci). Mediante los anova no se hallaron diferencias significativas entre mujeres y hombres para ninguno de los par\u00e1metros neurofisiol\u00f3gicos (latencias y amplitudes) de los vep, ni para ninguno de los valores del \u00edndice de la vcn neurovisual, ni para ninguna de las medidas psicom\u00e9tricas de inteligencia general, mientras, y era de esperar, s\u00ed se hallaron diferencias significativas en las medidas de longitud (tama\u00f1o) de la cabeza por rm. los resultados no muestran correlaci\u00f3n entre el par\u00e1metro tiempo medido por de latencia p100 o las medidas de velocidad de los vep y las medidas psicom\u00e9tricas de inteligencia fluida (gf). Este resultado no soportar\u00eda la hip\u00f3tesis del tiempo de la transmisi\u00f3n neural r\u00e1pida para la inteligencia general (g). La longitud (tama\u00f1o) de la cabeza no fue correlacionada con los par\u00e1metros de los vep, pero s\u00ed fue correlacionada con las medidas psicom\u00e9tricas tanto de inteligencia cristalizada (aritm\u00e9tica) como de inteligencia fluida (no verbal). En el an\u00e1lisis fueron utilizadas las medias de la longitud de la cabeza (distancia) y la latencia p100 (tiempo de transmisi\u00f3n neural) para calcular el cociente de velocidad (distancia\/tiempo) del \u00edndice denominado vcn neurovisual (subcortical) que present\u00f3 un patr\u00f3n de correlac<\/p>\n<p>&nbsp;<\/p>\n<h3>Datos acad\u00e9micos de la tesis doctoral \u00ab<strong>La inteligencia general (g), la eficiencia neural y el \u00edndice velocidad de conducci\u00f3n nerviosa: una aproximaci\u00f3n emp\u00edrica<\/strong>\u00ab<\/h3>\n<ul>\n<li><strong>T\u00edtulo de la tesis:<\/strong>\u00a0 La inteligencia general (g), la eficiencia neural y el \u00edndice velocidad de conducci\u00f3n nerviosa: una aproximaci\u00f3n emp\u00edrica <\/li>\n<li><strong>Autor:<\/strong>\u00a0  Bonastre Rovira Rosa M. <\/li>\n<li><strong>Universidad:<\/strong>\u00a0 Aut\u00f3noma de barcelona<\/li>\n<li><strong>Fecha de lectura de la tesis:<\/strong>\u00a0 01\/04\/2005<\/li>\n<\/ul>\n<p>&nbsp;<\/p>\n<h3>Direcci\u00f3n y tribunal<\/h3>\n<ul>\n<li><strong>Director de la tesis<\/strong>\n<ul>\n<li> Costa Molinari Josep M.<\/li>\n<\/ul>\n<\/li>\n<li><strong>Tribunal<\/strong>\n<ul>\n<li>Presidente del tribunal: adolf Tobe\u00f1a pallar\u00e9s <\/li>\n<li>Miguel S\u00e1nchez turet (vocal)<\/li>\n<li>carmen Junque plaja (vocal)<\/li>\n<li>jordi Porta manza\u00f1ido (vocal)<\/li>\n<\/ul>\n<\/li>\n<\/ul>\n<p>&nbsp;<\/p>\n","protected":false},"excerpt":{"rendered":"<p>Tesis doctoral de Bonastre Rovira Rosa M. Para valorar la asociaci\u00f3n de las diferencias individuales en inteligencia psicom\u00e9trica (ci) con [&hellip;]<\/p>\n","protected":false},"author":1,"featured_media":0,"comment_status":"open","ping_status":"open","sticky":false,"template":"","format":"standard","meta":{"site-sidebar-layout":"default","site-content-layout":"","ast-site-content-layout":"","site-content-style":"default","site-sidebar-style":"default","ast-global-header-display":"","ast-banner-title-visibility":"","ast-main-header-display":"","ast-hfb-above-header-display":"","ast-hfb-below-header-display":"","ast-hfb-mobile-header-display":"","site-post-title":"","ast-breadcrumbs-content":"","ast-featured-img":"","footer-sml-layout":"","theme-transparent-header-meta":"","adv-header-id-meta":"","stick-header-meta":"","header-above-stick-meta":"","header-main-stick-meta":"","header-below-stick-meta":"","astra-migrate-meta-layouts":"default","ast-page-background-enabled":"default","ast-page-background-meta":{"desktop":{"background-color":"var(--ast-global-color-4)","background-image":"","background-repeat":"repeat","background-position":"center center","background-size":"auto","background-attachment":"scroll","background-type":"","background-media":"","overlay-type":"","overlay-color":"","overlay-gradient":""},"tablet":{"background-color":"","background-image":"","background-repeat":"repeat","background-position":"center center","background-size":"auto","background-attachment":"scroll","background-type":"","background-media":"","overlay-type":"","overlay-color":"","overlay-gradient":""},"mobile":{"background-color":"","background-image":"","background-repeat":"repeat","background-position":"center center","background-size":"auto","background-attachment":"scroll","background-type":"","background-media":"","overlay-type":"","overlay-color":"","overlay-gradient":""}},"ast-content-background-meta":{"desktop":{"background-color":"var(--ast-global-color-5)","background-image":"","background-repeat":"repeat","background-position":"center center","background-size":"auto","background-attachment":"scroll","background-type":"","background-media":"","overlay-type":"","overlay-color":"","overlay-gradient":""},"tablet":{"background-color":"var(--ast-global-color-5)","background-image":"","background-repeat":"repeat","background-position":"center center","background-size":"auto","background-attachment":"scroll","background-type":"","background-media":"","overlay-type":"","overlay-color":"","overlay-gradient":""},"mobile":{"background-color":"var(--ast-global-color-5)","background-image":"","background-repeat":"repeat","background-position":"center center","background-size":"auto","background-attachment":"scroll","background-type":"","background-media":"","overlay-type":"","overlay-color":"","overlay-gradient":""}},"footnotes":""},"categories":[4167,7638,324,2462,5110],"tags":[41718,159334,10192,86092,159335,6691],"class_list":["post-73388","post","type-post","status-publish","format-standard","hentry","category-actividad-cerebral","category-procesos-sensoriales","category-psicologia","category-psicologia-experimental","category-psicologia-fisiologica","tag-adolf-tobena-pallares","tag-bonastre-rovira-rosa-m","tag-carmen-junque-plaja","tag-costa-molinari-josep-m","tag-jordi-porta-manzanido","tag-miguel-sanchez-turet"],"_links":{"self":[{"href":"https:\/\/www.deberes.net\/tesis\/wp-json\/wp\/v2\/posts\/73388","targetHints":{"allow":["GET"]}}],"collection":[{"href":"https:\/\/www.deberes.net\/tesis\/wp-json\/wp\/v2\/posts"}],"about":[{"href":"https:\/\/www.deberes.net\/tesis\/wp-json\/wp\/v2\/types\/post"}],"author":[{"embeddable":true,"href":"https:\/\/www.deberes.net\/tesis\/wp-json\/wp\/v2\/users\/1"}],"replies":[{"embeddable":true,"href":"https:\/\/www.deberes.net\/tesis\/wp-json\/wp\/v2\/comments?post=73388"}],"version-history":[{"count":0,"href":"https:\/\/www.deberes.net\/tesis\/wp-json\/wp\/v2\/posts\/73388\/revisions"}],"wp:attachment":[{"href":"https:\/\/www.deberes.net\/tesis\/wp-json\/wp\/v2\/media?parent=73388"}],"wp:term":[{"taxonomy":"category","embeddable":true,"href":"https:\/\/www.deberes.net\/tesis\/wp-json\/wp\/v2\/categories?post=73388"},{"taxonomy":"post_tag","embeddable":true,"href":"https:\/\/www.deberes.net\/tesis\/wp-json\/wp\/v2\/tags?post=73388"}],"curies":[{"name":"wp","href":"https:\/\/api.w.org\/{rel}","templated":true}]}}