{"id":73401,"date":"2005-02-04T00:00:00","date_gmt":"2005-02-04T00:00:00","guid":{"rendered":"https:\/\/www.deberes.net\/tesis\/sin-categoria\/factores-ambientales-relacionados-con-el-exito-reproductivo-del-cerna%c2%adcalo-primilla-cambio-climatico-e-intensificacion-agraria\/"},"modified":"2005-02-04T00:00:00","modified_gmt":"2005-02-04T00:00:00","slug":"factores-ambientales-relacionados-con-el-exito-reproductivo-del-cerna%c2%adcalo-primilla-cambio-climatico-e-intensificacion-agraria","status":"publish","type":"post","link":"https:\/\/www.deberes.net\/tesis\/salamanca\/factores-ambientales-relacionados-con-el-exito-reproductivo-del-cerna%c2%adcalo-primilla-cambio-climatico-e-intensificacion-agraria\/","title":{"rendered":"Factores ambientales relacionados con el \u00e9xito reproductivo del cern\u00edcalo primilla. cambio clim\u00e1tico e intensificaci\u00f3n agraria."},"content":{"rendered":"<h2>Tesis doctoral de <strong> Carlos Rodr\u00edguez L\u00f3pez <\/strong><\/h2>\n<p>Clima y usos del suelo constituyen condicionantes ecol\u00f3gicos fundamentales en la din\u00e1mica poblacional de numerosas especies, sobre todo de aquellas ligadas a h\u00e1bitats antropizados. A causa de las actividades humanas, el clima y los usos del suelo var\u00edan a mayor velocidad de lo que ven\u00eda siendo habitual, lo que puede suponer una serie amenaza para especies en declive. \u00e9ste es el caso del cern\u00edcalo primilla, actualmente extinguido en pa\u00edses como austria, hungr\u00eda y polonia. En espa\u00f1a, su poblaci\u00f3n durante los a\u00f1os 70 se estimaba en unas 20.000-50.000 parejas. El censo de 1989 estim\u00f3 la poblaci\u00f3n espa\u00f1ola en 4.000-5.000.  la din\u00e1mica de la poblaci\u00f3n andaluza se caracteriza por una escasa fertilidad, especialmente baja durante los a\u00f1os m\u00e1s secos. En este contexto, resulta necesario conocer el efecto que las condiciones clim\u00e1ticas y los cambios en los usos del suelo ejercern sobre el \u00e9xito reproductivo de la especie. \u00e9se es el objetivo principal de este trabajo, que adem\u00e1s de evaluar el efecto de las condiciones clim\u00e1ticas anuales sobre diferentes par\u00e1metros reproductivos de seis colonias controladas con esfuerzo constante durante un per\u00edodo de 7 a 15 a\u00f1os, elabora un modelo retrospectivo para conocer el efecto del cambio clim\u00e1tico sobre la din\u00e1mica poblacional de la especie. esta informaci\u00f3n tambi\u00e9n se utiliza como elemento de correcci\u00f3n en la evaluaci\u00f3n del efecto que la estructura y composici\u00f3n de usos agr\u00edcolas en las colonias tiene sobre su \u00e9xito reproductivo. Dado que dicho efecto viene mediado por la abundancia y disponibilidad de presas, se presta especial atenci\u00f3n a la optimaci\u00f3n tr\u00f3fica que la especie lleva a cabo en las localidades de estudio y a la densidad de ort\u00f3pteros en el \u00e1rea de campeo de las colonias. por \u00faltimo se elabora un modelo de simulaci\u00f3n que constituye una herramienta de gesti\u00f3n y control de las poblaciones andaluzas de la especie.<\/p>\n<p>&nbsp;<\/p>\n<h3>Datos acad\u00e9micos de la tesis doctoral \u00ab<strong>Factores ambientales relacionados con el \u00e9xito reproductivo del cern\u00edcalo primilla. cambio clim\u00e1tico e intensificaci\u00f3n agraria.<\/strong>\u00ab<\/h3>\n<ul>\n<li><strong>T\u00edtulo de la tesis:<\/strong>\u00a0 Factores ambientales relacionados con el \u00e9xito reproductivo del cern\u00edcalo primilla. cambio clim\u00e1tico e intensificaci\u00f3n agraria. <\/li>\n<li><strong>Autor:<\/strong>\u00a0 Carlos Rodr\u00edguez L\u00f3pez <\/li>\n<li><strong>Universidad:<\/strong>\u00a0 Salamanca<\/li>\n<li><strong>Fecha de lectura de la tesis:<\/strong>\u00a0 02\/04\/2005<\/li>\n<\/ul>\n<p>&nbsp;<\/p>\n<h3>Direcci\u00f3n y tribunal<\/h3>\n<ul>\n<li><strong>Director de la tesis<\/strong>\n<ul>\n<li> Bustamante D\u00edaz JavierM.<\/li>\n<\/ul>\n<\/li>\n<li><strong>Tribunal<\/strong>\n<ul>\n<li>Presidente del tribunal: Miguel Lizana avia <\/li>\n<li>Jos\u00e9 Antonio Sanchez zapata (vocal)<\/li>\n<li>Jos\u00e9 Luis Tella escobedo (vocal)<\/li>\n<li>e. Arroyo beatriz (vocal)<\/li>\n<\/ul>\n<\/li>\n<\/ul>\n<p>&nbsp;<\/p>\n","protected":false},"excerpt":{"rendered":"<p>Tesis doctoral de Carlos Rodr\u00edguez L\u00f3pez Clima y usos del suelo constituyen condicionantes ecol\u00f3gicos fundamentales en la din\u00e1mica poblacional de [&hellip;]<\/p>\n","protected":false},"author":1,"featured_media":0,"comment_status":"open","ping_status":"open","sticky":false,"template":"","format":"standard","meta":{"site-sidebar-layout":"default","site-content-layout":"","ast-site-content-layout":"","site-content-style":"default","site-sidebar-style":"default","ast-global-header-display":"","ast-banner-title-visibility":"","ast-main-header-display":"","ast-hfb-above-header-display":"","ast-hfb-below-header-display":"","ast-hfb-mobile-header-display":"","site-post-title":"","ast-breadcrumbs-content":"","ast-featured-img":"","footer-sml-layout":"","theme-transparent-header-meta":"","adv-header-id-meta":"","stick-header-meta":"","header-above-stick-meta":"","header-main-stick-meta":"","header-below-stick-meta":"","astra-migrate-meta-layouts":"default","ast-page-background-enabled":"default","ast-page-background-meta":{"desktop":{"background-color":"var(--ast-global-color-4)","background-image":"","background-repeat":"repeat","background-position":"center center","background-size":"auto","background-attachment":"scroll","background-type":"","background-media":"","overlay-type":"","overlay-color":"","overlay-gradient":""},"tablet":{"background-color":"","background-image":"","background-repeat":"repeat","background-position":"center center","background-size":"auto","background-attachment":"scroll","background-type":"","background-media":"","overlay-type":"","overlay-color":"","overlay-gradient":""},"mobile":{"background-color":"","background-image":"","background-repeat":"repeat","background-position":"center center","background-size":"auto","background-attachment":"scroll","background-type":"","background-media":"","overlay-type":"","overlay-color":"","overlay-gradient":""}},"ast-content-background-meta":{"desktop":{"background-color":"var(--ast-global-color-5)","background-image":"","background-repeat":"repeat","background-position":"center center","background-size":"auto","background-attachment":"scroll","background-type":"","background-media":"","overlay-type":"","overlay-color":"","overlay-gradient":""},"tablet":{"background-color":"var(--ast-global-color-5)","background-image":"","background-repeat":"repeat","background-position":"center center","background-size":"auto","background-attachment":"scroll","background-type":"","background-media":"","overlay-type":"","overlay-color":"","overlay-gradient":""},"mobile":{"background-color":"var(--ast-global-color-5)","background-image":"","background-repeat":"repeat","background-position":"center center","background-size":"auto","background-attachment":"scroll","background-type":"","background-media":"","overlay-type":"","overlay-color":"","overlay-gradient":""}},"footnotes":""},"categories":[9386],"tags":[61444,159356,159357,51315,55824,62574],"class_list":["post-73401","post","type-post","status-publish","format-standard","hentry","category-salamanca","tag-bustamante-diaz-javierm","tag-carlos-rodriguez-lopez","tag-e-arroyo-beatriz","tag-jose-antonio-sanchez-zapata","tag-jose-luis-tella-escobedo","tag-miguel-lizana-avia"],"_links":{"self":[{"href":"https:\/\/www.deberes.net\/tesis\/wp-json\/wp\/v2\/posts\/73401","targetHints":{"allow":["GET"]}}],"collection":[{"href":"https:\/\/www.deberes.net\/tesis\/wp-json\/wp\/v2\/posts"}],"about":[{"href":"https:\/\/www.deberes.net\/tesis\/wp-json\/wp\/v2\/types\/post"}],"author":[{"embeddable":true,"href":"https:\/\/www.deberes.net\/tesis\/wp-json\/wp\/v2\/users\/1"}],"replies":[{"embeddable":true,"href":"https:\/\/www.deberes.net\/tesis\/wp-json\/wp\/v2\/comments?post=73401"}],"version-history":[{"count":0,"href":"https:\/\/www.deberes.net\/tesis\/wp-json\/wp\/v2\/posts\/73401\/revisions"}],"wp:attachment":[{"href":"https:\/\/www.deberes.net\/tesis\/wp-json\/wp\/v2\/media?parent=73401"}],"wp:term":[{"taxonomy":"category","embeddable":true,"href":"https:\/\/www.deberes.net\/tesis\/wp-json\/wp\/v2\/categories?post=73401"},{"taxonomy":"post_tag","embeddable":true,"href":"https:\/\/www.deberes.net\/tesis\/wp-json\/wp\/v2\/tags?post=73401"}],"curies":[{"name":"wp","href":"https:\/\/api.w.org\/{rel}","templated":true}]}}