{"id":73402,"date":"2005-04-04T00:00:00","date_gmt":"2005-04-04T00:00:00","guid":{"rendered":"https:\/\/www.deberes.net\/tesis\/sin-categoria\/reclamaciones-derivadas-de-la-asistencia-sanitaria-publica-deficiente-en-catalunya-analisis-y-evolucion-en-el-pera%c2%adodo-1994-2002\/"},"modified":"2005-04-04T00:00:00","modified_gmt":"2005-04-04T00:00:00","slug":"reclamaciones-derivadas-de-la-asistencia-sanitaria-publica-deficiente-en-catalunya-analisis-y-evolucion-en-el-pera%c2%adodo-1994-2002","status":"publish","type":"post","link":"https:\/\/www.deberes.net\/tesis\/ciencias-de-la-vida\/reclamaciones-derivadas-de-la-asistencia-sanitaria-publica-deficiente-en-catalunya-analisis-y-evolucion-en-el-pera%c2%adodo-1994-2002\/","title":{"rendered":"Reclamaciones derivadas de la asistencia sanitaria p\u00fablica deficiente en catalunya an\u00e1lisis y evoluci\u00f3n en el per\u00edodo 1994-2002"},"content":{"rendered":"<h2>Tesis doctoral de <strong>  Rodr\u00edguez Mayorga Jos\u00e9 Luis <\/strong><\/h2>\n<p>El prop\u00f3sito del presente trabajo es el an\u00e1lisis de la evoluci\u00f3n de las reclamaciones presentadas ante la generalitat de catalunya tras una asistencia sanitaria que se presume defectuosa en cualquiera de sus vicisitudes evolutivas por parte del propio paciente, de sus representantes legales \u00f3 de sus herederos.  una vez analizados los expedientes, se pretende mediante el m\u00e9todo que posteriormente se describe, establecer la idoneidad de las reclamaciones efectuadas y establecer las causas reales de reclamaci\u00f3n en base a poder establecer unas premisas de actuaci\u00f3n tanto desde la administraci\u00f3n como desde los profesionales de la sanidad para elevar el nivel de atenci\u00f3n al ciudadano y disminuir el n\u00famero de reclamaciones presentadas.<\/p>\n<p>&nbsp;<\/p>\n<h3>Datos acad\u00e9micos de la tesis doctoral \u00ab<strong>Reclamaciones derivadas de la asistencia sanitaria p\u00fablica deficiente en catalunya an\u00e1lisis y evoluci\u00f3n en el per\u00edodo 1994-2002<\/strong>\u00ab<\/h3>\n<ul>\n<li><strong>T\u00edtulo de la tesis:<\/strong>\u00a0 Reclamaciones derivadas de la asistencia sanitaria p\u00fablica deficiente en catalunya an\u00e1lisis y evoluci\u00f3n en el per\u00edodo 1994-2002 <\/li>\n<li><strong>Autor:<\/strong>\u00a0  Rodr\u00edguez Mayorga Jos\u00e9 Luis <\/li>\n<li><strong>Universidad:<\/strong>\u00a0 Barcelona<\/li>\n<li><strong>Fecha de lectura de la tesis:<\/strong>\u00a0 04\/04\/2005<\/li>\n<\/ul>\n<p>&nbsp;<\/p>\n<h3>Direcci\u00f3n y tribunal<\/h3>\n<ul>\n<li><strong>Director de la tesis<\/strong>\n<ul>\n<li>Emili Huguet Ramia<\/li>\n<\/ul>\n<\/li>\n<li><strong>Tribunal<\/strong>\n<ul>\n<li>Presidente del tribunal: manuel Rodr\u00edguez pazos <\/li>\n<li>manel Camps sarroca (vocal)<\/li>\n<li>gabriel Mart\u00ed amengual (vocal)<\/li>\n<li>Juan  bautista Marti lloret (vocal)<\/li>\n<\/ul>\n<\/li>\n<\/ul>\n<p>&nbsp;<\/p>\n","protected":false},"excerpt":{"rendered":"<p>Tesis doctoral de Rodr\u00edguez Mayorga Jos\u00e9 Luis El prop\u00f3sito del presente trabajo es el an\u00e1lisis de la evoluci\u00f3n de las [&hellip;]<\/p>\n","protected":false},"author":1,"featured_media":0,"comment_status":"open","ping_status":"open","sticky":false,"template":"","format":"standard","meta":{"site-sidebar-layout":"default","site-content-layout":"","ast-site-content-layout":"","site-content-style":"default","site-sidebar-style":"default","ast-global-header-display":"","ast-banner-title-visibility":"","ast-main-header-display":"","ast-hfb-above-header-display":"","ast-hfb-below-header-display":"","ast-hfb-mobile-header-display":"","site-post-title":"","ast-breadcrumbs-content":"","ast-featured-img":"","footer-sml-layout":"","theme-transparent-header-meta":"","adv-header-id-meta":"","stick-header-meta":"","header-above-stick-meta":"","header-main-stick-meta":"","header-below-stick-meta":"","astra-migrate-meta-layouts":"default","ast-page-background-enabled":"default","ast-page-background-meta":{"desktop":{"background-color":"var(--ast-global-color-4)","background-image":"","background-repeat":"repeat","background-position":"center center","background-size":"auto","background-attachment":"scroll","background-type":"","background-media":"","overlay-type":"","overlay-color":"","overlay-gradient":""},"tablet":{"background-color":"","background-image":"","background-repeat":"repeat","background-position":"center center","background-size":"auto","background-attachment":"scroll","background-type":"","background-media":"","overlay-type":"","overlay-color":"","overlay-gradient":""},"mobile":{"background-color":"","background-image":"","background-repeat":"repeat","background-position":"center center","background-size":"auto","background-attachment":"scroll","background-type":"","background-media":"","overlay-type":"","overlay-color":"","overlay-gradient":""}},"ast-content-background-meta":{"desktop":{"background-color":"var(--ast-global-color-5)","background-image":"","background-repeat":"repeat","background-position":"center center","background-size":"auto","background-attachment":"scroll","background-type":"","background-media":"","overlay-type":"","overlay-color":"","overlay-gradient":""},"tablet":{"background-color":"var(--ast-global-color-5)","background-image":"","background-repeat":"repeat","background-position":"center center","background-size":"auto","background-attachment":"scroll","background-type":"","background-media":"","overlay-type":"","overlay-color":"","overlay-gradient":""},"mobile":{"background-color":"var(--ast-global-color-5)","background-image":"","background-repeat":"repeat","background-position":"center center","background-size":"auto","background-attachment":"scroll","background-type":"","background-media":"","overlay-type":"","overlay-color":"","overlay-gradient":""}},"footnotes":""},"categories":[922,11825,951,35],"tags":[3941,33211,9372,159359,407,159358],"class_list":["post-73402","post","type-post","status-publish","format-standard","hentry","category-antropologia-fisica","category-antropometria-y-antropologia-forense","category-barcelona","category-ciencias-de-la-vida","tag-emili-huguet-ramia","tag-gabriel-marti-amengual","tag-juan-bautista-marti-lloret","tag-manel-camps-sarroca","tag-manuel-rodriguez-pazos","tag-rodriguez-mayorga-jose-luis"],"_links":{"self":[{"href":"https:\/\/www.deberes.net\/tesis\/wp-json\/wp\/v2\/posts\/73402","targetHints":{"allow":["GET"]}}],"collection":[{"href":"https:\/\/www.deberes.net\/tesis\/wp-json\/wp\/v2\/posts"}],"about":[{"href":"https:\/\/www.deberes.net\/tesis\/wp-json\/wp\/v2\/types\/post"}],"author":[{"embeddable":true,"href":"https:\/\/www.deberes.net\/tesis\/wp-json\/wp\/v2\/users\/1"}],"replies":[{"embeddable":true,"href":"https:\/\/www.deberes.net\/tesis\/wp-json\/wp\/v2\/comments?post=73402"}],"version-history":[{"count":0,"href":"https:\/\/www.deberes.net\/tesis\/wp-json\/wp\/v2\/posts\/73402\/revisions"}],"wp:attachment":[{"href":"https:\/\/www.deberes.net\/tesis\/wp-json\/wp\/v2\/media?parent=73402"}],"wp:term":[{"taxonomy":"category","embeddable":true,"href":"https:\/\/www.deberes.net\/tesis\/wp-json\/wp\/v2\/categories?post=73402"},{"taxonomy":"post_tag","embeddable":true,"href":"https:\/\/www.deberes.net\/tesis\/wp-json\/wp\/v2\/tags?post=73402"}],"curies":[{"name":"wp","href":"https:\/\/api.w.org\/{rel}","templated":true}]}}