{"id":73413,"date":"2005-05-04T00:00:00","date_gmt":"2005-05-04T00:00:00","guid":{"rendered":"https:\/\/www.deberes.net\/tesis\/sin-categoria\/expresion-de-moduladores-de-la-fase-g1-s-del-ciclo-celular-y-estudio-del-a%c2%adndice-de-proliferacion-como-marcadores-pronosticos-en-tumores-vesicales-estado-ta-t1\/"},"modified":"2005-05-04T00:00:00","modified_gmt":"2005-05-04T00:00:00","slug":"expresion-de-moduladores-de-la-fase-g1-s-del-ciclo-celular-y-estudio-del-a%c2%adndice-de-proliferacion-como-marcadores-pronosticos-en-tumores-vesicales-estado-ta-t1","status":"publish","type":"post","link":"https:\/\/www.deberes.net\/tesis\/ciencias-medicas\/expresion-de-moduladores-de-la-fase-g1-s-del-ciclo-celular-y-estudio-del-a%c2%adndice-de-proliferacion-como-marcadores-pronosticos-en-tumores-vesicales-estado-ta-t1\/","title":{"rendered":"Expresi\u00f3n de moduladores de la fase g1-s del ciclo celular y estudio del \u00edndice de proliferaci\u00f3n como marcadores pron\u00f3sticos en tumores vesicales estado ta\/t1."},"content":{"rendered":"<h2>Tesis doctoral de <strong> Ana Quintero Cabello <\/strong><\/h2>\n<p>El c\u00e1ncesr de vejiga superficial , que incluye los estadios ta y t1 (clasificaci\u00f3n tnm 2002)es la forma m\u00e1s frecuente de neoplaissa urotelial en este \u00f3rgano, donde representa aproximadamente el 80% de  los tumores.El problema principal referido a esta forma neopl\u00e1sica se centra en su elevada tendencia a producir nuevas recidivas neopl\u00e1sicas tras el tratamiento quir\u00fargico del tumor primario. la hip\u00f3tesis de este trabajo se basa que las alteraciones encontradas en las proteinas reguladoras de la progresi\u00f3n del ciclo celular de la fase g1 a la fase s son uno delos marcadores m\u00e1s prometedores y su papel pron\u00f3stico del c\u00e1ncer de vejiga necesita establecerse claramente. La presente tesis doctoral se baso en un estudio retrospectivo de 164 pacientes con tumores vesicales sobre los cuales se estudiaron la expresi\u00f3n de los marcadores positivos del ciclo celular ciclina d1 y ciclina d3 , los moduladores negativos del ciclo celular p21cip1, p27kipp1, p53 y el \u00edndice de proliferaci\u00f3n celular medido por ki-67.Los resultados obtenidos en un estudio descriptivo demostraron diferencias significativas respecto al tama\u00f1o tumoral respecto a la expresi\u00f3n dela ciclina d3 y al \u00edndice de proliferaci\u00f3n celular. Este estudio demostro de manera significativa la existencia de un mayor expresi\u00f3n de la prote\u00edna p53 en tumores de mayor grado. Cuando se relaiz\u00f3 el an\u00e1lisis de supervivencia libre de recidiva. Dicho an\u00e1lisis demostr\u00f3 como valores significativos e incluso independientes a la expresi\u00f3n de la ciclina d1 y el \u00edndice de proliferaci\u00f3n , lo que se encuentra de acuerdo con otros estudios encontrados en la litertura que demuestran una mayor expresi\u00f3n de estos marcaores en tumores vesicales no invasivos. El an\u00e1lisis de supervivencia global c\u00e1ncer-espec\u00edfica demostro como valores independientes a la expresi\u00f3n de la ciclina d3, al indice de proliferaci\u00f3n celular y al tama\u00f1o tumoral , rasultados muy novedosos hasta el momento no desc<\/p>\n<p>&nbsp;<\/p>\n<h3>Datos acad\u00e9micos de la tesis doctoral \u00ab<strong>Expresi\u00f3n de moduladores de la fase g1-s del ciclo celular y estudio del \u00edndice de proliferaci\u00f3n como marcadores pron\u00f3sticos en tumores vesicales estado ta\/t1.<\/strong>\u00ab<\/h3>\n<ul>\n<li><strong>T\u00edtulo de la tesis:<\/strong>\u00a0 Expresi\u00f3n de moduladores de la fase g1-s del ciclo celular y estudio del \u00edndice de proliferaci\u00f3n como marcadores pron\u00f3sticos en tumores vesicales estado ta\/t1. <\/li>\n<li><strong>Autor:<\/strong>\u00a0 Ana Quintero Cabello <\/li>\n<li><strong>Universidad:<\/strong>\u00a0 C\u00f3rdoba<\/li>\n<li><strong>Fecha de lectura de la tesis:<\/strong>\u00a0 05\/04\/2005<\/li>\n<\/ul>\n<p>&nbsp;<\/p>\n<h3>Direcci\u00f3n y tribunal<\/h3>\n<ul>\n<li><strong>Director de la tesis<\/strong>\n<ul>\n<li>Antonio L\u00f3pez Beltr\u00e1n<\/li>\n<\/ul>\n<\/li>\n<li><strong>Tribunal<\/strong>\n<ul>\n<li>Presidente del tribunal: concepcion Morales jimenez <\/li>\n<li>Rafael Rold\u00e1n villalobos (vocal)<\/li>\n<li>Jos\u00e9 Carlos Reymundo garcia (vocal)<\/li>\n<li>ricardo Gonzalez campora (vocal)<\/li>\n<\/ul>\n<\/li>\n<\/ul>\n<p>&nbsp;<\/p>\n","protected":false},"excerpt":{"rendered":"<p>Tesis doctoral de Ana Quintero Cabello El c\u00e1ncesr de vejiga superficial , que incluye los estadios ta y t1 (clasificaci\u00f3n [&hellip;]<\/p>\n","protected":false},"author":1,"featured_media":0,"comment_status":"open","ping_status":"open","sticky":false,"template":"","format":"standard","meta":{"site-sidebar-layout":"default","site-content-layout":"","ast-site-content-layout":"","site-content-style":"default","site-sidebar-style":"default","ast-global-header-display":"","ast-banner-title-visibility":"","ast-main-header-display":"","ast-hfb-above-header-display":"","ast-hfb-below-header-display":"","ast-hfb-mobile-header-display":"","site-post-title":"","ast-breadcrumbs-content":"","ast-featured-img":"","footer-sml-layout":"","theme-transparent-header-meta":"","adv-header-id-meta":"","stick-header-meta":"","header-above-stick-meta":"","header-main-stick-meta":"","header-below-stick-meta":"","astra-migrate-meta-layouts":"default","ast-page-background-enabled":"default","ast-page-background-meta":{"desktop":{"background-color":"var(--ast-global-color-4)","background-image":"","background-repeat":"repeat","background-position":"center center","background-size":"auto","background-attachment":"scroll","background-type":"","background-media":"","overlay-type":"","overlay-color":"","overlay-gradient":""},"tablet":{"background-color":"","background-image":"","background-repeat":"repeat","background-position":"center center","background-size":"auto","background-attachment":"scroll","background-type":"","background-media":"","overlay-type":"","overlay-color":"","overlay-gradient":""},"mobile":{"background-color":"","background-image":"","background-repeat":"repeat","background-position":"center center","background-size":"auto","background-attachment":"scroll","background-type":"","background-media":"","overlay-type":"","overlay-color":"","overlay-gradient":""}},"ast-content-background-meta":{"desktop":{"background-color":"var(--ast-global-color-5)","background-image":"","background-repeat":"repeat","background-position":"center center","background-size":"auto","background-attachment":"scroll","background-type":"","background-media":"","overlay-type":"","overlay-color":"","overlay-gradient":""},"tablet":{"background-color":"var(--ast-global-color-5)","background-image":"","background-repeat":"repeat","background-position":"center center","background-size":"auto","background-attachment":"scroll","background-type":"","background-media":"","overlay-type":"","overlay-color":"","overlay-gradient":""},"mobile":{"background-color":"var(--ast-global-color-5)","background-image":"","background-repeat":"repeat","background-position":"center center","background-size":"auto","background-attachment":"scroll","background-type":"","background-media":"","overlay-type":"","overlay-color":"","overlay-gradient":""}},"footnotes":""},"categories":[8901,9,973,156],"tags":[159373,7892,11084,20895,20749,11092],"class_list":["post-73413","post","type-post","status-publish","format-standard","hentry","category-carcinogenesis","category-ciencias-medicas","category-cordoba","category-patologia","tag-ana-quintero-cabello","tag-antonio-lopez-beltran","tag-concepcion-morales-jimenez","tag-jose-carlos-reymundo-garcia","tag-rafael-roldan-villalobos","tag-ricardo-gonzalez-campora"],"_links":{"self":[{"href":"https:\/\/www.deberes.net\/tesis\/wp-json\/wp\/v2\/posts\/73413","targetHints":{"allow":["GET"]}}],"collection":[{"href":"https:\/\/www.deberes.net\/tesis\/wp-json\/wp\/v2\/posts"}],"about":[{"href":"https:\/\/www.deberes.net\/tesis\/wp-json\/wp\/v2\/types\/post"}],"author":[{"embeddable":true,"href":"https:\/\/www.deberes.net\/tesis\/wp-json\/wp\/v2\/users\/1"}],"replies":[{"embeddable":true,"href":"https:\/\/www.deberes.net\/tesis\/wp-json\/wp\/v2\/comments?post=73413"}],"version-history":[{"count":0,"href":"https:\/\/www.deberes.net\/tesis\/wp-json\/wp\/v2\/posts\/73413\/revisions"}],"wp:attachment":[{"href":"https:\/\/www.deberes.net\/tesis\/wp-json\/wp\/v2\/media?parent=73413"}],"wp:term":[{"taxonomy":"category","embeddable":true,"href":"https:\/\/www.deberes.net\/tesis\/wp-json\/wp\/v2\/categories?post=73413"},{"taxonomy":"post_tag","embeddable":true,"href":"https:\/\/www.deberes.net\/tesis\/wp-json\/wp\/v2\/tags?post=73413"}],"curies":[{"name":"wp","href":"https:\/\/api.w.org\/{rel}","templated":true}]}}