{"id":73416,"date":"2005-05-04T00:00:00","date_gmt":"2005-05-04T00:00:00","guid":{"rendered":"https:\/\/www.deberes.net\/tesis\/sin-categoria\/la-estetica-musical-de-manuel-de-falla\/"},"modified":"2005-05-04T00:00:00","modified_gmt":"2005-05-04T00:00:00","slug":"la-estetica-musical-de-manuel-de-falla","status":"publish","type":"post","link":"https:\/\/www.deberes.net\/tesis\/ciencias-de-las-artes-y-las-letras\/la-estetica-musical-de-manuel-de-falla\/","title":{"rendered":"La est\u00e9tica musical de manuel de falla"},"content":{"rendered":"<h2>Tesis doctoral de <strong> Antonio Narejos Bernab\u00e9u <\/strong><\/h2>\n<p>La tesis intenta una aproximaci\u00f3n multidisciplinar al hecho musical en manuel de falla, pensando su m\u00fasica desde las condiciones que la hicieron posible. Se ha ensayado un estudio desde la perspectiva hist\u00f3rica, cultural, musicol\u00f3gica y t\u00e9cnico-musical, partiendo de enfoques diferentes, con objeto de deshabituar la mirada y permitir que surjan nuevas narraciones. Hablar de una est\u00e9tica musical en falla es atender al conjunto de los factores que hicieron que su m\u00fasica fuera la que es y al significado cultural y art\u00edstico que \u00e9l quiso darle.  el trabajo est\u00e1 dividido en tres grandes secciones complementarias entre s\u00ed: \u00ab\u00bbperfil biogr\u00e1fico intelectual\u00bb\u00bb, \u00ab\u00bbproblemas e ideas\u00bb\u00bb y \u00ab\u00bbel proceso creativo de manuel de falla\u00bb\u00bb. El perfil biogr\u00e1fico intelectual es un intento de reescritura de la biograf\u00eda de falla desde las vivencias que fueron marcando el devenir de su evoluci\u00f3n, personal y art\u00edstica. A lo largo de su relato, se han ido distribuyendo los hechos m\u00e1s significativos en relaci\u00f3n a la construcci\u00f3n de su personalidad y su autoconciencia de la misma, atendiendo a las tensiones que la recorrieron a lo largo de toda su vida. No se trata de un mero recuento ordenado de acontecimientos, sino que se busca estructurar unidades significantes que me permitieran conectar los contenidos de los sucesivos cap\u00edtulos.  en la segunda parte se entra de lleno en las interrogantes est\u00e9ticas a las que se enfrenta el compositor. La respuesta dada por falla se traduce en forma de reflexiones e ideas sobre la creaci\u00f3n musical y la funci\u00f3n social de la m\u00fasica, al tiempo que concreta en sus obras la definici\u00f3n de sus propias aspiraciones musicales. La divisi\u00f3n de esta parte en dos grandes cap\u00edtulos est\u00e1 justificada por abordar dos aspectos complementarios. en \u00ab\u00bbfalla un m\u00fasico de su tiempo\u00bb\u00bb se hace una aproximaci\u00f3n situ\u00e1ndole en el contexto musical y cultural de su \u00e9poca y en los entornos que vivi\u00f3, mientras que en \u00ab\u00bbel pensamiento music<\/p>\n<p>&nbsp;<\/p>\n<h3>Datos acad\u00e9micos de la tesis doctoral \u00ab<strong>La est\u00e9tica musical de manuel de falla<\/strong>\u00ab<\/h3>\n<ul>\n<li><strong>T\u00edtulo de la tesis:<\/strong>\u00a0 La est\u00e9tica musical de manuel de falla <\/li>\n<li><strong>Autor:<\/strong>\u00a0 Antonio Narejos Bernab\u00e9u <\/li>\n<li><strong>Universidad:<\/strong>\u00a0 Murcia<\/li>\n<li><strong>Fecha de lectura de la tesis:<\/strong>\u00a0 05\/04\/2005<\/li>\n<\/ul>\n<p>&nbsp;<\/p>\n<h3>Direcci\u00f3n y tribunal<\/h3>\n<ul>\n<li><strong>Director de la tesis<\/strong>\n<ul>\n<li>Francisco Jarauta Marion<\/li>\n<\/ul>\n<\/li>\n<li><strong>Tribunal<\/strong>\n<ul>\n<li>Presidente del tribunal: ram\u00f3n Barce benito <\/li>\n<li>yvan Nommick (vocal)<\/li>\n<li>Francisco Javier Diez de revenga torres (vocal)<\/li>\n<li>\u00c1lvaro Zaldivar gracia (vocal)<\/li>\n<\/ul>\n<\/li>\n<\/ul>\n<p>&nbsp;<\/p>\n","protected":false},"excerpt":{"rendered":"<p>Tesis doctoral de Antonio Narejos Bernab\u00e9u La tesis intenta una aproximaci\u00f3n multidisciplinar al hecho musical en manuel de falla, pensando [&hellip;]<\/p>\n","protected":false},"author":1,"featured_media":0,"comment_status":"open","ping_status":"open","sticky":false,"template":"","format":"standard","meta":{"site-sidebar-layout":"default","site-content-layout":"","ast-site-content-layout":"","site-content-style":"default","site-sidebar-style":"default","ast-global-header-display":"","ast-banner-title-visibility":"","ast-main-header-display":"","ast-hfb-above-header-display":"","ast-hfb-below-header-display":"","ast-hfb-mobile-header-display":"","site-post-title":"","ast-breadcrumbs-content":"","ast-featured-img":"","footer-sml-layout":"","theme-transparent-header-meta":"","adv-header-id-meta":"","stick-header-meta":"","header-above-stick-meta":"","header-main-stick-meta":"","header-below-stick-meta":"","astra-migrate-meta-layouts":"default","ast-page-background-enabled":"default","ast-page-background-meta":{"desktop":{"background-color":"var(--ast-global-color-4)","background-image":"","background-repeat":"repeat","background-position":"center center","background-size":"auto","background-attachment":"scroll","background-type":"","background-media":"","overlay-type":"","overlay-color":"","overlay-gradient":""},"tablet":{"background-color":"","background-image":"","background-repeat":"repeat","background-position":"center center","background-size":"auto","background-attachment":"scroll","background-type":"","background-media":"","overlay-type":"","overlay-color":"","overlay-gradient":""},"mobile":{"background-color":"","background-image":"","background-repeat":"repeat","background-position":"center center","background-size":"auto","background-attachment":"scroll","background-type":"","background-media":"","overlay-type":"","overlay-color":"","overlay-gradient":""}},"ast-content-background-meta":{"desktop":{"background-color":"var(--ast-global-color-5)","background-image":"","background-repeat":"repeat","background-position":"center center","background-size":"auto","background-attachment":"scroll","background-type":"","background-media":"","overlay-type":"","overlay-color":"","overlay-gradient":""},"tablet":{"background-color":"var(--ast-global-color-5)","background-image":"","background-repeat":"repeat","background-position":"center center","background-size":"auto","background-attachment":"scroll","background-type":"","background-media":"","overlay-type":"","overlay-color":"","overlay-gradient":""},"mobile":{"background-color":"var(--ast-global-color-5)","background-image":"","background-repeat":"repeat","background-position":"center center","background-size":"auto","background-attachment":"scroll","background-type":"","background-media":"","overlay-type":"","overlay-color":"","overlay-gradient":""}},"footnotes":""},"categories":[147,165,1078,8235,9132,1111],"tags":[59870,159376,8503,8638,50137,55122],"class_list":["post-73416","post","type-post","status-publish","format-standard","hentry","category-ciencias-de-las-artes-y-las-letras","category-filosofia","category-filosofia-social","category-murcia","category-musica-y-musicologia","category-teoria-analisis-y-critica-de-las-bellas-artes","tag-alvaro-zaldivar-gracia","tag-antonio-narejos-bernabeu","tag-francisco-jarauta-marion","tag-francisco-javier-diez-de-revenga-torres","tag-ramon-barce-benito","tag-yvan-nommick"],"_links":{"self":[{"href":"https:\/\/www.deberes.net\/tesis\/wp-json\/wp\/v2\/posts\/73416","targetHints":{"allow":["GET"]}}],"collection":[{"href":"https:\/\/www.deberes.net\/tesis\/wp-json\/wp\/v2\/posts"}],"about":[{"href":"https:\/\/www.deberes.net\/tesis\/wp-json\/wp\/v2\/types\/post"}],"author":[{"embeddable":true,"href":"https:\/\/www.deberes.net\/tesis\/wp-json\/wp\/v2\/users\/1"}],"replies":[{"embeddable":true,"href":"https:\/\/www.deberes.net\/tesis\/wp-json\/wp\/v2\/comments?post=73416"}],"version-history":[{"count":0,"href":"https:\/\/www.deberes.net\/tesis\/wp-json\/wp\/v2\/posts\/73416\/revisions"}],"wp:attachment":[{"href":"https:\/\/www.deberes.net\/tesis\/wp-json\/wp\/v2\/media?parent=73416"}],"wp:term":[{"taxonomy":"category","embeddable":true,"href":"https:\/\/www.deberes.net\/tesis\/wp-json\/wp\/v2\/categories?post=73416"},{"taxonomy":"post_tag","embeddable":true,"href":"https:\/\/www.deberes.net\/tesis\/wp-json\/wp\/v2\/tags?post=73416"}],"curies":[{"name":"wp","href":"https:\/\/api.w.org\/{rel}","templated":true}]}}