{"id":73435,"date":"2005-06-04T00:00:00","date_gmt":"2005-06-04T00:00:00","guid":{"rendered":"https:\/\/www.deberes.net\/tesis\/sin-categoria\/adenoma-pleoformo-de-la-glandula-parotida-1988-1999-estudio-y-evaluacion-de-aspectos-epidemiologicos-cla%c2%adnicos-diagnosticos-y-terapeuticos\/"},"modified":"2005-06-04T00:00:00","modified_gmt":"2005-06-04T00:00:00","slug":"adenoma-pleoformo-de-la-glandula-parotida-1988-1999-estudio-y-evaluacion-de-aspectos-epidemiologicos-cla%c2%adnicos-diagnosticos-y-terapeuticos","status":"publish","type":"post","link":"https:\/\/www.deberes.net\/tesis\/ciencias-medicas\/adenoma-pleoformo-de-la-glandula-parotida-1988-1999-estudio-y-evaluacion-de-aspectos-epidemiologicos-cla%c2%adnicos-diagnosticos-y-terapeuticos\/","title":{"rendered":"\u00abadenoma pleoformo de la gl\u00e1ndula par\u00f3tida. 1988-1999: estudio y evaluaci\u00f3n de aspectos epidemiol\u00f3gicos, cl\u00ednicos, diagn\u00f3sticos y terap\u00e9uticos\u00bb"},"content":{"rendered":"<h2>Tesis doctoral de <strong> Javier Bara Casaus <\/strong><\/h2>\n<p>En esta tesis se revisan un total de 240 tumores de la gl\u00e1ndula par\u00f3tida, diagnosticados y tratados en el servicio de cirug\u00eda oral y maxilofacial del hospital gregorio mara\u00f1\u00f3n de Madrid y en el instituto de cirug\u00eda maxilofacial dr.Acero de Madrid durante el periodo de tiempo comprendido entre los a\u00f1os 1988-1999. Se realiza un estudio cl\u00ednico retrospectivo de los 131 casos de adenoma pleoformo.  las conclusiones del estudio fueron las siguientes:  1. El adenoma pleoformo de la gl\u00e1ndula par\u00f3tida es el tumor m\u00e1s frecuente.  2. La mayor\u00eda de datos cl\u00ednicos de nuestra revisi\u00f3n guardan total concordancia con los datos de otras series publicadas.  3. El diagn\u00f3stico del adenoma pleoformo de la gl\u00e1ndula par\u00f3tida es fundamentalmente, cl\u00ednico, siendo la exploraci\u00f3n f\u00edsica primordial. La paaf representa el m\u00e9todo diagn\u00f3stico de elecci\u00f3n junto al examen cl\u00ednico minucioso. Otras t\u00e9cnicas diagn\u00f3sticas s\u00f3lo ayudan en el planteamiento quir\u00fargico.  4. La biopsia o la enucleaci\u00f3n tumoral son t\u00e9cnicas contraindicadas en el manejo de ese tipo de tumores, dado que se asocian con un alto \u00edndice de recidiva tumoral. La parotidectom\u00eda superficial es considerada por nosotros como la t\u00e9\u00f1cnica quir\u00fargica m\u00ednima a realizar en un paciente afecto de un adenoma pleoformo de la par\u00f3tida cuando se localiza en el l\u00f3bulo superficial.  5. Nuestra casu\u00edstica arroja un bajo \u00edndice de recidiva tumoral y se consigue el control del tumor en la mayor\u00eda de los casos recidivados tratados.  6. La realizaci\u00f3n de una enucleaci\u00f3n o de una parotidectom\u00eda total se relacionan con un mayor porcentaje de lesiones definitivas del nervio facial en comparaci\u00f3n con la pr\u00e1ctica de una parotidectom\u00eda superficial.<\/p>\n<p>&nbsp;<\/p>\n<h3>Datos acad\u00e9micos de la tesis doctoral \u00ab<strong>\u00abadenoma pleoformo de la gl\u00e1ndula par\u00f3tida. 1988-1999: estudio y evaluaci\u00f3n de aspectos epidemiol\u00f3gicos, cl\u00ednicos, diagn\u00f3sticos y terap\u00e9uticos\u00bb<\/strong>\u00ab<\/h3>\n<ul>\n<li><strong>T\u00edtulo de la tesis:<\/strong>\u00a0 \u00abadenoma pleoformo de la gl\u00e1ndula par\u00f3tida. 1988-1999: estudio y evaluaci\u00f3n de aspectos epidemiol\u00f3gicos, cl\u00ednicos, diagn\u00f3sticos y terap\u00e9uticos\u00bb <\/li>\n<li><strong>Autor:<\/strong>\u00a0 Javier Bara Casaus <\/li>\n<li><strong>Universidad:<\/strong>\u00a0 Internacional de catalunya<\/li>\n<li><strong>Fecha de lectura de la tesis:<\/strong>\u00a0 06\/04\/2005<\/li>\n<\/ul>\n<p>&nbsp;<\/p>\n<h3>Direcci\u00f3n y tribunal<\/h3>\n<ul>\n<li><strong>Director de la tesis<\/strong>\n<ul>\n<li> Acero Sanz Dr. Julio<\/li>\n<\/ul>\n<\/li>\n<li><strong>Tribunal<\/strong>\n<ul>\n<li>Presidente del tribunal: rafael Caballero herrera <\/li>\n<li>Jes\u00fas Costa vila (vocal)<\/li>\n<li>miquel Cortada colomer (vocal)<\/li>\n<li>Jos\u00e9 ignacio Salmer\u00f3n escobar (vocal)<\/li>\n<\/ul>\n<\/li>\n<\/ul>\n<p>&nbsp;<\/p>\n","protected":false},"excerpt":{"rendered":"<p>Tesis doctoral de Javier Bara Casaus En esta tesis se revisan un total de 240 tumores de la gl\u00e1ndula par\u00f3tida, [&hellip;]<\/p>\n","protected":false},"author":1,"featured_media":0,"comment_status":"open","ping_status":"open","sticky":false,"template":"","format":"standard","meta":{"site-sidebar-layout":"default","site-content-layout":"","ast-site-content-layout":"","site-content-style":"default","site-sidebar-style":"default","ast-global-header-display":"","ast-banner-title-visibility":"","ast-main-header-display":"","ast-hfb-above-header-display":"","ast-hfb-below-header-display":"","ast-hfb-mobile-header-display":"","site-post-title":"","ast-breadcrumbs-content":"","ast-featured-img":"","footer-sml-layout":"","theme-transparent-header-meta":"","adv-header-id-meta":"","stick-header-meta":"","header-above-stick-meta":"","header-main-stick-meta":"","header-below-stick-meta":"","astra-migrate-meta-layouts":"default","ast-page-background-enabled":"default","ast-page-background-meta":{"desktop":{"background-color":"var(--ast-global-color-4)","background-image":"","background-repeat":"repeat","background-position":"center center","background-size":"auto","background-attachment":"scroll","background-type":"","background-media":"","overlay-type":"","overlay-color":"","overlay-gradient":""},"tablet":{"background-color":"","background-image":"","background-repeat":"repeat","background-position":"center center","background-size":"auto","background-attachment":"scroll","background-type":"","background-media":"","overlay-type":"","overlay-color":"","overlay-gradient":""},"mobile":{"background-color":"","background-image":"","background-repeat":"repeat","background-position":"center center","background-size":"auto","background-attachment":"scroll","background-type":"","background-media":"","overlay-type":"","overlay-color":"","overlay-gradient":""}},"ast-content-background-meta":{"desktop":{"background-color":"var(--ast-global-color-5)","background-image":"","background-repeat":"repeat","background-position":"center center","background-size":"auto","background-attachment":"scroll","background-type":"","background-media":"","overlay-type":"","overlay-color":"","overlay-gradient":""},"tablet":{"background-color":"var(--ast-global-color-5)","background-image":"","background-repeat":"repeat","background-position":"center center","background-size":"auto","background-attachment":"scroll","background-type":"","background-media":"","overlay-type":"","overlay-color":"","overlay-gradient":""},"mobile":{"background-color":"var(--ast-global-color-5)","background-image":"","background-repeat":"repeat","background-position":"center center","background-size":"auto","background-attachment":"scroll","background-type":"","background-media":"","overlay-type":"","overlay-color":"","overlay-gradient":""}},"footnotes":""},"categories":[9,40818,1027,156],"tags":[159406,159405,23601,159407,40821,3960],"class_list":["post-73435","post","type-post","status-publish","format-standard","hentry","category-ciencias-medicas","category-internacional-de-catalunya","category-oncologia","category-patologia","tag-acero-sanz-dr-julio","tag-javier-bara-casaus","tag-jesus-costa-vila","tag-jose-ignacio-salmeron-escobar","tag-miquel-cortada-colomer","tag-rafael-caballero-herrera"],"_links":{"self":[{"href":"https:\/\/www.deberes.net\/tesis\/wp-json\/wp\/v2\/posts\/73435","targetHints":{"allow":["GET"]}}],"collection":[{"href":"https:\/\/www.deberes.net\/tesis\/wp-json\/wp\/v2\/posts"}],"about":[{"href":"https:\/\/www.deberes.net\/tesis\/wp-json\/wp\/v2\/types\/post"}],"author":[{"embeddable":true,"href":"https:\/\/www.deberes.net\/tesis\/wp-json\/wp\/v2\/users\/1"}],"replies":[{"embeddable":true,"href":"https:\/\/www.deberes.net\/tesis\/wp-json\/wp\/v2\/comments?post=73435"}],"version-history":[{"count":0,"href":"https:\/\/www.deberes.net\/tesis\/wp-json\/wp\/v2\/posts\/73435\/revisions"}],"wp:attachment":[{"href":"https:\/\/www.deberes.net\/tesis\/wp-json\/wp\/v2\/media?parent=73435"}],"wp:term":[{"taxonomy":"category","embeddable":true,"href":"https:\/\/www.deberes.net\/tesis\/wp-json\/wp\/v2\/categories?post=73435"},{"taxonomy":"post_tag","embeddable":true,"href":"https:\/\/www.deberes.net\/tesis\/wp-json\/wp\/v2\/tags?post=73435"}],"curies":[{"name":"wp","href":"https:\/\/api.w.org\/{rel}","templated":true}]}}