{"id":73457,"date":"2005-08-04T00:00:00","date_gmt":"2005-08-04T00:00:00","guid":{"rendered":"https:\/\/www.deberes.net\/tesis\/sin-categoria\/la-comunidad-europea-de-defensa-c-e-d-1950-1954-aidealismo-europea%c2%adsta-o-interes-de-estado\/"},"modified":"2005-08-04T00:00:00","modified_gmt":"2005-08-04T00:00:00","slug":"la-comunidad-europea-de-defensa-c-e-d-1950-1954-aidealismo-europea%c2%adsta-o-interes-de-estado","status":"publish","type":"post","link":"https:\/\/www.deberes.net\/tesis\/historia\/la-comunidad-europea-de-defensa-c-e-d-1950-1954-aidealismo-europea%c2%adsta-o-interes-de-estado\/","title":{"rendered":"La comunidad europea de defensa (c.e.d.) 1950-1954 \u00c2\u00bfidealismo europe\u00edsta o inter\u00e9s de estado?"},"content":{"rendered":"<h2>Tesis doctoral de <strong> Victor Gav\u00edn Munt\u00e9 <\/strong><\/h2>\n<p>?Fue el idealismo europe\u00edsta o el inter\u00e9s de estado lo que motiv\u00f3 a los responsables gubernamentales a dar inicio al proceso de integraci\u00f3n de europa? Esta es la pregunta funtadmental a la que trata de dar respuesta esta tesis doctorial utilizando como  objeto de an\u00e1lisis el devenir del proyecto de comunidad europea de defensa (c.E.D.)Durante los a\u00f1os 1950-1954, proyecto que nunca lleg\u00f3 a convertirse en realidad pero que estableci\u00f3 hasta donde se estaba dispuesto a llegar en nombre de europa.La conclusi\u00f3n principal de esta tesis es que la fuerza impulsora de la inteegraci\u00f3n de europa en los or\u00edgenes del proceso fue el inter\u00e9s de los estados en proporcionarse una dimensi\u00f3n imposible de alcanzar con sus recursos propios o dentro del marco de sus fronteras y no un idealismo euro\u00edsta que tendr\u00eda como objetivo la creaci\u00f3n de instituciones supranacionales con poder sobre los estados , o incluso una europa federal o confederal , como un fin en si mismo.<\/p>\n<p>&nbsp;<\/p>\n<h3>Datos acad\u00e9micos de la tesis doctoral \u00ab<strong>La comunidad europea de defensa (c.e.d.) 1950-1954 \u00c2\u00bfidealismo europe\u00edsta o inter\u00e9s de estado?<\/strong>\u00ab<\/h3>\n<ul>\n<li><strong>T\u00edtulo de la tesis:<\/strong>\u00a0 La comunidad europea de defensa (c.e.d.) 1950-1954 \u00c2\u00bfidealismo europe\u00edsta o inter\u00e9s de estado? <\/li>\n<li><strong>Autor:<\/strong>\u00a0 Victor Gav\u00edn Munt\u00e9 <\/li>\n<li><strong>Universidad:<\/strong>\u00a0 Barcelona<\/li>\n<li><strong>Fecha de lectura de la tesis:<\/strong>\u00a0 08\/04\/2005<\/li>\n<\/ul>\n<p>&nbsp;<\/p>\n<h3>Direcci\u00f3n y tribunal<\/h3>\n<ul>\n<li><strong>Director de la tesis<\/strong>\n<ul>\n<li>Joan Oliver Puigdom\u00e9nech<\/li>\n<\/ul>\n<\/li>\n<li><strong>Tribunal<\/strong>\n<ul>\n<li>Presidente del tribunal: antoni Segura i mas <\/li>\n<li>Fernando Guirao pi\u00f1eyro (vocal)<\/li>\n<li> Van der harst jan (vocal)<\/li>\n<li>fred Halliday (vocal)<\/li>\n<\/ul>\n<\/li>\n<\/ul>\n<p>&nbsp;<\/p>\n","protected":false},"excerpt":{"rendered":"<p>Tesis doctoral de Victor Gav\u00edn Munt\u00e9 ?Fue el idealismo europe\u00edsta o el inter\u00e9s de estado lo que motiv\u00f3 a los [&hellip;]<\/p>\n","protected":false},"author":1,"featured_media":0,"comment_status":"open","ping_status":"open","sticky":false,"template":"","format":"standard","meta":{"site-sidebar-layout":"default","site-content-layout":"","ast-site-content-layout":"","site-content-style":"default","site-sidebar-style":"default","ast-global-header-display":"","ast-banner-title-visibility":"","ast-main-header-display":"","ast-hfb-above-header-display":"","ast-hfb-below-header-display":"","ast-hfb-mobile-header-display":"","site-post-title":"","ast-breadcrumbs-content":"","ast-featured-img":"","footer-sml-layout":"","theme-transparent-header-meta":"","adv-header-id-meta":"","stick-header-meta":"","header-above-stick-meta":"","header-main-stick-meta":"","header-below-stick-meta":"","astra-migrate-meta-layouts":"default","ast-page-background-enabled":"default","ast-page-background-meta":{"desktop":{"background-color":"var(--ast-global-color-4)","background-image":"","background-repeat":"repeat","background-position":"center center","background-size":"auto","background-attachment":"scroll","background-type":"","background-media":"","overlay-type":"","overlay-color":"","overlay-gradient":""},"tablet":{"background-color":"","background-image":"","background-repeat":"repeat","background-position":"center center","background-size":"auto","background-attachment":"scroll","background-type":"","background-media":"","overlay-type":"","overlay-color":"","overlay-gradient":""},"mobile":{"background-color":"","background-image":"","background-repeat":"repeat","background-position":"center center","background-size":"auto","background-attachment":"scroll","background-type":"","background-media":"","overlay-type":"","overlay-color":"","overlay-gradient":""}},"ast-content-background-meta":{"desktop":{"background-color":"var(--ast-global-color-5)","background-image":"","background-repeat":"repeat","background-position":"center center","background-size":"auto","background-attachment":"scroll","background-type":"","background-media":"","overlay-type":"","overlay-color":"","overlay-gradient":""},"tablet":{"background-color":"var(--ast-global-color-5)","background-image":"","background-repeat":"repeat","background-position":"center center","background-size":"auto","background-attachment":"scroll","background-type":"","background-media":"","overlay-type":"","overlay-color":"","overlay-gradient":""},"mobile":{"background-color":"var(--ast-global-color-5)","background-image":"","background-repeat":"repeat","background-position":"center center","background-size":"auto","background-attachment":"scroll","background-type":"","background-media":"","overlay-type":"","overlay-color":"","overlay-gradient":""}},"footnotes":""},"categories":[951,104,1816,220],"tags":[12941,159445,116965,116964,159446,159444],"class_list":["post-73457","post","type-post","status-publish","format-standard","hentry","category-barcelona","category-historia","category-historia-contemporanea","category-historia-por-epocas","tag-antoni-segura-i-mas","tag-fernando-guirao-pineyro","tag-fred-halliday","tag-joan-oliver-puigdomanech","tag-van-der-harst-jan","tag-victor-gavin-munte"],"_links":{"self":[{"href":"https:\/\/www.deberes.net\/tesis\/wp-json\/wp\/v2\/posts\/73457","targetHints":{"allow":["GET"]}}],"collection":[{"href":"https:\/\/www.deberes.net\/tesis\/wp-json\/wp\/v2\/posts"}],"about":[{"href":"https:\/\/www.deberes.net\/tesis\/wp-json\/wp\/v2\/types\/post"}],"author":[{"embeddable":true,"href":"https:\/\/www.deberes.net\/tesis\/wp-json\/wp\/v2\/users\/1"}],"replies":[{"embeddable":true,"href":"https:\/\/www.deberes.net\/tesis\/wp-json\/wp\/v2\/comments?post=73457"}],"version-history":[{"count":0,"href":"https:\/\/www.deberes.net\/tesis\/wp-json\/wp\/v2\/posts\/73457\/revisions"}],"wp:attachment":[{"href":"https:\/\/www.deberes.net\/tesis\/wp-json\/wp\/v2\/media?parent=73457"}],"wp:term":[{"taxonomy":"category","embeddable":true,"href":"https:\/\/www.deberes.net\/tesis\/wp-json\/wp\/v2\/categories?post=73457"},{"taxonomy":"post_tag","embeddable":true,"href":"https:\/\/www.deberes.net\/tesis\/wp-json\/wp\/v2\/tags?post=73457"}],"curies":[{"name":"wp","href":"https:\/\/api.w.org\/{rel}","templated":true}]}}