{"id":73476,"date":"2005-08-04T00:00:00","date_gmt":"2005-08-04T00:00:00","guid":{"rendered":"https:\/\/www.deberes.net\/tesis\/sin-categoria\/efecto-de-la-radioterapia-en-glandulas-salivales-accesorias\/"},"modified":"2005-08-04T00:00:00","modified_gmt":"2005-08-04T00:00:00","slug":"efecto-de-la-radioterapia-en-glandulas-salivales-accesorias","status":"publish","type":"post","link":"https:\/\/www.deberes.net\/tesis\/ciencias-medicas\/efecto-de-la-radioterapia-en-glandulas-salivales-accesorias\/","title":{"rendered":"Efecto de la radioterapia en gl\u00e1ndulas salivales accesorias."},"content":{"rendered":"<h2>Tesis doctoral de <strong>  P\u00e9rez Fern\u00e1ndez  Carmen Aranzazu <\/strong><\/h2>\n<p>Los cambios que producen las radiaciones ionizantes sobre las gl\u00e1ndulas salivales de tipo mucoso en humanos son poco conocidos. Por ello se estudiaron los cambios que estas radiaciones producen  sobre las gl\u00e1ndulas salivales labiales (gl\u00e1ndulas mucosas). Se evalu\u00f3 la secreci\u00f3n salival y las alteraciones morfol\u00f3gicas que se produc\u00edan en dichas gl\u00e1ndulas a los tres meses de haber finalizado dicho tratamiento.  se incluyeron en el estudio 17 pacientes  con diagn\u00f3stico de  neoplasia de cabeza y cuello y que  recibieron tratamiento radioter\u00e1pico (que inclu\u00edan los labios en campo de irradiaci\u00f3n). Se realiz\u00f3 un cuestionario de salivaci\u00f3n, sialometr\u00eda y estudio histol\u00f3gico de las gl\u00e1ndulas labiales (acinos, conductos y tejido conectivo periglandular: seg\u00fan las alteraciones se obten\u00eda el grado de atrofia) antes del tratamiento radioter\u00e1pico y a los tres meses de haber finalizado el mismo.  antes de la radioterapia 3 pacientes refer\u00edan tener xerostomia (grado leve). La secreci\u00f3n salival media fue de 0,21 ml \/m y en cuatro pacientes exist\u00eda una atrofia glandular leve antes de dicho tratamiento. En la segunda fase del estudio, todos los pacientes refer\u00edan tener xerostom\u00eda en mayor o menor grado (7 de forma moderada y en 10 de forma severa). La secreci\u00f3n salival media fue de 0,05  ml\/  min y en todos los pacientes se observ\u00f3 atrofia glandular (en 7 sujetos de forma leve, en 7 sujetos de forma moderada y en los 3 pacientes restantes de forma severa).  los pacientes que reciben tratamiento radioter\u00e1pico incluyendo labio inferior en campo de irradiaci\u00f3n  tienen una disminuci\u00f3n de la secreci\u00f3n salival y como s\u00edntoma primordial refieren la xerostomia. En las gl\u00e1ndulas labiales estas producen una atrofia glandular (en mayor o menor medida), por la suma de da\u00f1os producidos a nivel de acinos (disminuyen en n\u00famero), conductos (se dilatan) y tejido conectivo periglandular (se sustituye por tejido fibro-adiposo).<\/p>\n<p>&nbsp;<\/p>\n<h3>Datos acad\u00e9micos de la tesis doctoral \u00ab<strong>Efecto de la radioterapia en gl\u00e1ndulas salivales accesorias.<\/strong>\u00ab<\/h3>\n<ul>\n<li><strong>T\u00edtulo de la tesis:<\/strong>\u00a0 Efecto de la radioterapia en gl\u00e1ndulas salivales accesorias. <\/li>\n<li><strong>Autor:<\/strong>\u00a0  P\u00e9rez Fern\u00e1ndez  Carmen Aranzazu <\/li>\n<li><strong>Universidad:<\/strong>\u00a0 Universitat de val\u00e9ncia (estudi general)<\/li>\n<li><strong>Fecha de lectura de la tesis:<\/strong>\u00a0 08\/04\/2005<\/li>\n<\/ul>\n<p>&nbsp;<\/p>\n<h3>Direcci\u00f3n y tribunal<\/h3>\n<ul>\n<li><strong>Director de la tesis<\/strong>\n<ul>\n<li>Jorge Basterra Alegria<\/li>\n<\/ul>\n<\/li>\n<li><strong>Tribunal<\/strong>\n<ul>\n<li>Presidente del tribunal: Miguel Gonz\u00e1lez p\u00e9rez <\/li>\n<li>\u00e1ngel Mart\u00ednez-sahuquillo m\u00e1rquez (vocal)<\/li>\n<li>daniel L\u00f3pez aguado (vocal)<\/li>\n<li>carmen Gavalda esteve (vocal)<\/li>\n<\/ul>\n<\/li>\n<\/ul>\n<p>&nbsp;<\/p>\n","protected":false},"excerpt":{"rendered":"<p>Tesis doctoral de P\u00e9rez Fern\u00e1ndez Carmen Aranzazu Los cambios que producen las radiaciones ionizantes sobre las gl\u00e1ndulas salivales de tipo [&hellip;]<\/p>\n","protected":false},"author":1,"featured_media":0,"comment_status":"open","ping_status":"open","sticky":false,"template":"","format":"standard","meta":{"site-sidebar-layout":"default","site-content-layout":"","ast-site-content-layout":"","site-content-style":"default","site-sidebar-style":"default","ast-global-header-display":"","ast-banner-title-visibility":"","ast-main-header-display":"","ast-hfb-above-header-display":"","ast-hfb-below-header-display":"","ast-hfb-mobile-header-display":"","site-post-title":"","ast-breadcrumbs-content":"","ast-featured-img":"","footer-sml-layout":"","theme-transparent-header-meta":"","adv-header-id-meta":"","stick-header-meta":"","header-above-stick-meta":"","header-main-stick-meta":"","header-below-stick-meta":"","astra-migrate-meta-layouts":"default","ast-page-background-enabled":"default","ast-page-background-meta":{"desktop":{"background-color":"var(--ast-global-color-4)","background-image":"","background-repeat":"repeat","background-position":"center center","background-size":"auto","background-attachment":"scroll","background-type":"","background-media":"","overlay-type":"","overlay-color":"","overlay-gradient":""},"tablet":{"background-color":"","background-image":"","background-repeat":"repeat","background-position":"center center","background-size":"auto","background-attachment":"scroll","background-type":"","background-media":"","overlay-type":"","overlay-color":"","overlay-gradient":""},"mobile":{"background-color":"","background-image":"","background-repeat":"repeat","background-position":"center center","background-size":"auto","background-attachment":"scroll","background-type":"","background-media":"","overlay-type":"","overlay-color":"","overlay-gradient":""}},"ast-content-background-meta":{"desktop":{"background-color":"var(--ast-global-color-5)","background-image":"","background-repeat":"repeat","background-position":"center center","background-size":"auto","background-attachment":"scroll","background-type":"","background-media":"","overlay-type":"","overlay-color":"","overlay-gradient":""},"tablet":{"background-color":"var(--ast-global-color-5)","background-image":"","background-repeat":"repeat","background-position":"center center","background-size":"auto","background-attachment":"scroll","background-type":"","background-media":"","overlay-type":"","overlay-color":"","overlay-gradient":""},"mobile":{"background-color":"var(--ast-global-color-5)","background-image":"","background-repeat":"repeat","background-position":"center center","background-size":"auto","background-attachment":"scroll","background-type":"","background-media":"","overlay-type":"","overlay-color":"","overlay-gradient":""}},"footnotes":""},"categories":[9,141,1543],"tags":[21984,159483,8199,27159,8197,159482],"class_list":["post-73476","post","type-post","status-publish","format-standard","hentry","category-ciencias-medicas","category-cirugia","category-cirugia-de-garganta-nariz-y-oidos","tag-angel-Martinez-sahuquillo-marquez","tag-carmen-gavalda-esteve","tag-daniel-lopez-aguado","tag-jorge-basterra-alegria","tag-miguel-gonzalez-perez","tag-perez-fernandez-carmen-aranzazu"],"_links":{"self":[{"href":"https:\/\/www.deberes.net\/tesis\/wp-json\/wp\/v2\/posts\/73476","targetHints":{"allow":["GET"]}}],"collection":[{"href":"https:\/\/www.deberes.net\/tesis\/wp-json\/wp\/v2\/posts"}],"about":[{"href":"https:\/\/www.deberes.net\/tesis\/wp-json\/wp\/v2\/types\/post"}],"author":[{"embeddable":true,"href":"https:\/\/www.deberes.net\/tesis\/wp-json\/wp\/v2\/users\/1"}],"replies":[{"embeddable":true,"href":"https:\/\/www.deberes.net\/tesis\/wp-json\/wp\/v2\/comments?post=73476"}],"version-history":[{"count":0,"href":"https:\/\/www.deberes.net\/tesis\/wp-json\/wp\/v2\/posts\/73476\/revisions"}],"wp:attachment":[{"href":"https:\/\/www.deberes.net\/tesis\/wp-json\/wp\/v2\/media?parent=73476"}],"wp:term":[{"taxonomy":"category","embeddable":true,"href":"https:\/\/www.deberes.net\/tesis\/wp-json\/wp\/v2\/categories?post=73476"},{"taxonomy":"post_tag","embeddable":true,"href":"https:\/\/www.deberes.net\/tesis\/wp-json\/wp\/v2\/tags?post=73476"}],"curies":[{"name":"wp","href":"https:\/\/api.w.org\/{rel}","templated":true}]}}