{"id":73488,"date":"2005-08-04T00:00:00","date_gmt":"2005-08-04T00:00:00","guid":{"rendered":"https:\/\/www.deberes.net\/tesis\/sin-categoria\/comportamiento-micromecanico-y-a-corrosion-de-una-aleacion-de-aluminioaa2009reforzada-con-sic\/"},"modified":"2005-08-04T00:00:00","modified_gmt":"2005-08-04T00:00:00","slug":"comportamiento-micromecanico-y-a-corrosion-de-una-aleacion-de-aluminioaa2009reforzada-con-sic","status":"publish","type":"post","link":"https:\/\/www.deberes.net\/tesis\/fisica\/comportamiento-micromecanico-y-a-corrosion-de-una-aleacion-de-aluminioaa2009reforzada-con-sic\/","title":{"rendered":"Comportamiento micromec\u00e1nico y a corrosi\u00f3n de una aleaci\u00f3n de aluminio(aa2009)reforzada con sic."},"content":{"rendered":"<h2>Tesis doctoral de <strong> Pilar Rodrigo Herrero <\/strong><\/h2>\n<p>La memoria se ha centrado en el estudio de la influencia del tipo de refuerzo y del estado de la matriz en materiales compuestos de matriz de aluminio con refuerzo discontinuo (dras), sobre su comportamiento micromec\u00e1nico y frente a la corrosi\u00f3n en medios agresivos. Para ello, se han utilizado dos materiales comerciales fabricados por via pulvimetal\u00fargica constituidos por la misma matriz aa2009. \u00e9sta es una aleaci\u00f3n ai-cu-mg desarrollada exclusivamente para la fabricaci\u00f3n de dras para uso aeroespacial y que se caracteriza por tener un porcentaje muy bajo de impurezas. Dicha matriz en cada uno de los materiales compuestos estudiados est\u00e1 reforzada con una 15% de carburo de silicio pero con distintas morfolog\u00edas: en forma de particulas, aa2009\/sic\/15p, y en forma de whiskers, aa2009\/sic\/15w.  mediante t\u00e9cnicas de caracterizaci\u00f3n microestructural, como son la microscop\u00eda \u00f3ptica, la microscopia electr\u00f3nica, la difracci\u00f3n y la fluorescencia de rayos-x, se estudiaron los materiales de partida para determinar la morfolog\u00eda y tama\u00f1o de grano, los estados de precipitaci\u00f3n de la matriz, el tama\u00f1o y disposici\u00f3n del esfuerzo en el seno de la aleaci\u00f3n de aluminio, etc. todos ellos, factores que van a condicionar el posterior comportamiento en servicio del material y tambi\u00e9n su respuesta a distintos tratamientos t\u00e9rmicos.  el segundo paso fue el estudio de las cin\u00e9ticas y secuencias de precipitaci\u00f3n de la matriz. Una vez caracterizados los materiales se sometieron a tratamientos t\u00e9rmicos t6 y t4 y mediante medidas de dureza y microdureza vickers se avalu\u00f3 la capacidad de endurecimiento en funci\u00f3n del medio de temple, de la temperatura de maduraci\u00f3n y de la morfolog\u00eda del refuerzo. Se complet\u00f3 este estudio con ensayos de calorimetria diferencial de barrido (dse) para determinar la secuencia y cin\u00e9tica de precipitaci\u00f3n de la aleaci\u00f3n. Gracias a la microscopia electr\u00f3nica de transmisi\u00f3n (tem) se pudieron identificar la<\/p>\n<p>&nbsp;<\/p>\n<h3>Datos acad\u00e9micos de la tesis doctoral \u00ab<strong>Comportamiento micromec\u00e1nico y a corrosi\u00f3n de una aleaci\u00f3n de aluminio(aa2009)reforzada con sic.<\/strong>\u00ab<\/h3>\n<ul>\n<li><strong>T\u00edtulo de la tesis:<\/strong>\u00a0 Comportamiento micromec\u00e1nico y a corrosi\u00f3n de una aleaci\u00f3n de aluminio(aa2009)reforzada con sic. <\/li>\n<li><strong>Autor:<\/strong>\u00a0 Pilar Rodrigo Herrero <\/li>\n<li><strong>Universidad:<\/strong>\u00a0 Rey juan carlos<\/li>\n<li><strong>Fecha de lectura de la tesis:<\/strong>\u00a0 08\/04\/2005<\/li>\n<\/ul>\n<p>&nbsp;<\/p>\n<h3>Direcci\u00f3n y tribunal<\/h3>\n<ul>\n<li><strong>Director de la tesis<\/strong>\n<ul>\n<li>Alejandro Ure\u00f1a Fernandez<\/li>\n<\/ul>\n<\/li>\n<li><strong>Tribunal<\/strong>\n<ul>\n<li>Presidente del tribunal: enrique Otero huerta <\/li>\n<li>vicente Amig\u00f3 borr\u00e1s (vocal)<\/li>\n<li>Jos\u00e9 Manuel Torralba castello (vocal)<\/li>\n<li>angel Pardo  gutierrez del cid (vocal)<\/li>\n<\/ul>\n<\/li>\n<\/ul>\n<p>&nbsp;<\/p>\n","protected":false},"excerpt":{"rendered":"<p>Tesis doctoral de Pilar Rodrigo Herrero La memoria se ha centrado en el estudio de la influencia del tipo de [&hellip;]<\/p>\n","protected":false},"author":1,"featured_media":0,"comment_status":"open","ping_status":"open","sticky":false,"template":"","format":"standard","meta":{"site-sidebar-layout":"default","site-content-layout":"","ast-site-content-layout":"","site-content-style":"default","site-sidebar-style":"default","ast-global-header-display":"","ast-banner-title-visibility":"","ast-main-header-display":"","ast-hfb-above-header-display":"","ast-hfb-below-header-display":"","ast-hfb-mobile-header-display":"","site-post-title":"","ast-breadcrumbs-content":"","ast-featured-img":"","footer-sml-layout":"","theme-transparent-header-meta":"","adv-header-id-meta":"","stick-header-meta":"","header-above-stick-meta":"","header-main-stick-meta":"","header-below-stick-meta":"","astra-migrate-meta-layouts":"default","ast-page-background-enabled":"default","ast-page-background-meta":{"desktop":{"background-color":"var(--ast-global-color-4)","background-image":"","background-repeat":"repeat","background-position":"center center","background-size":"auto","background-attachment":"scroll","background-type":"","background-media":"","overlay-type":"","overlay-color":"","overlay-gradient":""},"tablet":{"background-color":"","background-image":"","background-repeat":"repeat","background-position":"center center","background-size":"auto","background-attachment":"scroll","background-type":"","background-media":"","overlay-type":"","overlay-color":"","overlay-gradient":""},"mobile":{"background-color":"","background-image":"","background-repeat":"repeat","background-position":"center center","background-size":"auto","background-attachment":"scroll","background-type":"","background-media":"","overlay-type":"","overlay-color":"","overlay-gradient":""}},"ast-content-background-meta":{"desktop":{"background-color":"var(--ast-global-color-5)","background-image":"","background-repeat":"repeat","background-position":"center center","background-size":"auto","background-attachment":"scroll","background-type":"","background-media":"","overlay-type":"","overlay-color":"","overlay-gradient":""},"tablet":{"background-color":"var(--ast-global-color-5)","background-image":"","background-repeat":"repeat","background-position":"center center","background-size":"auto","background-attachment":"scroll","background-type":"","background-media":"","overlay-type":"","overlay-color":"","overlay-gradient":""},"mobile":{"background-color":"var(--ast-global-color-5)","background-image":"","background-repeat":"repeat","background-position":"center center","background-size":"auto","background-attachment":"scroll","background-type":"","background-media":"","overlay-type":"","overlay-color":"","overlay-gradient":""}},"footnotes":""},"categories":[199,1008,6240,1586,36610],"tags":[7241,42114,7252,23017,159510,39849],"class_list":["post-73488","post","type-post","status-publish","format-standard","hentry","category-fisica","category-fisica-del-estado-solido","category-materiales-compuestos","category-metalurgia","category-rey-juan-carlos","tag-alejandro-urena-fernandez","tag-angel-pardo-gutierrez-del-cid","tag-enrique-otero-huerta","tag-jose-manuel-torralba-castello","tag-pilar-rodrigo-herrero","tag-vicente-amigo-borras"],"_links":{"self":[{"href":"https:\/\/www.deberes.net\/tesis\/wp-json\/wp\/v2\/posts\/73488","targetHints":{"allow":["GET"]}}],"collection":[{"href":"https:\/\/www.deberes.net\/tesis\/wp-json\/wp\/v2\/posts"}],"about":[{"href":"https:\/\/www.deberes.net\/tesis\/wp-json\/wp\/v2\/types\/post"}],"author":[{"embeddable":true,"href":"https:\/\/www.deberes.net\/tesis\/wp-json\/wp\/v2\/users\/1"}],"replies":[{"embeddable":true,"href":"https:\/\/www.deberes.net\/tesis\/wp-json\/wp\/v2\/comments?post=73488"}],"version-history":[{"count":0,"href":"https:\/\/www.deberes.net\/tesis\/wp-json\/wp\/v2\/posts\/73488\/revisions"}],"wp:attachment":[{"href":"https:\/\/www.deberes.net\/tesis\/wp-json\/wp\/v2\/media?parent=73488"}],"wp:term":[{"taxonomy":"category","embeddable":true,"href":"https:\/\/www.deberes.net\/tesis\/wp-json\/wp\/v2\/categories?post=73488"},{"taxonomy":"post_tag","embeddable":true,"href":"https:\/\/www.deberes.net\/tesis\/wp-json\/wp\/v2\/tags?post=73488"}],"curies":[{"name":"wp","href":"https:\/\/api.w.org\/{rel}","templated":true}]}}