{"id":73508,"date":"2005-11-04T00:00:00","date_gmt":"2005-11-04T00:00:00","guid":{"rendered":"https:\/\/www.deberes.net\/tesis\/sin-categoria\/prevalencia-de-asma-infantil-y-factores-de-riesgo-relacionados-en-el-area-de-salud-de-guadalajara\/"},"modified":"2005-11-04T00:00:00","modified_gmt":"2005-11-04T00:00:00","slug":"prevalencia-de-asma-infantil-y-factores-de-riesgo-relacionados-en-el-area-de-salud-de-guadalajara","status":"publish","type":"post","link":"https:\/\/www.deberes.net\/tesis\/enfermedades-pulmonares\/prevalencia-de-asma-infantil-y-factores-de-riesgo-relacionados-en-el-area-de-salud-de-guadalajara\/","title":{"rendered":"PreValencia de asma infantil y factores de riesgo relacionados en el area de salud de guadalajara"},"content":{"rendered":"<h2>Tesis doctoral de <strong> Norma Zapater Cerezo <\/strong><\/h2>\n<p>1.\tLa preValencia acumulada de asma infantil en el \u00e1rea de salud de guadalajara es de un 15.6% cifra por debajo del 18% que inicialmente se asumi\u00f3 al plantear el estudio.  2.\tLa preValencia actual de asma infantil en guadalajara esa de un 5.89% 3.\tLas frecuencias de asma y s\u00edntomas sugerentes, obtenidos mediante el cuestionario  isaa son, en general, bajas. En comparaci\u00f3n con los centros isaac espa\u00f1oles, y sin olvidar que ambos estudios abarcan tramos de edad diferentes, podemos observar como las prevalec\u00edas en nuestra provincia se agrupan entre las mas reducidas.  4.\tEl estudio ha permitido constatar unas mayores preValencias de asma acumulada y de asma diagnosticada entre los varones. Adem\u00e1s, ha encontrado una mayor preValencia de asma grave en la zona rural, quiz\u00e1s por la mayor exposici\u00f3n  a aeroalergenos de exterior.  5.\tEn guadalajara el 50% de los ni\u00f1os refer\u00eda su primer ataque e asma en los primeros tres a\u00f1os de vida  6.\tEl tabaquismo de los padres, seguido de sinusitis, alergias y rinoconjuntivitis primaveral son los factores de riesgo a los que han estado expuestos, con mayor frecuencia los ni\u00f1os y  ni\u00f1as de nuestra \u00e1rea de salud 7.\tSe hall\u00f3 una estrecha relaci\u00f3n entre determinados procesos al\u00e9rgicos; como la rincojuntivitis, el eczema o la alergia al polen; y el asma diagnosticado. Tambi\u00e9n se encontr\u00f3 relaci\u00f3n de estos, aunque menos intensa, son el asma prevalente actual.  8.\tLa presencia de asma, diagnosticado, en guadalajara, tambi\u00e9n esta asociada a otros factores e riesgo, como presentar bajo peso al nacer o padecer o haber padecido vegetaciones, p\u00f3lipos o sinusitis.  9.\tDebido al tama\u00f1o muestral no fue posible determinar si existe relaci\u00f3n entre asma y consumo de tabaco de la madre gestante.  10.\tLos principales desencadenantes de las crisis asm\u00e1ticas son en primer lugar las infecciones respiratorias, seguidas de los alergenos ambientales, despu\u00e9s el ejercicio f\u00edsico, los ambientes contaminados y por ultimo la risa.  11.\tSolo 4 de todos los ni\u00f1os entrevistados realizaron un ingreso hospitalario de mas de 24 horas a causa del ama en el ultimo a\u00f1o.  12.\tUno de cada 10 padres cree que el asma imita de manera importante la actividad escolar y la actividad deportiva de sus hijos. Y un 3% que afecta bastante a sus resultados escolares.  13.\tSe detecta un infradiagn\u00f3stico de la enfermedad, ya que una parte de los de los ni\u00f1os y ni\u00f1as con sintomatolog\u00eda sugerente, seg\u00fan el cuestionario, no est\u00e1n diagnosticados de asma. Circunstancia a tener en cuenta por pediatras y m\u00e9dicos de atenci\u00f3n primaria<\/p>\n<p>&nbsp;<\/p>\n<h3>Datos acad\u00e9micos de la tesis doctoral \u00ab<strong>PreValencia de asma infantil y factores de riesgo relacionados en el area de salud de guadalajara<\/strong>\u00ab<\/h3>\n<ul>\n<li><strong>T\u00edtulo de la tesis:<\/strong>\u00a0 PreValencia de asma infantil y factores de riesgo relacionados en el area de salud de guadalajara <\/li>\n<li><strong>Autor:<\/strong>\u00a0 Norma Zapater Cerezo <\/li>\n<li><strong>Universidad:<\/strong>\u00a0 Alcal\u00e1<\/li>\n<li><strong>Fecha de lectura de la tesis:<\/strong>\u00a0 11\/04\/2005<\/li>\n<\/ul>\n<p>&nbsp;<\/p>\n<h3>Direcci\u00f3n y tribunal<\/h3>\n<ul>\n<li><strong>Director de la tesis<\/strong>\n<ul>\n<li>Rafael Magro Pretejer<\/li>\n<\/ul>\n<\/li>\n<li><strong>Tribunal<\/strong>\n<ul>\n<li>Presidente del tribunal: victoria Villena garrida <\/li>\n<li>Fernando Carrillo arias (vocal)<\/li>\n<li>Jos\u00e9 Jimenez Martinez (vocal)<\/li>\n<li>Mar\u00eda  Jes\u00fas Alija herrillas (vocal)<\/li>\n<\/ul>\n<\/li>\n<\/ul>\n<p>&nbsp;<\/p>\n","protected":false},"excerpt":{"rendered":"<p>Tesis doctoral de Norma Zapater Cerezo 1. La preValencia acumulada de asma infantil en el \u00e1rea de salud de guadalajara [&hellip;]<\/p>\n","protected":false},"author":1,"featured_media":0,"comment_status":"open","ping_status":"open","sticky":false,"template":"","format":"standard","meta":{"site-sidebar-layout":"default","site-content-layout":"","ast-site-content-layout":"","site-content-style":"default","site-sidebar-style":"default","ast-global-header-display":"","ast-banner-title-visibility":"","ast-main-header-display":"","ast-hfb-above-header-display":"","ast-hfb-below-header-display":"","ast-hfb-mobile-header-display":"","site-post-title":"","ast-breadcrumbs-content":"","ast-featured-img":"","footer-sml-layout":"","theme-transparent-header-meta":"","adv-header-id-meta":"","stick-header-meta":"","header-above-stick-meta":"","header-main-stick-meta":"","header-below-stick-meta":"","astra-migrate-meta-layouts":"default","ast-page-background-enabled":"default","ast-page-background-meta":{"desktop":{"background-color":"var(--ast-global-color-4)","background-image":"","background-repeat":"repeat","background-position":"center center","background-size":"auto","background-attachment":"scroll","background-type":"","background-media":"","overlay-type":"","overlay-color":"","overlay-gradient":""},"tablet":{"background-color":"","background-image":"","background-repeat":"repeat","background-position":"center center","background-size":"auto","background-attachment":"scroll","background-type":"","background-media":"","overlay-type":"","overlay-color":"","overlay-gradient":""},"mobile":{"background-color":"","background-image":"","background-repeat":"repeat","background-position":"center center","background-size":"auto","background-attachment":"scroll","background-type":"","background-media":"","overlay-type":"","overlay-color":"","overlay-gradient":""}},"ast-content-background-meta":{"desktop":{"background-color":"var(--ast-global-color-5)","background-image":"","background-repeat":"repeat","background-position":"center center","background-size":"auto","background-attachment":"scroll","background-type":"","background-media":"","overlay-type":"","overlay-color":"","overlay-gradient":""},"tablet":{"background-color":"var(--ast-global-color-5)","background-image":"","background-repeat":"repeat","background-position":"center center","background-size":"auto","background-attachment":"scroll","background-type":"","background-media":"","overlay-type":"","overlay-color":"","overlay-gradient":""},"mobile":{"background-color":"var(--ast-global-color-5)","background-image":"","background-repeat":"repeat","background-position":"center center","background-size":"auto","background-attachment":"scroll","background-type":"","background-media":"","overlay-type":"","overlay-color":"","overlay-gradient":""}},"footnotes":""},"categories":[17426,69],"tags":[96699,50660,159550,159547,159548,159549],"class_list":["post-73508","post","type-post","status-publish","format-standard","hentry","category-alcala","category-enfermedades-pulmonares","tag-fernando-carrillo-arias","tag-jose-jimenez-Martinez","tag-maria-jesus-alija-herrillas","tag-norma-zapater-cerezo","tag-rafael-magro-pretejer","tag-victoria-villena-garrida"],"_links":{"self":[{"href":"https:\/\/www.deberes.net\/tesis\/wp-json\/wp\/v2\/posts\/73508","targetHints":{"allow":["GET"]}}],"collection":[{"href":"https:\/\/www.deberes.net\/tesis\/wp-json\/wp\/v2\/posts"}],"about":[{"href":"https:\/\/www.deberes.net\/tesis\/wp-json\/wp\/v2\/types\/post"}],"author":[{"embeddable":true,"href":"https:\/\/www.deberes.net\/tesis\/wp-json\/wp\/v2\/users\/1"}],"replies":[{"embeddable":true,"href":"https:\/\/www.deberes.net\/tesis\/wp-json\/wp\/v2\/comments?post=73508"}],"version-history":[{"count":0,"href":"https:\/\/www.deberes.net\/tesis\/wp-json\/wp\/v2\/posts\/73508\/revisions"}],"wp:attachment":[{"href":"https:\/\/www.deberes.net\/tesis\/wp-json\/wp\/v2\/media?parent=73508"}],"wp:term":[{"taxonomy":"category","embeddable":true,"href":"https:\/\/www.deberes.net\/tesis\/wp-json\/wp\/v2\/categories?post=73508"},{"taxonomy":"post_tag","embeddable":true,"href":"https:\/\/www.deberes.net\/tesis\/wp-json\/wp\/v2\/tags?post=73508"}],"curies":[{"name":"wp","href":"https:\/\/api.w.org\/{rel}","templated":true}]}}