{"id":73518,"date":"2018-03-09T23:18:26","date_gmt":"2018-03-09T23:18:26","guid":{"rendered":"https:\/\/www.deberes.net\/tesis\/sin-categoria\/ideologa%c2%ada-y-texto-en-la-obra-de-emilio-carrere\/"},"modified":"2018-03-09T23:18:26","modified_gmt":"2018-03-09T23:18:26","slug":"ideologa%c2%ada-y-texto-en-la-obra-de-emilio-carrere","status":"publish","type":"post","link":"https:\/\/www.deberes.net\/tesis\/ciencias-de-las-artes-y-las-letras\/ideologa%c2%ada-y-texto-en-la-obra-de-emilio-carrere\/","title":{"rendered":"Ideolog\u00eda y texto en la obra de emilio carrere."},"content":{"rendered":"<h2>Tesis doctoral de <strong> Alejandro Riera Guignet <\/strong><\/h2>\n<p>Hasta el presente trabajo, la imagen del escritor emilio carrere era la del bohemio del Madrid de principios de siglo xx. Nuestro escritor, sin embargo, vivi\u00f3 hasta 1947 y esta investigaci\u00f3n se ha centrado en los \u00faltimos 9 a\u00f1os de su vida para intentar mostrar la evoluci\u00f3n del pensamiento pol\u00edtico del literato.  con nuestro trabajo hemos puesto a la luz que, tras la m\u00e1scara de la bohemia, el autor madrile\u00f1o, se va deslizando hac\u00eda la derecha pol\u00edtica en un proceso que culmina con su adhesi\u00f3n al r\u00e9gimen franquista. Dicha evoluci\u00f3n edeol\u00f3gica la manifiesta en su obra literaria y en sus numerosos art\u00edculos period\u00edsticos.<\/p>\n<p>&nbsp;<\/p>\n<h3>Datos acad\u00e9micos de la tesis doctoral \u00ab<strong>Ideolog\u00eda y texto en la obra de emilio carrere.<\/strong>\u00ab<\/h3>\n<ul>\n<li><strong>T\u00edtulo de la tesis:<\/strong>\u00a0 Ideolog\u00eda y texto en la obra de emilio carrere. <\/li>\n<li><strong>Autor:<\/strong>\u00a0 Alejandro Riera Guignet <\/li>\n<li><strong>Universidad:<\/strong>\u00a0 Barcelona<\/li>\n<li><strong>Fecha de lectura de la tesis:<\/strong>\u00a0 13\/04\/2005<\/li>\n<\/ul>\n<p>&nbsp;<\/p>\n<h3>Direcci\u00f3n y tribunal<\/h3>\n<ul>\n<li><strong>Director de la tesis<\/strong>\n<ul>\n<li>Joaquin Marco Revilla<\/li>\n<\/ul>\n<\/li>\n<li><strong>Tribunal<\/strong>\n<ul>\n<li>Presidente del tribunal: sergio Beser orti <\/li>\n<li>domingo R\u00f3denas moya (vocal)<\/li>\n<li>Jes\u00fas Ferrer sol\u00ed\u00a0 (vocal)<\/li>\n<li>jacqueline Hurtley grundy (vocal)<\/li>\n<\/ul>\n<\/li>\n<\/ul>\n<p>&nbsp;<\/p>\n","protected":false},"excerpt":{"rendered":"<p>Tesis doctoral de Alejandro Riera Guignet Hasta el presente trabajo, la imagen del escritor emilio carrere era la del bohemio [&hellip;]<\/p>\n","protected":false},"author":1,"featured_media":0,"comment_status":"open","ping_status":"open","sticky":false,"template":"","format":"standard","meta":{"site-sidebar-layout":"default","site-content-layout":"","ast-site-content-layout":"","site-content-style":"default","site-sidebar-style":"default","ast-global-header-display":"","ast-banner-title-visibility":"","ast-main-header-display":"","ast-hfb-above-header-display":"","ast-hfb-below-header-display":"","ast-hfb-mobile-header-display":"","site-post-title":"","ast-breadcrumbs-content":"","ast-featured-img":"","footer-sml-layout":"","theme-transparent-header-meta":"","adv-header-id-meta":"","stick-header-meta":"","header-above-stick-meta":"","header-main-stick-meta":"","header-below-stick-meta":"","astra-migrate-meta-layouts":"default","ast-page-background-enabled":"default","ast-page-background-meta":{"desktop":{"background-color":"var(--ast-global-color-4)","background-image":"","background-repeat":"repeat","background-position":"center center","background-size":"auto","background-attachment":"scroll","background-type":"","background-media":"","overlay-type":"","overlay-color":"","overlay-gradient":""},"tablet":{"background-color":"","background-image":"","background-repeat":"repeat","background-position":"center center","background-size":"auto","background-attachment":"scroll","background-type":"","background-media":"","overlay-type":"","overlay-color":"","overlay-gradient":""},"mobile":{"background-color":"","background-image":"","background-repeat":"repeat","background-position":"center center","background-size":"auto","background-attachment":"scroll","background-type":"","background-media":"","overlay-type":"","overlay-color":"","overlay-gradient":""}},"ast-content-background-meta":{"desktop":{"background-color":"var(--ast-global-color-5)","background-image":"","background-repeat":"repeat","background-position":"center center","background-size":"auto","background-attachment":"scroll","background-type":"","background-media":"","overlay-type":"","overlay-color":"","overlay-gradient":""},"tablet":{"background-color":"var(--ast-global-color-5)","background-image":"","background-repeat":"repeat","background-position":"center center","background-size":"auto","background-attachment":"scroll","background-type":"","background-media":"","overlay-type":"","overlay-color":"","overlay-gradient":""},"mobile":{"background-color":"var(--ast-global-color-5)","background-image":"","background-repeat":"repeat","background-position":"center center","background-size":"auto","background-attachment":"scroll","background-type":"","background-media":"","overlay-type":"","overlay-color":"","overlay-gradient":""}},"footnotes":""},"categories":[951,147,2965,628],"tags":[159566,69491,22397,84279,391,1115],"class_list":["post-73518","post","type-post","status-publish","format-standard","hentry","category-barcelona","category-ciencias-de-las-artes-y-las-letras","category-estilo-y-estetica-literarios","category-teoria-analisis-y-critica-literarios","tag-alejandro-riera-guignet","tag-domingo-rodenas-moya","tag-jacqueline-hurtley-grundy","tag-jesus-ferrer-soli","tag-joaquin-marco-revilla","tag-sergio-beser-orti"],"_links":{"self":[{"href":"https:\/\/www.deberes.net\/tesis\/wp-json\/wp\/v2\/posts\/73518","targetHints":{"allow":["GET"]}}],"collection":[{"href":"https:\/\/www.deberes.net\/tesis\/wp-json\/wp\/v2\/posts"}],"about":[{"href":"https:\/\/www.deberes.net\/tesis\/wp-json\/wp\/v2\/types\/post"}],"author":[{"embeddable":true,"href":"https:\/\/www.deberes.net\/tesis\/wp-json\/wp\/v2\/users\/1"}],"replies":[{"embeddable":true,"href":"https:\/\/www.deberes.net\/tesis\/wp-json\/wp\/v2\/comments?post=73518"}],"version-history":[{"count":0,"href":"https:\/\/www.deberes.net\/tesis\/wp-json\/wp\/v2\/posts\/73518\/revisions"}],"wp:attachment":[{"href":"https:\/\/www.deberes.net\/tesis\/wp-json\/wp\/v2\/media?parent=73518"}],"wp:term":[{"taxonomy":"category","embeddable":true,"href":"https:\/\/www.deberes.net\/tesis\/wp-json\/wp\/v2\/categories?post=73518"},{"taxonomy":"post_tag","embeddable":true,"href":"https:\/\/www.deberes.net\/tesis\/wp-json\/wp\/v2\/tags?post=73518"}],"curies":[{"name":"wp","href":"https:\/\/api.w.org\/{rel}","templated":true}]}}