{"id":73531,"date":"2018-03-09T23:18:26","date_gmt":"2018-03-09T23:18:26","guid":{"rendered":"https:\/\/www.deberes.net\/tesis\/sin-categoria\/construcciones-sintacticas-de-sustantivos-deverbales-los-complementos-adnominales-con-de\/"},"modified":"2018-03-09T23:18:26","modified_gmt":"2018-03-09T23:18:26","slug":"construcciones-sintacticas-de-sustantivos-deverbales-los-complementos-adnominales-con-de","status":"publish","type":"post","link":"https:\/\/www.deberes.net\/tesis\/linguistica\/construcciones-sintacticas-de-sustantivos-deverbales-los-complementos-adnominales-con-de\/","title":{"rendered":"Construcciones sint\u00e1cticas de sustantivos deverbales; los complementos adnominales con de"},"content":{"rendered":"<h2>Tesis doctoral de <strong> Inmaculada Mas \u00e1lvarez <\/strong><\/h2>\n<p>Se presenta un estudio de los complementos adnominales con de en el interior de las frases nominales cuyo n\u00facleo es un sustantivo deverbal. La tesis consta de dos partes diferenciadas. En la primera parte se hacen consideraciones te\u00f3ricas relacionadas con los nombres deverbales en los aspectos morfol\u00f3gico, sint\u00e1ctico y sem\u00e1ntico. Se ponen de relieve las propiedades sem\u00e1nticas que caracterizan a los nombres deverbales frente a sus contrapartidas verbales, as\u00ed como las repercusiones en la sintaxis interna de las nominalizaciones de diversos factores sem\u00e1nticos y discursivos.  en la segunda parte se describen en detalle las construcciones sint\u00e1cticas que contienen complementos adnominales introducidos por la preposici\u00f3n de en las funciones de genitivo y de complemento de r\u00e9gimen nominal. Esta descripci\u00f3n se lleva a cabo tomando como referencia un corpus de textos period\u00edsticos y ensay\u00edsticos del espa\u00f1ol actual, que sirve tambi\u00e9n para presentar abundante ejemplificaci\u00f3n. El an\u00e1lisis de los ejemplos permite contrastar las premisas obtenidas en la parte te\u00f3rica. Algunas de las conclusiones m\u00e1s relevantes son:  * el reconocimiento del car\u00e1cter argumental, desde el punto de vista de la Valencia, y central, desde una perspectiva sint\u00e1ctica, de los complementos subjetivo y objetivo.  * la absoluta preferencia en espa\u00f1ol por la manifestaci\u00f3n de un solo argumento central directo en forma de genitivo, lo cual supone un rechazo rotundo del doble genitivo \u00abpleno\u00bb, con pr\u00e1cticamente la \u00fanica excepci\u00f3n de las nominalizacines de procesos mentales y verbales, que se combinan con cl\u00e1usulas y que presentan en el complemento un desarrollo de su contenido.  * de manifestarse los dos participantes de la predicaci\u00f3n, uno de ellos adopta la forma de posesivo antepuesto, preferencia abrumadora en el caso de los nombres de sentimiento.  * importancia de la determinaci\u00f3n del genitivo a efectos de la interpretaci\u00f3n que reciba la fra<\/p>\n<p>&nbsp;<\/p>\n<h3>Datos acad\u00e9micos de la tesis doctoral \u00ab<strong>Construcciones sint\u00e1cticas de sustantivos deverbales; los complementos adnominales con de<\/strong>\u00ab<\/h3>\n<ul>\n<li><strong>T\u00edtulo de la tesis:<\/strong>\u00a0 Construcciones sint\u00e1cticas de sustantivos deverbales; los complementos adnominales con de <\/li>\n<li><strong>Autor:<\/strong>\u00a0 Inmaculada Mas \u00e1lvarez <\/li>\n<li><strong>Universidad:<\/strong>\u00a0 Santiago de compostela<\/li>\n<li><strong>Fecha de lectura de la tesis:<\/strong>\u00a0 14\/04\/2005<\/li>\n<\/ul>\n<p>&nbsp;<\/p>\n<h3>Direcci\u00f3n y tribunal<\/h3>\n<ul>\n<li><strong>Director de la tesis<\/strong>\n<ul>\n<li> Rodr\u00edguez Espi\u00f1eira Mar\u00eda Jos\u00e9<\/li>\n<\/ul>\n<\/li>\n<li><strong>Tribunal<\/strong>\n<ul>\n<li>Presidente del tribunal: Jes\u00fas Pena seijas <\/li>\n<li>gra\u00ed\u00a7a Rio-torto (vocal)<\/li>\n<li>soledad Varela ortega (vocal)<\/li>\n<li>Manuel Leonetti jungl (vocal)<\/li>\n<\/ul>\n<\/li>\n<\/ul>\n<p>&nbsp;<\/p>\n","protected":false},"excerpt":{"rendered":"<p>Tesis doctoral de Inmaculada Mas \u00e1lvarez Se presenta un estudio de los complementos adnominales con de en el interior de [&hellip;]<\/p>\n","protected":false},"author":1,"featured_media":0,"comment_status":"open","ping_status":"open","sticky":false,"template":"","format":"standard","meta":{"site-sidebar-layout":"default","site-content-layout":"","ast-site-content-layout":"","site-content-style":"default","site-sidebar-style":"default","ast-global-header-display":"","ast-banner-title-visibility":"","ast-main-header-display":"","ast-hfb-above-header-display":"","ast-hfb-below-header-display":"","ast-hfb-mobile-header-display":"","site-post-title":"","ast-breadcrumbs-content":"","ast-featured-img":"","footer-sml-layout":"","theme-transparent-header-meta":"","adv-header-id-meta":"","stick-header-meta":"","header-above-stick-meta":"","header-main-stick-meta":"","header-below-stick-meta":"","astra-migrate-meta-layouts":"default","ast-page-background-enabled":"default","ast-page-background-meta":{"desktop":{"background-color":"var(--ast-global-color-4)","background-image":"","background-repeat":"repeat","background-position":"center center","background-size":"auto","background-attachment":"scroll","background-type":"","background-media":"","overlay-type":"","overlay-color":"","overlay-gradient":""},"tablet":{"background-color":"","background-image":"","background-repeat":"repeat","background-position":"center center","background-size":"auto","background-attachment":"scroll","background-type":"","background-media":"","overlay-type":"","overlay-color":"","overlay-gradient":""},"mobile":{"background-color":"","background-image":"","background-repeat":"repeat","background-position":"center center","background-size":"auto","background-attachment":"scroll","background-type":"","background-media":"","overlay-type":"","overlay-color":"","overlay-gradient":""}},"ast-content-background-meta":{"desktop":{"background-color":"var(--ast-global-color-5)","background-image":"","background-repeat":"repeat","background-position":"center center","background-size":"auto","background-attachment":"scroll","background-type":"","background-media":"","overlay-type":"","overlay-color":"","overlay-gradient":""},"tablet":{"background-color":"var(--ast-global-color-5)","background-image":"","background-repeat":"repeat","background-position":"center center","background-size":"auto","background-attachment":"scroll","background-type":"","background-media":"","overlay-type":"","overlay-color":"","overlay-gradient":""},"mobile":{"background-color":"var(--ast-global-color-5)","background-image":"","background-repeat":"repeat","background-position":"center center","background-size":"auto","background-attachment":"scroll","background-type":"","background-media":"","overlay-type":"","overlay-color":"","overlay-gradient":""}},"footnotes":""},"categories":[59,62,977,409],"tags":[159594,159593,2542,36047,159250,14411],"class_list":["post-73531","post","type-post","status-publish","format-standard","hentry","category-linguistica","category-linguistica-sincronica","category-santiago-de-compostela","category-sintaxis-y-analisis-sintactico","tag-graia-rio-torto","tag-inmaculada-mas-alvarez","tag-jesus-pena-seijas","tag-manuel-leonetti-jungl","tag-rodriguez-espineira-maria-jose","tag-soledad-varela-ortega"],"_links":{"self":[{"href":"https:\/\/www.deberes.net\/tesis\/wp-json\/wp\/v2\/posts\/73531","targetHints":{"allow":["GET"]}}],"collection":[{"href":"https:\/\/www.deberes.net\/tesis\/wp-json\/wp\/v2\/posts"}],"about":[{"href":"https:\/\/www.deberes.net\/tesis\/wp-json\/wp\/v2\/types\/post"}],"author":[{"embeddable":true,"href":"https:\/\/www.deberes.net\/tesis\/wp-json\/wp\/v2\/users\/1"}],"replies":[{"embeddable":true,"href":"https:\/\/www.deberes.net\/tesis\/wp-json\/wp\/v2\/comments?post=73531"}],"version-history":[{"count":0,"href":"https:\/\/www.deberes.net\/tesis\/wp-json\/wp\/v2\/posts\/73531\/revisions"}],"wp:attachment":[{"href":"https:\/\/www.deberes.net\/tesis\/wp-json\/wp\/v2\/media?parent=73531"}],"wp:term":[{"taxonomy":"category","embeddable":true,"href":"https:\/\/www.deberes.net\/tesis\/wp-json\/wp\/v2\/categories?post=73531"},{"taxonomy":"post_tag","embeddable":true,"href":"https:\/\/www.deberes.net\/tesis\/wp-json\/wp\/v2\/tags?post=73531"}],"curies":[{"name":"wp","href":"https:\/\/api.w.org\/{rel}","templated":true}]}}