{"id":73539,"date":"2018-03-09T23:18:26","date_gmt":"2018-03-09T23:18:26","guid":{"rendered":"https:\/\/www.deberes.net\/tesis\/sin-categoria\/la-responsabilidad-patrimonial-de-la-administracion-en-el-ambito-educativo\/"},"modified":"2018-03-09T23:18:26","modified_gmt":"2018-03-09T23:18:26","slug":"la-responsabilidad-patrimonial-de-la-administracion-en-el-ambito-educativo","status":"publish","type":"post","link":"https:\/\/www.deberes.net\/tesis\/ciencias-juridicas-y-derecho\/la-responsabilidad-patrimonial-de-la-administracion-en-el-ambito-educativo\/","title":{"rendered":"La responsabilidad patrimonial de la administracion en el ambito educativo"},"content":{"rendered":"<h2>Tesis doctoral de <strong> Beatriz Diaz Madrera <\/strong><\/h2>\n<p>La tesis doctoral  la responsabilidad patrimonial de la administraci\u00f3n en el \u00e1mbito educativo, pretende descifrar lo que a\u00fan son incognitas para los reclamantes de indemnizaciones por da\u00f1os manifestados en este sector de actividad, cada vez m\u00e1s propenso a las reclamaciones de da\u00f1os y, hasta fechas recientes in\u00e9dito en la doctrina. Particularmente el alcance de los t\u00e9rminos servicio publico, particulares, lesion, consecuencia del funcionamiento normal o anormal, contenidos en la declaraci\u00f3n efectuada, finalmente, tras sucesivas reformas legales que han distanciado nuestro r\u00e9gimen de responsabilidad del de otros pa\u00edses europeos, en los art\u00edculos 121.1 lef, 106.2 ce y  139.1 lrjpac; la extensi\u00f3n de las justificaciones legales, jurisprudenciales y\/o doctrinales de la desestimaci\u00f3n de la reclamaci\u00f3n (relaci\u00f3n causal, fuerza mayor, deber juridico de soportar el da\u00f1o, etc.); Y la competencia sobre estas pretensiones, necesariamente reconducida a la v\u00eda administrativa para la efectividad del r\u00e9gimen sustantivo administrativo, interpretaci\u00f3n inspiradora de las normas procesales en la materia.<\/p>\n<p>&nbsp;<\/p>\n<h3>Datos acad\u00e9micos de la tesis doctoral \u00ab<strong>La responsabilidad patrimonial de la administracion en el ambito educativo<\/strong>\u00ab<\/h3>\n<ul>\n<li><strong>T\u00edtulo de la tesis:<\/strong>\u00a0 La responsabilidad patrimonial de la administracion en el ambito educativo <\/li>\n<li><strong>Autor:<\/strong>\u00a0 Beatriz Diaz Madrera <\/li>\n<li><strong>Universidad:<\/strong>\u00a0 Oviedo<\/li>\n<li><strong>Fecha de lectura de la tesis:<\/strong>\u00a0 14\/04\/2005<\/li>\n<\/ul>\n<p>&nbsp;<\/p>\n<h3>Direcci\u00f3n y tribunal<\/h3>\n<ul>\n<li><strong>Director de la tesis<\/strong>\n<ul>\n<li>Leopoldo Tolivar Alas<\/li>\n<\/ul>\n<\/li>\n<li><strong>Tribunal<\/strong>\n<ul>\n<li>Presidente del tribunal: Francisco Sosa wagner <\/li>\n<li>edorta Cobreros mendazona (vocal)<\/li>\n<li>tomas Quintana lopez (vocal)<\/li>\n<li>Santiago Gonzalez-varas iba\u00f1ez (vocal)<\/li>\n<\/ul>\n<\/li>\n<\/ul>\n<p>&nbsp;<\/p>\n","protected":false},"excerpt":{"rendered":"<p>Tesis doctoral de Beatriz Diaz Madrera La tesis doctoral la responsabilidad patrimonial de la administraci\u00f3n en el \u00e1mbito educativo, pretende [&hellip;]<\/p>\n","protected":false},"author":1,"featured_media":0,"comment_status":"open","ping_status":"open","sticky":false,"template":"","format":"standard","meta":{"site-sidebar-layout":"default","site-content-layout":"","ast-site-content-layout":"","site-content-style":"default","site-sidebar-style":"default","ast-global-header-display":"","ast-banner-title-visibility":"","ast-main-header-display":"","ast-hfb-above-header-display":"","ast-hfb-below-header-display":"","ast-hfb-mobile-header-display":"","site-post-title":"","ast-breadcrumbs-content":"","ast-featured-img":"","footer-sml-layout":"","theme-transparent-header-meta":"","adv-header-id-meta":"","stick-header-meta":"","header-above-stick-meta":"","header-main-stick-meta":"","header-below-stick-meta":"","astra-migrate-meta-layouts":"default","ast-page-background-enabled":"default","ast-page-background-meta":{"desktop":{"background-color":"var(--ast-global-color-4)","background-image":"","background-repeat":"repeat","background-position":"center center","background-size":"auto","background-attachment":"scroll","background-type":"","background-media":"","overlay-type":"","overlay-color":"","overlay-gradient":""},"tablet":{"background-color":"","background-image":"","background-repeat":"repeat","background-position":"center center","background-size":"auto","background-attachment":"scroll","background-type":"","background-media":"","overlay-type":"","overlay-color":"","overlay-gradient":""},"mobile":{"background-color":"","background-image":"","background-repeat":"repeat","background-position":"center center","background-size":"auto","background-attachment":"scroll","background-type":"","background-media":"","overlay-type":"","overlay-color":"","overlay-gradient":""}},"ast-content-background-meta":{"desktop":{"background-color":"var(--ast-global-color-5)","background-image":"","background-repeat":"repeat","background-position":"center center","background-size":"auto","background-attachment":"scroll","background-type":"","background-media":"","overlay-type":"","overlay-color":"","overlay-gradient":""},"tablet":{"background-color":"var(--ast-global-color-5)","background-image":"","background-repeat":"repeat","background-position":"center center","background-size":"auto","background-attachment":"scroll","background-type":"","background-media":"","overlay-type":"","overlay-color":"","overlay-gradient":""},"mobile":{"background-color":"var(--ast-global-color-5)","background-image":"","background-repeat":"repeat","background-position":"center center","background-size":"auto","background-attachment":"scroll","background-type":"","background-media":"","overlay-type":"","overlay-color":"","overlay-gradient":""}},"footnotes":""},"categories":[612,1442,979,8846],"tags":[159606,34902,33449,37576,62569,61158],"class_list":["post-73539","post","type-post","status-publish","format-standard","hentry","category-ciencias-juridicas-y-derecho","category-derecho-administrativo","category-derecho-y-legislacion-nacionales","category-oviedo","tag-beatriz-diaz-madrera","tag-edorta-cobreros-mendazona","tag-francisco-sosa-wagner","tag-leopoldo-tolivar-alas","tag-santiago-gonzalez-varas-ibanez","tag-tomas-quintana-lopez"],"_links":{"self":[{"href":"https:\/\/www.deberes.net\/tesis\/wp-json\/wp\/v2\/posts\/73539","targetHints":{"allow":["GET"]}}],"collection":[{"href":"https:\/\/www.deberes.net\/tesis\/wp-json\/wp\/v2\/posts"}],"about":[{"href":"https:\/\/www.deberes.net\/tesis\/wp-json\/wp\/v2\/types\/post"}],"author":[{"embeddable":true,"href":"https:\/\/www.deberes.net\/tesis\/wp-json\/wp\/v2\/users\/1"}],"replies":[{"embeddable":true,"href":"https:\/\/www.deberes.net\/tesis\/wp-json\/wp\/v2\/comments?post=73539"}],"version-history":[{"count":0,"href":"https:\/\/www.deberes.net\/tesis\/wp-json\/wp\/v2\/posts\/73539\/revisions"}],"wp:attachment":[{"href":"https:\/\/www.deberes.net\/tesis\/wp-json\/wp\/v2\/media?parent=73539"}],"wp:term":[{"taxonomy":"category","embeddable":true,"href":"https:\/\/www.deberes.net\/tesis\/wp-json\/wp\/v2\/categories?post=73539"},{"taxonomy":"post_tag","embeddable":true,"href":"https:\/\/www.deberes.net\/tesis\/wp-json\/wp\/v2\/tags?post=73539"}],"curies":[{"name":"wp","href":"https:\/\/api.w.org\/{rel}","templated":true}]}}