{"id":73565,"date":"2018-03-09T23:18:30","date_gmt":"2018-03-09T23:18:30","guid":{"rendered":"https:\/\/www.deberes.net\/tesis\/sin-categoria\/historia-de-la-musica-del-valle-del-nalon-1953-2003\/"},"modified":"2018-03-09T23:18:30","modified_gmt":"2018-03-09T23:18:30","slug":"historia-de-la-musica-del-valle-del-nalon-1953-2003","status":"publish","type":"post","link":"https:\/\/www.deberes.net\/tesis\/historia\/historia-de-la-musica-del-valle-del-nalon-1953-2003\/","title":{"rendered":"Historia de la musica del valle  del nalon (1953-2003)"},"content":{"rendered":"<h2>Tesis doctoral de <strong> Felix Martin Martinez <\/strong><\/h2>\n<p>Estudia el paisaje musical de la comarca del valle del nal\u00f3n desde la segunda mitad del s. Xix hasta nuestros d\u00edas. La tesis comprende una primera fase de recogida primaria de datos, recopilaciones mediante trabajos de campo, entrevistas, acopio de material documental y gr\u00e1fico, y una segunda de valoraci\u00f3n de ese material, tratando de reconstruir la  actividad musical de cada uno de los cinco concejos que comprende dicha comarca minera, langreo, san mart\u00edn del rey aurelio, caso, laviana y sobrescobio. Dentro de cada concejo la actividad musical  se organiza para su estudio en categor\u00edas como m\u00fasica de banda, instituciones musicales, festivales de m\u00fasica, m\u00fasica coral, cantes, instrumentista, directores de m\u00fasica, m\u00fasica de tradici\u00f3n oral, m\u00fasica hispanoamericana, m\u00fasicas populares urbanas, rock, m\u00fasica de pulso y p\u00faa, tonada y sellos discogr\u00e1ficos.  as\u00ed, tras un repaso a cada protagonista individual  o colectivo de la historia se reconstruye el paisaje sonoro de cada concejo hasta tratar de recuperar el patrimonio musical de la comarca completa.  es estudio concluye con la idiosincrasia especial de la comarca que condiciona la actividad  musical, sin duda vinculada al desarrollo  industrial  y econ\u00f3mico de la zona.  la tesis se completa con un ap\u00e9ndice documental y fotogr\u00e1fico que trata de recuperar  tambi\u00e9n la memoria  visual de la actividad musical  de la comarca<\/p>\n<p>&nbsp;<\/p>\n<h3>Datos acad\u00e9micos de la tesis doctoral \u00ab<strong>Historia de la musica del valle  del nalon (1953-2003)<\/strong>\u00ab<\/h3>\n<ul>\n<li><strong>T\u00edtulo de la tesis:<\/strong>\u00a0 Historia de la musica del valle  del nalon (1953-2003) <\/li>\n<li><strong>Autor:<\/strong>\u00a0 Felix Martin Martinez <\/li>\n<li><strong>Universidad:<\/strong>\u00a0 Oviedo<\/li>\n<li><strong>Fecha de lectura de la tesis:<\/strong>\u00a0 15\/04\/2005<\/li>\n<\/ul>\n<p>&nbsp;<\/p>\n<h3>Direcci\u00f3n y tribunal<\/h3>\n<ul>\n<li><strong>Director de la tesis<\/strong>\n<ul>\n<li>Mar\u00eda  Encina Cortizo Rodriguez<\/li>\n<\/ul>\n<\/li>\n<li><strong>Tribunal<\/strong>\n<ul>\n<li>Presidente del tribunal: angel Medina alvarez <\/li>\n<li>aladino Fern\u00e1ndez Garc\u00eda (vocal)<\/li>\n<li>francesc Cortes mir (vocal)<\/li>\n<li>Luis Gracia iberni (vocal)<\/li>\n<\/ul>\n<\/li>\n<\/ul>\n<p>&nbsp;<\/p>\n","protected":false},"excerpt":{"rendered":"<p>Tesis doctoral de Felix Martin Martinez Estudia el paisaje musical de la comarca del valle del nal\u00f3n desde la segunda [&hellip;]<\/p>\n","protected":false},"author":1,"featured_media":0,"comment_status":"open","ping_status":"open","sticky":false,"template":"","format":"standard","meta":{"site-sidebar-layout":"default","site-content-layout":"","ast-site-content-layout":"","site-content-style":"default","site-sidebar-style":"default","ast-global-header-display":"","ast-banner-title-visibility":"","ast-main-header-display":"","ast-hfb-above-header-display":"","ast-hfb-below-header-display":"","ast-hfb-mobile-header-display":"","site-post-title":"","ast-breadcrumbs-content":"","ast-featured-img":"","footer-sml-layout":"","theme-transparent-header-meta":"","adv-header-id-meta":"","stick-header-meta":"","header-above-stick-meta":"","header-main-stick-meta":"","header-below-stick-meta":"","astra-migrate-meta-layouts":"default","ast-page-background-enabled":"default","ast-page-background-meta":{"desktop":{"background-color":"var(--ast-global-color-4)","background-image":"","background-repeat":"repeat","background-position":"center center","background-size":"auto","background-attachment":"scroll","background-type":"","background-media":"","overlay-type":"","overlay-color":"","overlay-gradient":""},"tablet":{"background-color":"","background-image":"","background-repeat":"repeat","background-position":"center center","background-size":"auto","background-attachment":"scroll","background-type":"","background-media":"","overlay-type":"","overlay-color":"","overlay-gradient":""},"mobile":{"background-color":"","background-image":"","background-repeat":"repeat","background-position":"center center","background-size":"auto","background-attachment":"scroll","background-type":"","background-media":"","overlay-type":"","overlay-color":"","overlay-gradient":""}},"ast-content-background-meta":{"desktop":{"background-color":"var(--ast-global-color-5)","background-image":"","background-repeat":"repeat","background-position":"center center","background-size":"auto","background-attachment":"scroll","background-type":"","background-media":"","overlay-type":"","overlay-color":"","overlay-gradient":""},"tablet":{"background-color":"var(--ast-global-color-5)","background-image":"","background-repeat":"repeat","background-position":"center center","background-size":"auto","background-attachment":"scroll","background-type":"","background-media":"","overlay-type":"","overlay-color":"","overlay-gradient":""},"mobile":{"background-color":"var(--ast-global-color-5)","background-image":"","background-repeat":"repeat","background-position":"center center","background-size":"auto","background-attachment":"scroll","background-type":"","background-media":"","overlay-type":"","overlay-color":"","overlay-gradient":""}},"footnotes":""},"categories":[5190,147,199,30902,104,7632,222,9132,8846,1111],"tags":[112589,7635,159658,13803,9133,94131],"class_list":["post-73565","post","type-post","status-publish","format-standard","hentry","category-acustica","category-ciencias-de-las-artes-y-las-letras","category-fisica","category-fisica-de-la-musica","category-historia","category-historia-de-la-musica","category-historias-especializadas","category-musica-y-musicologia","category-oviedo","category-teoria-analisis-y-critica-de-las-bellas-artes","tag-aladino-fernandez-garcia","tag-angel-medina-alvarez","tag-felix-martin-Martinez","tag-francesc-cortes-mir","tag-luis-gracia-iberni","tag-maria-encina-cortizo-rodriguez"],"_links":{"self":[{"href":"https:\/\/www.deberes.net\/tesis\/wp-json\/wp\/v2\/posts\/73565","targetHints":{"allow":["GET"]}}],"collection":[{"href":"https:\/\/www.deberes.net\/tesis\/wp-json\/wp\/v2\/posts"}],"about":[{"href":"https:\/\/www.deberes.net\/tesis\/wp-json\/wp\/v2\/types\/post"}],"author":[{"embeddable":true,"href":"https:\/\/www.deberes.net\/tesis\/wp-json\/wp\/v2\/users\/1"}],"replies":[{"embeddable":true,"href":"https:\/\/www.deberes.net\/tesis\/wp-json\/wp\/v2\/comments?post=73565"}],"version-history":[{"count":0,"href":"https:\/\/www.deberes.net\/tesis\/wp-json\/wp\/v2\/posts\/73565\/revisions"}],"wp:attachment":[{"href":"https:\/\/www.deberes.net\/tesis\/wp-json\/wp\/v2\/media?parent=73565"}],"wp:term":[{"taxonomy":"category","embeddable":true,"href":"https:\/\/www.deberes.net\/tesis\/wp-json\/wp\/v2\/categories?post=73565"},{"taxonomy":"post_tag","embeddable":true,"href":"https:\/\/www.deberes.net\/tesis\/wp-json\/wp\/v2\/tags?post=73565"}],"curies":[{"name":"wp","href":"https:\/\/api.w.org\/{rel}","templated":true}]}}