{"id":73587,"date":"2018-03-09T23:18:30","date_gmt":"2018-03-09T23:18:30","guid":{"rendered":"https:\/\/www.deberes.net\/tesis\/sin-categoria\/la-prevencion-de-riesgos-laborales-de-los-empleados-publicos-en-especial-de-la-administracion-de-justicia\/"},"modified":"2018-03-09T23:18:30","modified_gmt":"2018-03-09T23:18:30","slug":"la-prevencion-de-riesgos-laborales-de-los-empleados-publicos-en-especial-de-la-administracion-de-justicia","status":"publish","type":"post","link":"https:\/\/www.deberes.net\/tesis\/ciencias-juridicas-y-derecho\/la-prevencion-de-riesgos-laborales-de-los-empleados-publicos-en-especial-de-la-administracion-de-justicia\/","title":{"rendered":"La prevenci\u00f3n de riesgos laborales de los empleados p\u00fablicos en especial de la administraci\u00f3n de justicia."},"content":{"rendered":"<h2>Tesis doctoral de <strong>  Cancio Fern\u00e1ndez Raul Cesar <\/strong><\/h2>\n<p>La administraci\u00f3n p\u00fablica y sus empleados no son incompatibles con la recepci\u00f3n plena de la normativa preventiva , salvo aquellas excepciones que sean dignas de tal calificativo por ejemplo: fuerzas y cuerpos de seguirdad del estado ,recepci\u00f3n que sin embargo , se ha practicado con tal grado de adecuaci\u00f3n que durante estos a\u00f1os se ha generado una verdadera desnaturalizaci\u00f3n de la protecci\u00f3n preventiva de los empleados p\u00fablicos , convirtiendo este \u00e1mbito de aplicaci\u00f3n en el perfecto ant\u00f3nimo de la enf\u00e1tica vocaci\u00f3n universalizadora de la ley.  el an\u00e1lisis de los textos normativos, sus antecedentes , el marco constitucional en el que se ubican, as\u00ed como  los mecanismos de exigencia de responsabilidad cuando la administraci\u00f3n infringe disposiciones de naturaleza preventiva, son maniferstaciones reveladoras de al aton\u00eda existente entre la protecci\u00f3n y prevenci\u00f3n de la salud y los empleados p\u00fablicos como receptores de tal cobertura. Tales deficiencias no hacen m\u00e1s que confirmarse y aumentarse en el \u00e1mbito de la administraci\u00f3n de justicia, en donde las dificultades de adaptabilidad propias de cualquier administraci\u00f3n, se ven superadas por la inaplicabilidad absoluta de sectores notables del ordenamiento preventivo, con lo que ello supone de cercenamiento de derechos de los empleados p\u00fablicos all\u00ed descritos.<\/p>\n<p>&nbsp;<\/p>\n<h3>Datos acad\u00e9micos de la tesis doctoral \u00ab<strong>La prevenci\u00f3n de riesgos laborales de los empleados p\u00fablicos en especial de la administraci\u00f3n de justicia.<\/strong>\u00ab<\/h3>\n<ul>\n<li><strong>T\u00edtulo de la tesis:<\/strong>\u00a0 La prevenci\u00f3n de riesgos laborales de los empleados p\u00fablicos en especial de la administraci\u00f3n de justicia. <\/li>\n<li><strong>Autor:<\/strong>\u00a0  Cancio Fern\u00e1ndez Raul Cesar <\/li>\n<li><strong>Universidad:<\/strong>\u00a0 Rey juan carlos<\/li>\n<li><strong>Fecha de lectura de la tesis:<\/strong>\u00a0 15\/04\/2005<\/li>\n<\/ul>\n<p>&nbsp;<\/p>\n<h3>Direcci\u00f3n y tribunal<\/h3>\n<ul>\n<li><strong>Director de la tesis<\/strong>\n<ul>\n<li>Antonio  Vicente Sempere Navarro<\/li>\n<\/ul>\n<\/li>\n<li><strong>Tribunal<\/strong>\n<ul>\n<li>Presidente del tribunal: Juan Garc\u00eda blasco <\/li>\n<li> Castro arg\u00ed\u00bcelles m. antonia (vocal)<\/li>\n<li>\u00e1ngel Antonio Blasco pellicer (vocal)<\/li>\n<li>Francisco Antonio Gonzalez diaz (vocal)<\/li>\n<\/ul>\n<\/li>\n<\/ul>\n<p>&nbsp;<\/p>\n","protected":false},"excerpt":{"rendered":"<p>Tesis doctoral de Cancio Fern\u00e1ndez Raul Cesar La administraci\u00f3n p\u00fablica y sus empleados no son incompatibles con la recepci\u00f3n plena [&hellip;]<\/p>\n","protected":false},"author":1,"featured_media":0,"comment_status":"open","ping_status":"open","sticky":false,"template":"","format":"standard","meta":{"site-sidebar-layout":"default","site-content-layout":"","ast-site-content-layout":"","site-content-style":"default","site-sidebar-style":"default","ast-global-header-display":"","ast-banner-title-visibility":"","ast-main-header-display":"","ast-hfb-above-header-display":"","ast-hfb-below-header-display":"","ast-hfb-mobile-header-display":"","site-post-title":"","ast-breadcrumbs-content":"","ast-featured-img":"","footer-sml-layout":"","theme-transparent-header-meta":"","adv-header-id-meta":"","stick-header-meta":"","header-above-stick-meta":"","header-main-stick-meta":"","header-below-stick-meta":"","astra-migrate-meta-layouts":"default","ast-page-background-enabled":"default","ast-page-background-meta":{"desktop":{"background-color":"var(--ast-global-color-4)","background-image":"","background-repeat":"repeat","background-position":"center center","background-size":"auto","background-attachment":"scroll","background-type":"","background-media":"","overlay-type":"","overlay-color":"","overlay-gradient":""},"tablet":{"background-color":"","background-image":"","background-repeat":"repeat","background-position":"center center","background-size":"auto","background-attachment":"scroll","background-type":"","background-media":"","overlay-type":"","overlay-color":"","overlay-gradient":""},"mobile":{"background-color":"","background-image":"","background-repeat":"repeat","background-position":"center center","background-size":"auto","background-attachment":"scroll","background-type":"","background-media":"","overlay-type":"","overlay-color":"","overlay-gradient":""}},"ast-content-background-meta":{"desktop":{"background-color":"var(--ast-global-color-5)","background-image":"","background-repeat":"repeat","background-position":"center center","background-size":"auto","background-attachment":"scroll","background-type":"","background-media":"","overlay-type":"","overlay-color":"","overlay-gradient":""},"tablet":{"background-color":"var(--ast-global-color-5)","background-image":"","background-repeat":"repeat","background-position":"center center","background-size":"auto","background-attachment":"scroll","background-type":"","background-media":"","overlay-type":"","overlay-color":"","overlay-gradient":""},"mobile":{"background-color":"var(--ast-global-color-5)","background-image":"","background-repeat":"repeat","background-position":"center center","background-size":"auto","background-attachment":"scroll","background-type":"","background-media":"","overlay-type":"","overlay-color":"","overlay-gradient":""}},"footnotes":""},"categories":[612,3620,3621,36610],"tags":[11487,24532,159696,159697,159698,28782],"class_list":["post-73587","post","type-post","status-publish","format-standard","hentry","category-ciencias-juridicas-y-derecho","category-derecho-procesal","category-organizacion-juridica","category-rey-juan-carlos","tag-angel-antonio-blasco-pellicer","tag-antonio-vicente-sempere-navarro","tag-cancio-fernandez-raul-cesar","tag-castro-argielles-m-antonia","tag-francisco-antonio-gonzalez-diaz","tag-juan-garcia-blasco"],"_links":{"self":[{"href":"https:\/\/www.deberes.net\/tesis\/wp-json\/wp\/v2\/posts\/73587","targetHints":{"allow":["GET"]}}],"collection":[{"href":"https:\/\/www.deberes.net\/tesis\/wp-json\/wp\/v2\/posts"}],"about":[{"href":"https:\/\/www.deberes.net\/tesis\/wp-json\/wp\/v2\/types\/post"}],"author":[{"embeddable":true,"href":"https:\/\/www.deberes.net\/tesis\/wp-json\/wp\/v2\/users\/1"}],"replies":[{"embeddable":true,"href":"https:\/\/www.deberes.net\/tesis\/wp-json\/wp\/v2\/comments?post=73587"}],"version-history":[{"count":0,"href":"https:\/\/www.deberes.net\/tesis\/wp-json\/wp\/v2\/posts\/73587\/revisions"}],"wp:attachment":[{"href":"https:\/\/www.deberes.net\/tesis\/wp-json\/wp\/v2\/media?parent=73587"}],"wp:term":[{"taxonomy":"category","embeddable":true,"href":"https:\/\/www.deberes.net\/tesis\/wp-json\/wp\/v2\/categories?post=73587"},{"taxonomy":"post_tag","embeddable":true,"href":"https:\/\/www.deberes.net\/tesis\/wp-json\/wp\/v2\/tags?post=73587"}],"curies":[{"name":"wp","href":"https:\/\/api.w.org\/{rel}","templated":true}]}}