{"id":73639,"date":"2018-03-09T23:18:34","date_gmt":"2018-03-09T23:18:34","guid":{"rendered":"https:\/\/www.deberes.net\/tesis\/sin-categoria\/aspectos-geneticos-y-cla%c2%adnicos-del-sa%c2%adndrome-x-fragil\/"},"modified":"2018-03-09T23:18:34","modified_gmt":"2018-03-09T23:18:34","slug":"aspectos-geneticos-y-cla%c2%adnicos-del-sa%c2%adndrome-x-fragil","status":"publish","type":"post","link":"https:\/\/www.deberes.net\/tesis\/ciencias-medicas\/aspectos-geneticos-y-cla%c2%adnicos-del-sa%c2%adndrome-x-fragil\/","title":{"rendered":"Aspectos geneticos y cl\u00ednicos del s\u00edndrome x fragil."},"content":{"rendered":"<h2>Tesis doctoral de <strong> Mercedes Carrasco Mairena <\/strong><\/h2>\n<p>El sindrome x pagil es la causa mas com\u00fan de deficiencia mental y trastornos del desarrollo.  la mutaci\u00f3n genetica que lo origina es  responsable de que esta enfermedad afecte a 1 de cada 250 mujeres y 1 de cada 600 varones su forma leve (prenutaci\u00f3n);y 1 de cada 4000 varones y 1 de cada 600 mujeres en su forma prove (mutaci\u00f3n completasco\u00f1ual x fragil).Nuestros objetivos han sido dos principalmente:  perfilar el fenotipo fisico y comportamental en la afectados de prenutaci\u00f3n y mutaci\u00f3n completa (sxf)y relacionar ambos estados , ya  que hasta ahora siempre pensaba que los portadores o prenuntdos eran tranmisores normales o sanos , y  hemos visto en nuestro resultados que no es as\u00ed . Nuestras conclusiones apoyan un perfil propio de 1 sindrome , que se entremezcla con otra mudiar trastornos , siendo frecuente que se realiencia doble diagnostico.Por otra parte , hemos destacado la s\u00edstomas m\u00e1s precoces y mas relevantes en la afectados de mataci\u00f3n completa y premutaci\u00f3n.<\/p>\n<p>&nbsp;<\/p>\n<h3>Datos acad\u00e9micos de la tesis doctoral \u00ab<strong>Aspectos geneticos y cl\u00ednicos del s\u00edndrome x fragil.<\/strong>\u00ab<\/h3>\n<ul>\n<li><strong>T\u00edtulo de la tesis:<\/strong>\u00a0 Aspectos geneticos y cl\u00ednicos del s\u00edndrome x fragil. <\/li>\n<li><strong>Autor:<\/strong>\u00a0 Mercedes Carrasco Mairena <\/li>\n<li><strong>Universidad:<\/strong>\u00a0 Sevilla<\/li>\n<li><strong>Fecha de lectura de la tesis:<\/strong>\u00a0 21\/04\/2005<\/li>\n<\/ul>\n<p>&nbsp;<\/p>\n<h3>Direcci\u00f3n y tribunal<\/h3>\n<ul>\n<li><strong>Director de la tesis<\/strong>\n<ul>\n<li>Jaime Rodr\u00edguez Sacrist\u00e1n<\/li>\n<\/ul>\n<\/li>\n<li><strong>Tribunal<\/strong>\n<ul>\n<li>Presidente del tribunal: Miguel Lucas lucas <\/li>\n<li> Foez nuvoa garcia carmen (vocal)<\/li>\n<li>M\u00aa Luisa Mart\u00ednez fr\u00edas (vocal)<\/li>\n<li> Buceta cancela m. Jos\u00e9 (vocal)<\/li>\n<\/ul>\n<\/li>\n<\/ul>\n<p>&nbsp;<\/p>\n","protected":false},"excerpt":{"rendered":"<p>Tesis doctoral de Mercedes Carrasco Mairena El sindrome x pagil es la causa mas com\u00fan de deficiencia mental y trastornos [&hellip;]<\/p>\n","protected":false},"author":1,"featured_media":0,"comment_status":"open","ping_status":"open","sticky":false,"template":"","format":"standard","meta":{"site-sidebar-layout":"default","site-content-layout":"","ast-site-content-layout":"","site-content-style":"default","site-sidebar-style":"default","ast-global-header-display":"","ast-banner-title-visibility":"","ast-main-header-display":"","ast-hfb-above-header-display":"","ast-hfb-below-header-display":"","ast-hfb-mobile-header-display":"","site-post-title":"","ast-breadcrumbs-content":"","ast-featured-img":"","footer-sml-layout":"","theme-transparent-header-meta":"","adv-header-id-meta":"","stick-header-meta":"","header-above-stick-meta":"","header-main-stick-meta":"","header-below-stick-meta":"","astra-migrate-meta-layouts":"default","ast-page-background-enabled":"default","ast-page-background-meta":{"desktop":{"background-color":"var(--ast-global-color-4)","background-image":"","background-repeat":"repeat","background-position":"center center","background-size":"auto","background-attachment":"scroll","background-type":"","background-media":"","overlay-type":"","overlay-color":"","overlay-gradient":""},"tablet":{"background-color":"","background-image":"","background-repeat":"repeat","background-position":"center center","background-size":"auto","background-attachment":"scroll","background-type":"","background-media":"","overlay-type":"","overlay-color":"","overlay-gradient":""},"mobile":{"background-color":"","background-image":"","background-repeat":"repeat","background-position":"center center","background-size":"auto","background-attachment":"scroll","background-type":"","background-media":"","overlay-type":"","overlay-color":"","overlay-gradient":""}},"ast-content-background-meta":{"desktop":{"background-color":"var(--ast-global-color-5)","background-image":"","background-repeat":"repeat","background-position":"center center","background-size":"auto","background-attachment":"scroll","background-type":"","background-media":"","overlay-type":"","overlay-color":"","overlay-gradient":""},"tablet":{"background-color":"var(--ast-global-color-5)","background-image":"","background-repeat":"repeat","background-position":"center center","background-size":"auto","background-attachment":"scroll","background-type":"","background-media":"","overlay-type":"","overlay-color":"","overlay-gradient":""},"mobile":{"background-color":"var(--ast-global-color-5)","background-image":"","background-repeat":"repeat","background-position":"center center","background-size":"auto","background-attachment":"scroll","background-type":"","background-media":"","overlay-type":"","overlay-color":"","overlay-gradient":""}},"footnotes":""},"categories":[160,115,9,3289,324,970,1408,17,10715],"tags":[2948,159798,1914,159797,41741,23604],"class_list":["post-73639","post","type-post","status-publish","format-standard","hentry","category-bioquimica","category-bioquimica-molecular","category-ciencias-medicas","category-deficiencia-mental-del-nino-y-del-adolescente","category-psicologia","category-psicologia-del-nino-y-del-adolescente","category-psiquiatria","category-quimica","category-sevilla","tag-buceta-cancela-m-jose","tag-foez-nuvoa-garcia-carmen","tag-jaime-rodriguez-sacristan","tag-mercedes-carrasco-mairena","tag-miguel-lucas-lucas","tag-ma-luisa-Martinez-frias"],"_links":{"self":[{"href":"https:\/\/www.deberes.net\/tesis\/wp-json\/wp\/v2\/posts\/73639","targetHints":{"allow":["GET"]}}],"collection":[{"href":"https:\/\/www.deberes.net\/tesis\/wp-json\/wp\/v2\/posts"}],"about":[{"href":"https:\/\/www.deberes.net\/tesis\/wp-json\/wp\/v2\/types\/post"}],"author":[{"embeddable":true,"href":"https:\/\/www.deberes.net\/tesis\/wp-json\/wp\/v2\/users\/1"}],"replies":[{"embeddable":true,"href":"https:\/\/www.deberes.net\/tesis\/wp-json\/wp\/v2\/comments?post=73639"}],"version-history":[{"count":0,"href":"https:\/\/www.deberes.net\/tesis\/wp-json\/wp\/v2\/posts\/73639\/revisions"}],"wp:attachment":[{"href":"https:\/\/www.deberes.net\/tesis\/wp-json\/wp\/v2\/media?parent=73639"}],"wp:term":[{"taxonomy":"category","embeddable":true,"href":"https:\/\/www.deberes.net\/tesis\/wp-json\/wp\/v2\/categories?post=73639"},{"taxonomy":"post_tag","embeddable":true,"href":"https:\/\/www.deberes.net\/tesis\/wp-json\/wp\/v2\/tags?post=73639"}],"curies":[{"name":"wp","href":"https:\/\/api.w.org\/{rel}","templated":true}]}}