{"id":73655,"date":"2018-03-09T23:18:34","date_gmt":"2018-03-09T23:18:34","guid":{"rendered":"https:\/\/www.deberes.net\/tesis\/sin-categoria\/efectos-de-un-programa-de-intervencion-de-educacion-fa%c2%adsica-para-la-salud-en-adolescentes-de-3ao-de-eso\/"},"modified":"2018-03-09T23:18:34","modified_gmt":"2018-03-09T23:18:34","slug":"efectos-de-un-programa-de-intervencion-de-educacion-fa%c2%adsica-para-la-salud-en-adolescentes-de-3ao-de-eso","status":"publish","type":"post","link":"https:\/\/www.deberes.net\/tesis\/salud-publica\/efectos-de-un-programa-de-intervencion-de-educacion-fa%c2%adsica-para-la-salud-en-adolescentes-de-3ao-de-eso\/","title":{"rendered":"Efectos de un programa de intervenci\u00f3n de educaci\u00f3n f\u00edsica para la salud en adolescentes de 3\u00c2\u00ba de eso"},"content":{"rendered":"<h2>Tesis doctoral de <strong> Palma Chill\u00f3n Garz\u00f3n <\/strong><\/h2>\n<p>Partiendo del significativo aumento del sedentarismo y de la idoneidad de los centros escolares en la promoci\u00f3n de la salud, en el presente estudio se elabora, aplica y eval\u00faa un programa de intervenci\u00f3n de educaci\u00f3n para la salud desde el \u00e1rea de educaci\u00f3n f\u00edsica en adolescentes de 3\u00c2\u00ba de e.S.O. Del ies aricel (albolote, granada) durante un periodo de 6 meses. Se realizan medidas pretest, postest y durante el programa y se emplea un dise\u00f1o cuasiexperimental mixto con dos grupos control (o grupo ef) y experimental (o grupo efs, al que se aplican sesiones de ef orientada hacia la salud), empleando metodolog\u00eda cuantitativa y cualitativa.     se eval\u00faan los efectos del programa de intervenci\u00f3n en los conocimientos, actitudes y comportamientos del alumnado sobre actividad f\u00edsica orientada hacia la salud, en el nivel de condici\u00f3n f\u00edsica y en la composici\u00f3n corporal del alumnado. Y por otra parte, se eval\u00faa el propio programa de intervenci\u00f3n desde el punto de vista del alumnado y de la profesora, a trav\u00e9s de un cuestionario y del an\u00e1lisis de diarios de alumnos y profesora, entrevistas del alumnado y observaciones de v\u00eddeo de la profesora.     se obtienen mejoras significativas en el deficiente nivel inicial de conocimientos del alumnado, sin observarse cambios significativos en la adecuada orientaci\u00f3n inicial de las actitudes, m\u00e1s orientada hacia el proceso que hacia el resultado, ni en los comportamientos; los alumnos son f\u00edsicamente m\u00e1s activos que las alumnas y ambos est\u00e1n satisfechos con las clases de ef, opini\u00f3n que se correlaciona con el nivel de actividad f\u00edsica. El nivel de condici\u00f3n f\u00edsica mejora significativamente en ambos g\u00e9neros, debiendo considerar los posible efectos del desarrollo madurativo; y los valores de composici\u00f3n corporal manifiestan tambi\u00e9n un efecto positivo en la cantidad de grasa corporal total.     por otra parte, se corrobora una adecuada aplicaci\u00f3n del programa de intervenci\u00f3n en ambos grupos, coincidie<\/p>\n<p>&nbsp;<\/p>\n<h3>Datos acad\u00e9micos de la tesis doctoral \u00ab<strong>Efectos de un programa de intervenci\u00f3n de educaci\u00f3n f\u00edsica para la salud en adolescentes de 3\u00c2\u00ba de eso<\/strong>\u00ab<\/h3>\n<ul>\n<li><strong>T\u00edtulo de la tesis:<\/strong>\u00a0 Efectos de un programa de intervenci\u00f3n de educaci\u00f3n f\u00edsica para la salud en adolescentes de 3\u00c2\u00ba de eso <\/li>\n<li><strong>Autor:<\/strong>\u00a0 Palma Chill\u00f3n Garz\u00f3n <\/li>\n<li><strong>Universidad:<\/strong>\u00a0 Granada<\/li>\n<li><strong>Fecha de lectura de la tesis:<\/strong>\u00a0 22\/04\/2005<\/li>\n<\/ul>\n<p>&nbsp;<\/p>\n<h3>Direcci\u00f3n y tribunal<\/h3>\n<ul>\n<li><strong>Director de la tesis<\/strong>\n<ul>\n<li>Miguel \u00e1ngel Delgado Noguera<\/li>\n<\/ul>\n<\/li>\n<li><strong>Tribunal<\/strong>\n<ul>\n<li>Presidente del tribunal: Manuel joaquin Castillo garzon <\/li>\n<li>Juan Torres guerrero (vocal)<\/li>\n<li>eduardo Generelo lanaspa (vocal)<\/li>\n<li> Rodr\u00edguez grac\u00eda pedro l. (vocal)<\/li>\n<\/ul>\n<\/li>\n<\/ul>\n<p>&nbsp;<\/p>\n","protected":false},"excerpt":{"rendered":"<p>Tesis doctoral de Palma Chill\u00f3n Garz\u00f3n Partiendo del significativo aumento del sedentarismo y de la idoneidad de los centros escolares [&hellip;]<\/p>\n","protected":false},"author":1,"featured_media":0,"comment_status":"open","ping_status":"open","sticky":false,"template":"","format":"standard","meta":{"site-sidebar-layout":"default","site-content-layout":"","ast-site-content-layout":"","site-content-style":"default","site-sidebar-style":"default","ast-global-header-display":"","ast-banner-title-visibility":"","ast-main-header-display":"","ast-hfb-above-header-display":"","ast-hfb-below-header-display":"","ast-hfb-mobile-header-display":"","site-post-title":"","ast-breadcrumbs-content":"","ast-featured-img":"","footer-sml-layout":"","theme-transparent-header-meta":"","adv-header-id-meta":"","stick-header-meta":"","header-above-stick-meta":"","header-main-stick-meta":"","header-below-stick-meta":"","astra-migrate-meta-layouts":"default","ast-page-background-enabled":"default","ast-page-background-meta":{"desktop":{"background-color":"var(--ast-global-color-4)","background-image":"","background-repeat":"repeat","background-position":"center center","background-size":"auto","background-attachment":"scroll","background-type":"","background-media":"","overlay-type":"","overlay-color":"","overlay-gradient":""},"tablet":{"background-color":"","background-image":"","background-repeat":"repeat","background-position":"center center","background-size":"auto","background-attachment":"scroll","background-type":"","background-media":"","overlay-type":"","overlay-color":"","overlay-gradient":""},"mobile":{"background-color":"","background-image":"","background-repeat":"repeat","background-position":"center center","background-size":"auto","background-attachment":"scroll","background-type":"","background-media":"","overlay-type":"","overlay-color":"","overlay-gradient":""}},"ast-content-background-meta":{"desktop":{"background-color":"var(--ast-global-color-5)","background-image":"","background-repeat":"repeat","background-position":"center center","background-size":"auto","background-attachment":"scroll","background-type":"","background-media":"","overlay-type":"","overlay-color":"","overlay-gradient":""},"tablet":{"background-color":"var(--ast-global-color-5)","background-image":"","background-repeat":"repeat","background-position":"center center","background-size":"auto","background-attachment":"scroll","background-type":"","background-media":"","overlay-type":"","overlay-color":"","overlay-gradient":""},"mobile":{"background-color":"var(--ast-global-color-5)","background-image":"","background-repeat":"repeat","background-position":"center center","background-size":"auto","background-attachment":"scroll","background-type":"","background-media":"","overlay-type":"","overlay-color":"","overlay-gradient":""}},"footnotes":""},"categories":[2330,967],"tags":[76777,35969,40672,11642,159827,159828],"class_list":["post-73655","post","type-post","status-publish","format-standard","hentry","category-pedagogia-experimental","category-salud-publica","tag-eduardo-generelo-lanaspa","tag-juan-torres-guerrero","tag-manuel-joaquin-castillo-garzon","tag-miguel-angel-delgado-noguera","tag-palma-chillon-garzon","tag-rodriguez-gracia-pedro-l"],"_links":{"self":[{"href":"https:\/\/www.deberes.net\/tesis\/wp-json\/wp\/v2\/posts\/73655","targetHints":{"allow":["GET"]}}],"collection":[{"href":"https:\/\/www.deberes.net\/tesis\/wp-json\/wp\/v2\/posts"}],"about":[{"href":"https:\/\/www.deberes.net\/tesis\/wp-json\/wp\/v2\/types\/post"}],"author":[{"embeddable":true,"href":"https:\/\/www.deberes.net\/tesis\/wp-json\/wp\/v2\/users\/1"}],"replies":[{"embeddable":true,"href":"https:\/\/www.deberes.net\/tesis\/wp-json\/wp\/v2\/comments?post=73655"}],"version-history":[{"count":0,"href":"https:\/\/www.deberes.net\/tesis\/wp-json\/wp\/v2\/posts\/73655\/revisions"}],"wp:attachment":[{"href":"https:\/\/www.deberes.net\/tesis\/wp-json\/wp\/v2\/media?parent=73655"}],"wp:term":[{"taxonomy":"category","embeddable":true,"href":"https:\/\/www.deberes.net\/tesis\/wp-json\/wp\/v2\/categories?post=73655"},{"taxonomy":"post_tag","embeddable":true,"href":"https:\/\/www.deberes.net\/tesis\/wp-json\/wp\/v2\/tags?post=73655"}],"curies":[{"name":"wp","href":"https:\/\/api.w.org\/{rel}","templated":true}]}}