{"id":73660,"date":"2018-03-09T23:18:34","date_gmt":"2018-03-09T23:18:34","guid":{"rendered":"https:\/\/www.deberes.net\/tesis\/sin-categoria\/el-derecho-a-la-intimidad-y-la-grafologa%c2%ada\/"},"modified":"2018-03-09T23:18:34","modified_gmt":"2018-03-09T23:18:34","slug":"el-derecho-a-la-intimidad-y-la-grafologa%c2%ada","status":"publish","type":"post","link":"https:\/\/www.deberes.net\/tesis\/ciencias-juridicas-y-derecho\/el-derecho-a-la-intimidad-y-la-grafologa%c2%ada\/","title":{"rendered":"El derecho a la intimidad y la grafolog\u00eda"},"content":{"rendered":"<h2>Tesis doctoral de <strong>  Rueda Del Valle Doraye <\/strong><\/h2>\n<p>Tesis que se desarrolla sobre dos pilares b\u00e1sicos: uno, la propuesta de incluir el derecho a la intimidad como garant\u00eda individual en el sistema jur\u00eddico mexicano, esto es, una propuesta de lege ferenda , y otro , la propuesta de regular la disciplina de la grafolog\u00eda como actividad profesional, tambi\u00e9n en el marco del derecho mexicano.  estructur\u00e9 el contenido de la investigaci\u00f3n es seis cap\u00edtulos: el primero est\u00e1 integrado por el concepto de persona, su dignidad y protecci\u00f3n; el segundo contempla la intimidad del ser humano y la diferencia con su interioridad; el tercero abarca a la persona como origen y fin del ordenamiento jur\u00eddico y el derecho a la intimidad , con visi\u00f3n europea, del sistema espa\u00f1ol y del sistema mexicano; el cuarto proporciona el concepto de grafolog\u00eda , su base aristot\u00e9lica anima, su relaci\u00f3n con la interioridad de la persona y con el sistema jur\u00eddico actual mexicano; el quinto relaciona al graf\u00f3logo con la intimidad de la persona, con la \u00e9tica profesional y con la responsabilidad de su actuaci\u00f3n, y el sexto formula la propuesta de lege ferenda en el sistema jur\u00eddico mexicano, con las propuestas concretas de reforma legal que ello implica.Se dedica, tambi\u00e9n , un espacio a las conclusiones.<\/p>\n<p>&nbsp;<\/p>\n<h3>Datos acad\u00e9micos de la tesis doctoral \u00ab<strong>El derecho a la intimidad y la grafolog\u00eda<\/strong>\u00ab<\/h3>\n<ul>\n<li><strong>T\u00edtulo de la tesis:<\/strong>\u00a0 El derecho a la intimidad y la grafolog\u00eda <\/li>\n<li><strong>Autor:<\/strong>\u00a0  Rueda Del Valle Doraye <\/li>\n<li><strong>Universidad:<\/strong>\u00a0 Complutense de Madrid<\/li>\n<li><strong>Fecha de lectura de la tesis:<\/strong>\u00a0 22\/04\/2005<\/li>\n<\/ul>\n<p>&nbsp;<\/p>\n<h3>Direcci\u00f3n y tribunal<\/h3>\n<ul>\n<li><strong>Director de la tesis<\/strong>\n<ul>\n<li>Angela Sanchez De Vera Torres<\/li>\n<\/ul>\n<\/li>\n<li><strong>Tribunal<\/strong>\n<ul>\n<li>Presidente del tribunal: jose Iturmendi morales <\/li>\n<li>isabel Hoyo sierra (vocal)<\/li>\n<li>Manuel Maceiras fafi\u00e1n (vocal)<\/li>\n<li> Nu\u00f1ez ochoa Jos\u00e9 Antonio (vocal)<\/li>\n<\/ul>\n<\/li>\n<\/ul>\n<p>&nbsp;<\/p>\n","protected":false},"excerpt":{"rendered":"<p>Tesis doctoral de Rueda Del Valle Doraye Tesis que se desarrolla sobre dos pilares b\u00e1sicos: uno, la propuesta de incluir [&hellip;]<\/p>\n","protected":false},"author":1,"featured_media":0,"comment_status":"open","ping_status":"open","sticky":false,"template":"","format":"standard","meta":{"site-sidebar-layout":"default","site-content-layout":"","ast-site-content-layout":"","site-content-style":"default","site-sidebar-style":"default","ast-global-header-display":"","ast-banner-title-visibility":"","ast-main-header-display":"","ast-hfb-above-header-display":"","ast-hfb-below-header-display":"","ast-hfb-mobile-header-display":"","site-post-title":"","ast-breadcrumbs-content":"","ast-featured-img":"","footer-sml-layout":"","theme-transparent-header-meta":"","adv-header-id-meta":"","stick-header-meta":"","header-above-stick-meta":"","header-main-stick-meta":"","header-below-stick-meta":"","astra-migrate-meta-layouts":"default","ast-page-background-enabled":"default","ast-page-background-meta":{"desktop":{"background-color":"var(--ast-global-color-4)","background-image":"","background-repeat":"repeat","background-position":"center center","background-size":"auto","background-attachment":"scroll","background-type":"","background-media":"","overlay-type":"","overlay-color":"","overlay-gradient":""},"tablet":{"background-color":"","background-image":"","background-repeat":"repeat","background-position":"center center","background-size":"auto","background-attachment":"scroll","background-type":"","background-media":"","overlay-type":"","overlay-color":"","overlay-gradient":""},"mobile":{"background-color":"","background-image":"","background-repeat":"repeat","background-position":"center center","background-size":"auto","background-attachment":"scroll","background-type":"","background-media":"","overlay-type":"","overlay-color":"","overlay-gradient":""}},"ast-content-background-meta":{"desktop":{"background-color":"var(--ast-global-color-5)","background-image":"","background-repeat":"repeat","background-position":"center center","background-size":"auto","background-attachment":"scroll","background-type":"","background-media":"","overlay-type":"","overlay-color":"","overlay-gradient":""},"tablet":{"background-color":"var(--ast-global-color-5)","background-image":"","background-repeat":"repeat","background-position":"center center","background-size":"auto","background-attachment":"scroll","background-type":"","background-media":"","overlay-type":"","overlay-color":"","overlay-gradient":""},"mobile":{"background-color":"var(--ast-global-color-5)","background-image":"","background-repeat":"repeat","background-position":"center center","background-size":"auto","background-attachment":"scroll","background-type":"","background-media":"","overlay-type":"","overlay-color":"","overlay-gradient":""}},"footnotes":""},"categories":[612,19048,3193],"tags":[7135,135638,4854,5345,93121,159841],"class_list":["post-73660","post","type-post","status-publish","format-standard","hentry","category-ciencias-juridicas-y-derecho","category-jurisprudencia","category-teoria-y-metodos-generales-del-derecho","tag-angela-sanchez-de-vera-torres","tag-isabel-hoyo-sierra","tag-jose-iturmendi-morales","tag-manuel-maceiras-fafian","tag-nunez-ochoa-jose-antonio","tag-rueda-del-valle-doraye"],"_links":{"self":[{"href":"https:\/\/www.deberes.net\/tesis\/wp-json\/wp\/v2\/posts\/73660","targetHints":{"allow":["GET"]}}],"collection":[{"href":"https:\/\/www.deberes.net\/tesis\/wp-json\/wp\/v2\/posts"}],"about":[{"href":"https:\/\/www.deberes.net\/tesis\/wp-json\/wp\/v2\/types\/post"}],"author":[{"embeddable":true,"href":"https:\/\/www.deberes.net\/tesis\/wp-json\/wp\/v2\/users\/1"}],"replies":[{"embeddable":true,"href":"https:\/\/www.deberes.net\/tesis\/wp-json\/wp\/v2\/comments?post=73660"}],"version-history":[{"count":0,"href":"https:\/\/www.deberes.net\/tesis\/wp-json\/wp\/v2\/posts\/73660\/revisions"}],"wp:attachment":[{"href":"https:\/\/www.deberes.net\/tesis\/wp-json\/wp\/v2\/media?parent=73660"}],"wp:term":[{"taxonomy":"category","embeddable":true,"href":"https:\/\/www.deberes.net\/tesis\/wp-json\/wp\/v2\/categories?post=73660"},{"taxonomy":"post_tag","embeddable":true,"href":"https:\/\/www.deberes.net\/tesis\/wp-json\/wp\/v2\/tags?post=73660"}],"curies":[{"name":"wp","href":"https:\/\/api.w.org\/{rel}","templated":true}]}}