{"id":73675,"date":"2018-03-09T23:18:38","date_gmt":"2018-03-09T23:18:38","guid":{"rendered":"https:\/\/www.deberes.net\/tesis\/sin-categoria\/francisco-severo-maldonado-y-ocampo-su-obra-un-legado-social-para-el-mexico-independiente\/"},"modified":"2018-03-09T23:18:38","modified_gmt":"2018-03-09T23:18:38","slug":"francisco-severo-maldonado-y-ocampo-su-obra-un-legado-social-para-el-mexico-independiente","status":"publish","type":"post","link":"https:\/\/www.deberes.net\/tesis\/historia\/francisco-severo-maldonado-y-ocampo-su-obra-un-legado-social-para-el-mexico-independiente\/","title":{"rendered":"Francisco severo maldonado y ocampo: su obra, un legado social para el m\u00e9xico independiente."},"content":{"rendered":"<h2>Tesis doctoral de <strong> Carlos Fregoso Gennis <\/strong><\/h2>\n<p>\u00abfrancisco severo maldonado: su obra, un legado social para el m\u00e9xico independiente.\u00bb  el religioso francisco severo maldonado y ocampo (1775-1831) es conocido en la historiograf\u00eda mexicana como el director del primer peri\u00f3dico insurgente de hispanoam\u00e9rica \u00abel despertador americano\u00bb, mismo que se edit\u00f3 en guadalajara, capital de la nueva galicia luego de los primeros hechos de armas encabezados por miguel hidalgo y costilla en septiembre de 1810 como hijo adoptivo de la ilustraci\u00f3n incursion\u00f3 por los m\u00e1s amplios senderos del pensamiento europeo de la \u00e9poca.  sin ser un jurista, elabor\u00f3 una constituci\u00f3n primigenia en m\u00e9xico con las caracter\u00edsticas sobresalientes de la francesa y la norteamericana fundamentalmente. la elecci\u00f3n y divisi\u00f3n de poderes por la v\u00eda democr\u00e1tica ya se presenta en el documento conocido como \u00abnuevo pacto social\u00bb del cual es complemento el titulado \u00abcontrato de asociaci\u00f3n para la rep\u00fablica de lo estados.Unidos del an\u00e1huac\u00bb (1821-1823),jambi\u00e9n de.Su autor\u00eda. En ambos textos se\u00f1ala la urgente necesidad de lograr una verdadera justicia social por medio de instrumentos legislativos que condujeran a la organizaci\u00f3n del nuevo pa\u00eds.Aborda con admirable manejo del lenguaje espacios en los que era autodidacta; propone un cooperativismo en las zonas rurales en las que conoci\u00f3 las carencias y los anhelos de los grupos marginados. Desde las \u00faltimas d\u00e9cadas del siglo xx en hispanoam\u00e9rica es motivo de preocupaci\u00f3n el resguardo de los derechos del hombre, los tambi\u00e9n llamados derechos humanos, ante los excesos de la autoridad; el cl\u00e9rigo mexicano enfatiz\u00f3 con toda claridad estos preceptqs de defensa por vez primera en un documento reglamentario. Incluye en sus visionarias propuestas la obligatoriedad y gratuidad de una educaci\u00f3n elemental laica, que para su \u00e9poca significaba cimbrar desde sus c\u00edmientos un estatuto de dominio religioso. El reparto agrario y la tenencia de la tierra, problemas anq<\/p>\n<p>&nbsp;<\/p>\n<h3>Datos acad\u00e9micos de la tesis doctoral \u00ab<strong>Francisco severo maldonado y ocampo: su obra, un legado social para el m\u00e9xico independiente.<\/strong>\u00ab<\/h3>\n<ul>\n<li><strong>T\u00edtulo de la tesis:<\/strong>\u00a0 Francisco severo maldonado y ocampo: su obra, un legado social para el m\u00e9xico independiente. <\/li>\n<li><strong>Autor:<\/strong>\u00a0 Carlos Fregoso Gennis <\/li>\n<li><strong>Universidad:<\/strong>\u00a0 Aut\u00f3noma de Madrid<\/li>\n<li><strong>Fecha de lectura de la tesis:<\/strong>\u00a0 22\/04\/2005<\/li>\n<\/ul>\n<p>&nbsp;<\/p>\n<h3>Direcci\u00f3n y tribunal<\/h3>\n<ul>\n<li><strong>Director de la tesis<\/strong>\n<ul>\n<li>Pilar P\u00e9rez Cant\u00f3<\/li>\n<\/ul>\n<\/li>\n<li><strong>Tribunal<\/strong>\n<ul>\n<li>Presidente del tribunal: pablo Fern\u00e1ndez albladejo <\/li>\n<li>julio S\u00e1nchez g\u00f3mez (vocal)<\/li>\n<li>edmond Cros (vocal)<\/li>\n<li> Matilla quiza m. Jes\u00fas (vocal)<\/li>\n<\/ul>\n<\/li>\n<\/ul>\n<p>&nbsp;<\/p>\n","protected":false},"excerpt":{"rendered":"<p>Tesis doctoral de Carlos Fregoso Gennis \u00abfrancisco severo maldonado: su obra, un legado social para el m\u00e9xico independiente.\u00bb el religioso [&hellip;]<\/p>\n","protected":false},"author":1,"featured_media":0,"comment_status":"open","ping_status":"open","sticky":false,"template":"","format":"standard","meta":{"site-sidebar-layout":"default","site-content-layout":"","ast-site-content-layout":"","site-content-style":"default","site-sidebar-style":"default","ast-global-header-display":"","ast-banner-title-visibility":"","ast-main-header-display":"","ast-hfb-above-header-display":"","ast-hfb-below-header-display":"","ast-hfb-mobile-header-display":"","site-post-title":"","ast-breadcrumbs-content":"","ast-featured-img":"","footer-sml-layout":"","theme-transparent-header-meta":"","adv-header-id-meta":"","stick-header-meta":"","header-above-stick-meta":"","header-main-stick-meta":"","header-below-stick-meta":"","astra-migrate-meta-layouts":"default","ast-page-background-enabled":"default","ast-page-background-meta":{"desktop":{"background-color":"var(--ast-global-color-4)","background-image":"","background-repeat":"repeat","background-position":"center center","background-size":"auto","background-attachment":"scroll","background-type":"","background-media":"","overlay-type":"","overlay-color":"","overlay-gradient":""},"tablet":{"background-color":"","background-image":"","background-repeat":"repeat","background-position":"center center","background-size":"auto","background-attachment":"scroll","background-type":"","background-media":"","overlay-type":"","overlay-color":"","overlay-gradient":""},"mobile":{"background-color":"","background-image":"","background-repeat":"repeat","background-position":"center center","background-size":"auto","background-attachment":"scroll","background-type":"","background-media":"","overlay-type":"","overlay-color":"","overlay-gradient":""}},"ast-content-background-meta":{"desktop":{"background-color":"var(--ast-global-color-5)","background-image":"","background-repeat":"repeat","background-position":"center center","background-size":"auto","background-attachment":"scroll","background-type":"","background-media":"","overlay-type":"","overlay-color":"","overlay-gradient":""},"tablet":{"background-color":"var(--ast-global-color-5)","background-image":"","background-repeat":"repeat","background-position":"center center","background-size":"auto","background-attachment":"scroll","background-type":"","background-media":"","overlay-type":"","overlay-color":"","overlay-gradient":""},"mobile":{"background-color":"var(--ast-global-color-5)","background-image":"","background-repeat":"repeat","background-position":"center center","background-size":"auto","background-attachment":"scroll","background-type":"","background-media":"","overlay-type":"","overlay-color":"","overlay-gradient":""}},"footnotes":""},"categories":[104,3538,5812,222],"tags":[159870,58534,26425,159872,159871,36399],"class_list":["post-73675","post","type-post","status-publish","format-standard","hentry","category-historia","category-historia-de-las-ideas-politicas","category-historia-del-periodismo","category-historias-especializadas","tag-carlos-fregoso-gennis","tag-edmond-cros","tag-julio-sanchez-gomez","tag-matilla-quiza-m-jesus","tag-pablo-fernandez-albladejo","tag-pilar-perez-canto"],"_links":{"self":[{"href":"https:\/\/www.deberes.net\/tesis\/wp-json\/wp\/v2\/posts\/73675","targetHints":{"allow":["GET"]}}],"collection":[{"href":"https:\/\/www.deberes.net\/tesis\/wp-json\/wp\/v2\/posts"}],"about":[{"href":"https:\/\/www.deberes.net\/tesis\/wp-json\/wp\/v2\/types\/post"}],"author":[{"embeddable":true,"href":"https:\/\/www.deberes.net\/tesis\/wp-json\/wp\/v2\/users\/1"}],"replies":[{"embeddable":true,"href":"https:\/\/www.deberes.net\/tesis\/wp-json\/wp\/v2\/comments?post=73675"}],"version-history":[{"count":0,"href":"https:\/\/www.deberes.net\/tesis\/wp-json\/wp\/v2\/posts\/73675\/revisions"}],"wp:attachment":[{"href":"https:\/\/www.deberes.net\/tesis\/wp-json\/wp\/v2\/media?parent=73675"}],"wp:term":[{"taxonomy":"category","embeddable":true,"href":"https:\/\/www.deberes.net\/tesis\/wp-json\/wp\/v2\/categories?post=73675"},{"taxonomy":"post_tag","embeddable":true,"href":"https:\/\/www.deberes.net\/tesis\/wp-json\/wp\/v2\/tags?post=73675"}],"curies":[{"name":"wp","href":"https:\/\/api.w.org\/{rel}","templated":true}]}}