{"id":73730,"date":"2018-03-09T23:18:38","date_gmt":"2018-03-09T23:18:38","guid":{"rendered":"https:\/\/www.deberes.net\/tesis\/sin-categoria\/bases-moleculares-de-la-enfermedad-de-alzheimer-en-el-delfin\/"},"modified":"2018-03-09T23:18:38","modified_gmt":"2018-03-09T23:18:38","slug":"bases-moleculares-de-la-enfermedad-de-alzheimer-en-el-delfin","status":"publish","type":"post","link":"https:\/\/www.deberes.net\/tesis\/patologia-animal\/bases-moleculares-de-la-enfermedad-de-alzheimer-en-el-delfin\/","title":{"rendered":"Bases moleculares de la enfermedad de alzheimer en el delfin"},"content":{"rendered":"<h2>Tesis doctoral de <strong> Mar\u00eda  Carolina Gallego Iradi <\/strong><\/h2>\n<p>La enfermedad de alzheimer es la principal causa de demencia relacionada con el envejecimiento. Es una enfermedad neurodegenerativa caracterizada por la presencia en el cerebro de placas amiloides. Estas placas est\u00e1n constituidas fundamentalmente por un p\u00e9ptido de 40-42 amino\u00e1cidos que procede del corte de una prote\u00edna precursora del amiloide beta (app)tras la acci\u00f3n de las proteasas beta y gamma secretasa. dada la longevidad de los cet\u00e1ceos, hemos considerado la hip\u00f3tesis de que algunos de sus varamientos podr\u00edan deberse a causas neurodegenerativas asociadas a la edad, que provocar\u00edan un trastorno en la ecolocalizaci\u00f3n llevando al animal a una completa desorientaci\u00f3n. Se analiz\u00f3 la presencia de placas amiloides en cerebros con anticuerpos espec\u00edficos frente al p\u00e9ptido beta amiloide humano y se compar\u00f3 con las placas presentes en perros con demencia, tantoalgunos delfines como perros dementes, presentabanplacas amiloides en sus cerebros. en este estudio hemos elegido el delfin stenella coeruleoalba como modelo debido a su disponibilidad, longevidad y ciertas similitudes fisiol\u00f3gicas con el ser humano. Hemos clonado y secuenciado la regi\u00f3n codifiran4e de los p\u00e9ptidos beta arniloide de los delfines tursiops trancatus (delfin mular), cuampus piscos (calder\u00f3n gis) y stenella coeraleoalba (delfin listado) y hemos comprobado que su secuencia aminoac5dica es igual a la del hombre. Hemos donado y seenenciado la prote\u00edna precursora del amiloide (app) en stenella coeraleoalba y hemos visto que presenta una nueva isoforma de 749 amino\u00e1cidos, con una similitud del 95% con la isoforma app 770 humana. tambi\u00e9n hemos visto (tras la donaci\u00f3n y secuenciaci\u00f3n de fragmentos de cdna) que le delf\u00edn expresa las prote\u00ednas m\u00e1s directamente involucradas en el procesamiento de la app para producir el p\u00e9ptido amiloide, como son la beta secretasa (bace), y las presenilinas 1 y 2, componentes principales de la gamma secretasa. Los resultados de nuestro estudio revelan <pie el delfin presenta la misma maquinaria molecular de procesamiento de app que el hombre y que tanto el perro como el delfm pusden usarse como modelos naturales en los que analizar algunos de los aspectos implicados en la enfermedad de alzheimer. Asimismo, el varamieuto de algunos delfines podr\u00eda ser consecuencia de su neurodegeueraci\u00f3n y demencia.\n\n\n\n&nbsp;\n\n\n<h3>Datos acad\u00e9micos de la tesis doctoral \u00ab<strong>Bases moleculares de la enfermedad de alzheimer en el delfin<\/strong>\u00ab<\/h3>\n<ul>\n<li><strong>T\u00edtulo de la tesis:<\/strong>\u00a0 Bases moleculares de la enfermedad de alzheimer en el delfin <\/li>\n<li><strong>Autor:<\/strong>\u00a0 Mar\u00eda  Carolina Gallego Iradi <\/li>\n<li><strong>Universidad:<\/strong>\u00a0 Zaragoza<\/li>\n<li><strong>Fecha de lectura de la tesis:<\/strong>\u00a0 26\/04\/2005<\/li>\n<\/ul>\n<p>&nbsp;<\/p>\n<h3>Direcci\u00f3n y tribunal<\/h3>\n<ul>\n<li><strong>Director de la tesis<\/strong>\n<ul>\n<li>Jos\u00e9 Manuel Sarasa Barrio<\/li>\n<\/ul>\n<\/li>\n<li><strong>Tribunal<\/strong>\n<ul>\n<li>Presidente del tribunal: Antonio  Jes\u00fas Fern\u00e1ndez rodr\u00edguez <\/li>\n<li>Mar\u00eda  victoria Arruga lavi\u00f1a (vocal)<\/li>\n<li>salvador Climent peris (vocal)<\/li>\n<li>isidro Ferrer abizanda (vocal)<\/li>\n<\/ul>\n<\/li>\n<\/ul>\n<p>&nbsp;<\/p>\n","protected":false},"excerpt":{"rendered":"<p>Tesis doctoral de Mar\u00eda Carolina Gallego Iradi La enfermedad de alzheimer es la principal causa de demencia relacionada con el [&hellip;]<\/p>\n","protected":false},"author":1,"featured_media":0,"comment_status":"open","ping_status":"open","sticky":false,"template":"","format":"standard","meta":{"site-sidebar-layout":"default","site-content-layout":"","ast-site-content-layout":"","site-content-style":"default","site-sidebar-style":"default","ast-global-header-display":"","ast-banner-title-visibility":"","ast-main-header-display":"","ast-hfb-above-header-display":"","ast-hfb-below-header-display":"","ast-hfb-mobile-header-display":"","site-post-title":"","ast-breadcrumbs-content":"","ast-featured-img":"","footer-sml-layout":"","theme-transparent-header-meta":"","adv-header-id-meta":"","stick-header-meta":"","header-above-stick-meta":"","header-main-stick-meta":"","header-below-stick-meta":"","astra-migrate-meta-layouts":"default","ast-page-background-enabled":"default","ast-page-background-meta":{"desktop":{"background-color":"var(--ast-global-color-4)","background-image":"","background-repeat":"repeat","background-position":"center center","background-size":"auto","background-attachment":"scroll","background-type":"","background-media":"","overlay-type":"","overlay-color":"","overlay-gradient":""},"tablet":{"background-color":"","background-image":"","background-repeat":"repeat","background-position":"center center","background-size":"auto","background-attachment":"scroll","background-type":"","background-media":"","overlay-type":"","overlay-color":"","overlay-gradient":""},"mobile":{"background-color":"","background-image":"","background-repeat":"repeat","background-position":"center center","background-size":"auto","background-attachment":"scroll","background-type":"","background-media":"","overlay-type":"","overlay-color":"","overlay-gradient":""}},"ast-content-background-meta":{"desktop":{"background-color":"var(--ast-global-color-5)","background-image":"","background-repeat":"repeat","background-position":"center center","background-size":"auto","background-attachment":"scroll","background-type":"","background-media":"","overlay-type":"","overlay-color":"","overlay-gradient":""},"tablet":{"background-color":"var(--ast-global-color-5)","background-image":"","background-repeat":"repeat","background-position":"center center","background-size":"auto","background-attachment":"scroll","background-type":"","background-media":"","overlay-type":"","overlay-color":"","overlay-gradient":""},"mobile":{"background-color":"var(--ast-global-color-5)","background-image":"","background-repeat":"repeat","background-position":"center center","background-size":"auto","background-attachment":"scroll","background-type":"","background-media":"","overlay-type":"","overlay-color":"","overlay-gradient":""}},"footnotes":""},"categories":[36483,541,13610],"tags":[136691,13845,86572,159987,24399,8555],"class_list":["post-73730","post","type-post","status-publish","format-standard","hentry","category-biologia-molecular","category-patologia-animal","category-zaragoza","tag-antonio-jesus-fernandez-rodriguez","tag-isidro-ferrer-abizanda","tag-jose-manuel-sarasa-barrio","tag-maria-carolina-gallego-iradi","tag-maria-victoria-arruga-lavina","tag-salvador-climent-peris"],"_links":{"self":[{"href":"https:\/\/www.deberes.net\/tesis\/wp-json\/wp\/v2\/posts\/73730","targetHints":{"allow":["GET"]}}],"collection":[{"href":"https:\/\/www.deberes.net\/tesis\/wp-json\/wp\/v2\/posts"}],"about":[{"href":"https:\/\/www.deberes.net\/tesis\/wp-json\/wp\/v2\/types\/post"}],"author":[{"embeddable":true,"href":"https:\/\/www.deberes.net\/tesis\/wp-json\/wp\/v2\/users\/1"}],"replies":[{"embeddable":true,"href":"https:\/\/www.deberes.net\/tesis\/wp-json\/wp\/v2\/comments?post=73730"}],"version-history":[{"count":0,"href":"https:\/\/www.deberes.net\/tesis\/wp-json\/wp\/v2\/posts\/73730\/revisions"}],"wp:attachment":[{"href":"https:\/\/www.deberes.net\/tesis\/wp-json\/wp\/v2\/media?parent=73730"}],"wp:term":[{"taxonomy":"category","embeddable":true,"href":"https:\/\/www.deberes.net\/tesis\/wp-json\/wp\/v2\/categories?post=73730"},{"taxonomy":"post_tag","embeddable":true,"href":"https:\/\/www.deberes.net\/tesis\/wp-json\/wp\/v2\/tags?post=73730"}],"curies":[{"name":"wp","href":"https:\/\/api.w.org\/{rel}","templated":true}]}}