{"id":73734,"date":"2018-03-09T23:18:38","date_gmt":"2018-03-09T23:18:38","guid":{"rendered":"https:\/\/www.deberes.net\/tesis\/sin-categoria\/creatividad-y-comunicacion-de-la-ilustracion-infantil-en-la-narrativa-en-castellano-1900-1936\/"},"modified":"2018-03-09T23:18:38","modified_gmt":"2018-03-09T23:18:38","slug":"creatividad-y-comunicacion-de-la-ilustracion-infantil-en-la-narrativa-en-castellano-1900-1936","status":"publish","type":"post","link":"https:\/\/www.deberes.net\/tesis\/pedagogia\/creatividad-y-comunicacion-de-la-ilustracion-infantil-en-la-narrativa-en-castellano-1900-1936\/","title":{"rendered":"Creatividad y comunicaci\u00f3n de la ilustraci\u00f3n infantil en la narrativa en castellano. (1900-1936)."},"content":{"rendered":"<h2>Tesis doctoral de <strong> Alberto Urdiales Valiente <\/strong><\/h2>\n<p>La tesis se plantea como un estudio pormenorizado de los creadores , entidades y circunstancias que realizaron , promovieron e influyeron en la ilustraci\u00f3n de los libros de narrativa infantil editada en castellano, publicadoso y utilizados en los primeros a\u00f1os del siglo xx y hasta la guerra civil.  tras la exposici\u00f3n de los objetivos de la investigaci\u00f3n y el an\u00e1lisis de los posibles antecedentes de este tipo de dibujos, se tratan y estudian los grupos sociales que intervinieron en su creaci\u00f3n y aquellos a los que dirig\u00edan y consum\u00edan este tipo de libros.En esta parte inicial se detalla la procucci\u00f3n de otros medios gr\u00e1ficos del momento , as\u00ed como lo creado por otros pa\u00edses en este campo de la ilustraci\u00f3n infantil.  una vez expuesto el contexto se entra en el an\u00e1lisis singular de los ilustradores e ilustradoras que aportaron sus creaciones a este medio.  el estudio individualizado se organiza en grupos editoriales, ya que la producci\u00f3n y especializaci\u00f3n en la narrativa infantil de la \u00e9poca no fueron muy grandes y los pocos editores que se dedicaron al p\u00fablico m\u00e1s peque\u00f1\u00f3 en edad imprimieron un fuerte car\u00e1cter a sus l\u00edneas editoriales, siendo por tanto la editorial gestora y posibilitadora de una determinada l\u00ednea pl\u00e1stica , lo que la convierte en un elemento muy importante a la hora de realizar el an\u00e1lisis y desentra\u00f1ar objetivos.  este an\u00e1lisis se realiza desde el punto de vista de su incidencia en los m\u00e1s peque\u00f1os: comunicaci\u00f3n, motivaci\u00f3n , desarrollo de capacidades y sentimientos, etc.  el estudio analit\u00edco de las producciones de esta \u00e9poca se articula en dos periodos marcados por los propios productos editoriales y por el contenido y objetivos de las ilustraciones.El punto de inflexi\u00f3n se mueve entre los a\u00f1os 1912 y 1915 .  en la \u00e9poca estudiada se gesta el inicio y establecimiento , en la literatura infantil en catellano, del fen\u00f3meno que hoy conocemos como islustraci\u00f3n infantil , por lo<\/p>\n<p>&nbsp;<\/p>\n<h3>Datos acad\u00e9micos de la tesis doctoral \u00ab<strong>Creatividad y comunicaci\u00f3n de la ilustraci\u00f3n infantil en la narrativa en castellano. (1900-1936).<\/strong>\u00ab<\/h3>\n<ul>\n<li><strong>T\u00edtulo de la tesis:<\/strong>\u00a0 Creatividad y comunicaci\u00f3n de la ilustraci\u00f3n infantil en la narrativa en castellano. (1900-1936). <\/li>\n<li><strong>Autor:<\/strong>\u00a0 Alberto Urdiales Valiente <\/li>\n<li><strong>Universidad:<\/strong>\u00a0 Complutense de Madrid<\/li>\n<li><strong>Fecha de lectura de la tesis:<\/strong>\u00a0 27\/04\/2005<\/li>\n<\/ul>\n<p>&nbsp;<\/p>\n<h3>Direcci\u00f3n y tribunal<\/h3>\n<ul>\n<li><strong>Director de la tesis<\/strong>\n<ul>\n<li> Lopez Fern\u00e1ndez M. \u00e1ngeles<\/li>\n<\/ul>\n<\/li>\n<li><strong>Tribunal<\/strong>\n<ul>\n<li>Presidente del tribunal: Jaime Garc\u00eda padrino <\/li>\n<li>carmen Alcaide spirito (vocal)<\/li>\n<li>virtudes Martinez vazquez (vocal)<\/li>\n<li>edurne Uria urraza (vocal)<\/li>\n<\/ul>\n<\/li>\n<\/ul>\n<p>&nbsp;<\/p>\n","protected":false},"excerpt":{"rendered":"<p>Tesis doctoral de Alberto Urdiales Valiente La tesis se plantea como un estudio pormenorizado de los creadores , entidades y [&hellip;]<\/p>\n","protected":false},"author":1,"featured_media":0,"comment_status":"open","ping_status":"open","sticky":false,"template":"","format":"standard","meta":{"site-sidebar-layout":"default","site-content-layout":"","ast-site-content-layout":"","site-content-style":"default","site-sidebar-style":"default","ast-global-header-display":"","ast-banner-title-visibility":"","ast-main-header-display":"","ast-hfb-above-header-display":"","ast-hfb-below-header-display":"","ast-hfb-mobile-header-display":"","site-post-title":"","ast-breadcrumbs-content":"","ast-featured-img":"","footer-sml-layout":"","theme-transparent-header-meta":"","adv-header-id-meta":"","stick-header-meta":"","header-above-stick-meta":"","header-main-stick-meta":"","header-below-stick-meta":"","astra-migrate-meta-layouts":"default","ast-page-background-enabled":"default","ast-page-background-meta":{"desktop":{"background-color":"var(--ast-global-color-4)","background-image":"","background-repeat":"repeat","background-position":"center center","background-size":"auto","background-attachment":"scroll","background-type":"","background-media":"","overlay-type":"","overlay-color":"","overlay-gradient":""},"tablet":{"background-color":"","background-image":"","background-repeat":"repeat","background-position":"center center","background-size":"auto","background-attachment":"scroll","background-type":"","background-media":"","overlay-type":"","overlay-color":"","overlay-gradient":""},"mobile":{"background-color":"","background-image":"","background-repeat":"repeat","background-position":"center center","background-size":"auto","background-attachment":"scroll","background-type":"","background-media":"","overlay-type":"","overlay-color":"","overlay-gradient":""}},"ast-content-background-meta":{"desktop":{"background-color":"var(--ast-global-color-5)","background-image":"","background-repeat":"repeat","background-position":"center center","background-size":"auto","background-attachment":"scroll","background-type":"","background-media":"","overlay-type":"","overlay-color":"","overlay-gradient":""},"tablet":{"background-color":"var(--ast-global-color-5)","background-image":"","background-repeat":"repeat","background-position":"center center","background-size":"auto","background-attachment":"scroll","background-type":"","background-media":"","overlay-type":"","overlay-color":"","overlay-gradient":""},"mobile":{"background-color":"var(--ast-global-color-5)","background-image":"","background-repeat":"repeat","background-position":"center center","background-size":"auto","background-attachment":"scroll","background-type":"","background-media":"","overlay-type":"","overlay-color":"","overlay-gradient":""}},"footnotes":""},"categories":[1141,1341],"tags":[159992,42184,35736,44923,36689,35735],"class_list":["post-73734","post","type-post","status-publish","format-standard","hentry","category-pedagogia","category-teoria-y-metodos-educativos","tag-alberto-urdiales-valiente","tag-carmen-alcaide-spirito","tag-edurne-uria-urraza","tag-jaime-garcia-padrino","tag-lopez-fernandez-m-angeles","tag-virtudes-Martinez-vazquez"],"_links":{"self":[{"href":"https:\/\/www.deberes.net\/tesis\/wp-json\/wp\/v2\/posts\/73734","targetHints":{"allow":["GET"]}}],"collection":[{"href":"https:\/\/www.deberes.net\/tesis\/wp-json\/wp\/v2\/posts"}],"about":[{"href":"https:\/\/www.deberes.net\/tesis\/wp-json\/wp\/v2\/types\/post"}],"author":[{"embeddable":true,"href":"https:\/\/www.deberes.net\/tesis\/wp-json\/wp\/v2\/users\/1"}],"replies":[{"embeddable":true,"href":"https:\/\/www.deberes.net\/tesis\/wp-json\/wp\/v2\/comments?post=73734"}],"version-history":[{"count":0,"href":"https:\/\/www.deberes.net\/tesis\/wp-json\/wp\/v2\/posts\/73734\/revisions"}],"wp:attachment":[{"href":"https:\/\/www.deberes.net\/tesis\/wp-json\/wp\/v2\/media?parent=73734"}],"wp:term":[{"taxonomy":"category","embeddable":true,"href":"https:\/\/www.deberes.net\/tesis\/wp-json\/wp\/v2\/categories?post=73734"},{"taxonomy":"post_tag","embeddable":true,"href":"https:\/\/www.deberes.net\/tesis\/wp-json\/wp\/v2\/tags?post=73734"}],"curies":[{"name":"wp","href":"https:\/\/api.w.org\/{rel}","templated":true}]}}