{"id":73743,"date":"2018-03-09T23:18:42","date_gmt":"2018-03-09T23:18:42","guid":{"rendered":"https:\/\/www.deberes.net\/tesis\/sin-categoria\/la-imagen-figurativa-del-rey-de-aragon-en-la-edad-media\/"},"modified":"2018-03-09T23:18:42","modified_gmt":"2018-03-09T23:18:42","slug":"la-imagen-figurativa-del-rey-de-aragon-en-la-edad-media","status":"publish","type":"post","link":"https:\/\/www.deberes.net\/tesis\/historia\/la-imagen-figurativa-del-rey-de-aragon-en-la-edad-media\/","title":{"rendered":"La imagen figurativa del rey de arag\u00f3n en la edad media"},"content":{"rendered":"<h2>Tesis doctoral de <strong> Marta Serrano Coll <\/strong><\/h2>\n<p>La tesis doctoral titulada \u00abla imagen figurativa del rey de arag\u00f3n en la edad media\u00bb tiene como objetivo analizar todas las representaciones medievales del rey de arag\u00f3n, establecer las correspondientes tipolog\u00edas, observar c\u00f3mo se adaptan a los casos espec\u00edficos de la corona de arag\u00f3n las f\u00f3rmulas de representaci\u00f3n de la majestad heredadas de la antig\u00ed\u00bcedad o generadas en la europa medieval, evidenciar cu\u00e1les son las novedades y las alteraciones que se producen en su repertorio iconogr\u00e1fico y averiguar si estas modificaciones surgen como respuestas a las particularidades hist\u00f3ricas, a las nuevas concepciones de poder, a  la personalidad de los monarcas o a las circunstancias de finalidad y uso de cada obra espec\u00edfica.  este trabajo de investigaci\u00f3n constituye un estudio de iconograf\u00eda e inonolog\u00eda medieval de larga duraci\u00f3n al abordar im\u00e1genes desde el siglo xi hasta 1516. Centrado en las tipolog\u00edas y sus manifestaciones particulares, intenta rastrear sus precedentes formales y examinar las motivaciones que llevaron a la promoci\u00f3n de cada una de las elaboraciones que se configuran como soporte de la imagen del rey. Todas las representaciones figurativas analizadas se han ofrecido a modo de corpus exhaustivo en el segundo volumen dedicado a los gr\u00e1ficos y l\u00e1minas.<\/p>\n<p>&nbsp;<\/p>\n<h3>Datos acad\u00e9micos de la tesis doctoral \u00ab<strong>La imagen figurativa del rey de arag\u00f3n en la edad media<\/strong>\u00ab<\/h3>\n<ul>\n<li><strong>T\u00edtulo de la tesis:<\/strong>\u00a0 La imagen figurativa del rey de arag\u00f3n en la edad media <\/li>\n<li><strong>Autor:<\/strong>\u00a0 Marta Serrano Coll <\/li>\n<li><strong>Universidad:<\/strong>\u00a0 Rovira i virgili<\/li>\n<li><strong>Fecha de lectura de la tesis:<\/strong>\u00a0 27\/04\/2005<\/li>\n<\/ul>\n<p>&nbsp;<\/p>\n<h3>Direcci\u00f3n y tribunal<\/h3>\n<ul>\n<li><strong>Director de la tesis<\/strong>\n<ul>\n<li> Mart\u00ednez De Aguirre Aldaz JavierM.<\/li>\n<\/ul>\n<\/li>\n<li><strong>Tribunal<\/strong>\n<ul>\n<li>Presidente del tribunal:  Lacarra ducay m. carmen <\/li>\n<li>mart\u00edn Aurell cardona (vocal)<\/li>\n<li> Men\u00e9ndez pidal de navascu\u00e9s faustino (vocal)<\/li>\n<li>emma Lia\u00f1o mart\u00ednez (vocal)<\/li>\n<\/ul>\n<\/li>\n<\/ul>\n<p>&nbsp;<\/p>\n","protected":false},"excerpt":{"rendered":"<p>Tesis doctoral de Marta Serrano Coll La tesis doctoral titulada \u00abla imagen figurativa del rey de arag\u00f3n en la edad [&hellip;]<\/p>\n","protected":false},"author":1,"featured_media":0,"comment_status":"open","ping_status":"open","sticky":false,"template":"","format":"standard","meta":{"site-sidebar-layout":"default","site-content-layout":"","ast-site-content-layout":"","site-content-style":"default","site-sidebar-style":"default","ast-global-header-display":"","ast-banner-title-visibility":"","ast-main-header-display":"","ast-hfb-above-header-display":"","ast-hfb-below-header-display":"","ast-hfb-mobile-header-display":"","site-post-title":"","ast-breadcrumbs-content":"","ast-featured-img":"","footer-sml-layout":"","theme-transparent-header-meta":"","adv-header-id-meta":"","stick-header-meta":"","header-above-stick-meta":"","header-main-stick-meta":"","header-below-stick-meta":"","astra-migrate-meta-layouts":"default","ast-page-background-enabled":"default","ast-page-background-meta":{"desktop":{"background-color":"var(--ast-global-color-4)","background-image":"","background-repeat":"repeat","background-position":"center center","background-size":"auto","background-attachment":"scroll","background-type":"","background-media":"","overlay-type":"","overlay-color":"","overlay-gradient":""},"tablet":{"background-color":"","background-image":"","background-repeat":"repeat","background-position":"center center","background-size":"auto","background-attachment":"scroll","background-type":"","background-media":"","overlay-type":"","overlay-color":"","overlay-gradient":""},"mobile":{"background-color":"","background-image":"","background-repeat":"repeat","background-position":"center center","background-size":"auto","background-attachment":"scroll","background-type":"","background-media":"","overlay-type":"","overlay-color":"","overlay-gradient":""}},"ast-content-background-meta":{"desktop":{"background-color":"var(--ast-global-color-5)","background-image":"","background-repeat":"repeat","background-position":"center center","background-size":"auto","background-attachment":"scroll","background-type":"","background-media":"","overlay-type":"","overlay-color":"","overlay-gradient":""},"tablet":{"background-color":"var(--ast-global-color-5)","background-image":"","background-repeat":"repeat","background-position":"center center","background-size":"auto","background-attachment":"scroll","background-type":"","background-media":"","overlay-type":"","overlay-color":"","overlay-gradient":""},"mobile":{"background-color":"var(--ast-global-color-5)","background-image":"","background-repeat":"repeat","background-position":"center center","background-size":"auto","background-attachment":"scroll","background-type":"","background-media":"","overlay-type":"","overlay-color":"","overlay-gradient":""}},"footnotes":""},"categories":[1624,104,639,119,220,981,2073,18759],"tags":[37818,87022,160010,160012,160011,48324],"class_list":["post-73743","post","type-post","status-publish","format-standard","hentry","category-ciencias-auxiliares-de-la-historia","category-historia","category-historia-de-paises","category-historia-medieval","category-historia-por-epocas","category-historia-regional","category-iconografia","category-rovira-i-virgili","tag-emma-liano-Martinez","tag-lacarra-ducay-m-carmen","tag-marta-serrano-coll","tag-martin-aurell-cardona","tag-Martinez-de-aguirre-aldaz-javierm","tag-menendez-pidal-de-navascues-faustino"],"_links":{"self":[{"href":"https:\/\/www.deberes.net\/tesis\/wp-json\/wp\/v2\/posts\/73743","targetHints":{"allow":["GET"]}}],"collection":[{"href":"https:\/\/www.deberes.net\/tesis\/wp-json\/wp\/v2\/posts"}],"about":[{"href":"https:\/\/www.deberes.net\/tesis\/wp-json\/wp\/v2\/types\/post"}],"author":[{"embeddable":true,"href":"https:\/\/www.deberes.net\/tesis\/wp-json\/wp\/v2\/users\/1"}],"replies":[{"embeddable":true,"href":"https:\/\/www.deberes.net\/tesis\/wp-json\/wp\/v2\/comments?post=73743"}],"version-history":[{"count":0,"href":"https:\/\/www.deberes.net\/tesis\/wp-json\/wp\/v2\/posts\/73743\/revisions"}],"wp:attachment":[{"href":"https:\/\/www.deberes.net\/tesis\/wp-json\/wp\/v2\/media?parent=73743"}],"wp:term":[{"taxonomy":"category","embeddable":true,"href":"https:\/\/www.deberes.net\/tesis\/wp-json\/wp\/v2\/categories?post=73743"},{"taxonomy":"post_tag","embeddable":true,"href":"https:\/\/www.deberes.net\/tesis\/wp-json\/wp\/v2\/tags?post=73743"}],"curies":[{"name":"wp","href":"https:\/\/api.w.org\/{rel}","templated":true}]}}