{"id":73746,"date":"2018-03-09T23:18:42","date_gmt":"2018-03-09T23:18:42","guid":{"rendered":"https:\/\/www.deberes.net\/tesis\/sin-categoria\/percepcion-mental-y-cognicion-desde-la-perspectiva-de-la-semantica-de-marcos-y-construcciones-estudio-contrastivo-ingles-espanol-de-la-complementacion-verbal\/"},"modified":"2018-03-09T23:18:42","modified_gmt":"2018-03-09T23:18:42","slug":"percepcion-mental-y-cognicion-desde-la-perspectiva-de-la-semantica-de-marcos-y-construcciones-estudio-contrastivo-ingles-espanol-de-la-complementacion-verbal","status":"publish","type":"post","link":"https:\/\/www.deberes.net\/tesis\/linguistica\/percepcion-mental-y-cognicion-desde-la-perspectiva-de-la-semantica-de-marcos-y-construcciones-estudio-contrastivo-ingles-espanol-de-la-complementacion-verbal\/","title":{"rendered":"Percepci\u00f3n mental y cognici\u00f3n desde la perspectiva de la semantica de marcos y construcciones: estudio contrastivo ingl\u00e9s-espa\u00f1ol de la complementaci\u00f3n verbal"},"content":{"rendered":"<h2>Tesis doctoral de <strong> Olga Blanco Carri\u00f3n <\/strong><\/h2>\n<p>En esta tesis se hace un  estudio de la percepci\u00f3n mental y cognici\u00f3n desde la perspectiva de la sem\u00e1ntica de marcos y construcciones de fillmore, y parte de nuestra labor aplicada se centra en la revisi\u00f3n cr\u00edtica del proyecto framenet en relaci\u00f3n al dominio \u00abcognici\u00f3n\u00bb. Para la misma, se tiene en cuenta la aportaci\u00f3n del modelo experto de la ciencia cognitiva con el fin de lograr aun noci\u00f3n cient\u00edfico-emp\u00edrica del mismo. Adem\u00e1s de la utilizaci\u00f3n de diccionarios y corpora.  nuestras principales contribuciones versan, en el plano te\u00f3rico, en relaci\u00f3n a la propuesta de marcos conceptuales de cognici\u00f3n; en el pr\u00e1ctico, un an\u00e1lisis de los patrones de complementaci\u00f3n de los predicados de cognici\u00f3n \u00abknoww\u00bb\/\u00bbsaber\u00bb y percepci\u00f3n mental \u00absense\u00bb\/\u00bbnotar\u00bb.<\/p>\n<p>&nbsp;<\/p>\n<h3>Datos acad\u00e9micos de la tesis doctoral \u00ab<strong>Percepci\u00f3n mental y cognici\u00f3n desde la perspectiva de la semantica de marcos y construcciones: estudio contrastivo ingl\u00e9s-espa\u00f1ol de la complementaci\u00f3n verbal<\/strong>\u00ab<\/h3>\n<ul>\n<li><strong>T\u00edtulo de la tesis:<\/strong>\u00a0 Percepci\u00f3n mental y cognici\u00f3n desde la perspectiva de la semantica de marcos y construcciones: estudio contrastivo ingl\u00e9s-espa\u00f1ol de la complementaci\u00f3n verbal <\/li>\n<li><strong>Autor:<\/strong>\u00a0 Olga Blanco Carri\u00f3n <\/li>\n<li><strong>Universidad:<\/strong>\u00a0 C\u00f3rdoba<\/li>\n<li><strong>Fecha de lectura de la tesis:<\/strong>\u00a0 28\/04\/2005<\/li>\n<\/ul>\n<p>&nbsp;<\/p>\n<h3>Direcci\u00f3n y tribunal<\/h3>\n<ul>\n<li><strong>Director de la tesis<\/strong>\n<ul>\n<li> S\u00e1nchez Garc\u00eda Jes\u00fas Mar\u00eda<\/li>\n<\/ul>\n<\/li>\n<li><strong>Tribunal<\/strong>\n<ul>\n<li>Presidente del tribunal: Francisco Garrudo carabias <\/li>\n<li>vicente Lopez folgado (vocal)<\/li>\n<li>eulalio Fernandez sanchez (vocal)<\/li>\n<li>Jos\u00e9 Manuel Mart\u00edn morillas (vocal)<\/li>\n<\/ul>\n<\/li>\n<\/ul>\n<p>&nbsp;<\/p>\n","protected":false},"excerpt":{"rendered":"<p>Tesis doctoral de Olga Blanco Carri\u00f3n En esta tesis se hace un estudio de la percepci\u00f3n mental y cognici\u00f3n desde [&hellip;]<\/p>\n","protected":false},"author":1,"featured_media":0,"comment_status":"open","ping_status":"open","sticky":false,"template":"","format":"standard","meta":{"site-sidebar-layout":"default","site-content-layout":"","ast-site-content-layout":"","site-content-style":"default","site-sidebar-style":"default","ast-global-header-display":"","ast-banner-title-visibility":"","ast-main-header-display":"","ast-hfb-above-header-display":"","ast-hfb-below-header-display":"","ast-hfb-mobile-header-display":"","site-post-title":"","ast-breadcrumbs-content":"","ast-featured-img":"","footer-sml-layout":"","theme-transparent-header-meta":"","adv-header-id-meta":"","stick-header-meta":"","header-above-stick-meta":"","header-main-stick-meta":"","header-below-stick-meta":"","astra-migrate-meta-layouts":"default","ast-page-background-enabled":"default","ast-page-background-meta":{"desktop":{"background-color":"var(--ast-global-color-4)","background-image":"","background-repeat":"repeat","background-position":"center center","background-size":"auto","background-attachment":"scroll","background-type":"","background-media":"","overlay-type":"","overlay-color":"","overlay-gradient":""},"tablet":{"background-color":"","background-image":"","background-repeat":"repeat","background-position":"center center","background-size":"auto","background-attachment":"scroll","background-type":"","background-media":"","overlay-type":"","overlay-color":"","overlay-gradient":""},"mobile":{"background-color":"","background-image":"","background-repeat":"repeat","background-position":"center center","background-size":"auto","background-attachment":"scroll","background-type":"","background-media":"","overlay-type":"","overlay-color":"","overlay-gradient":""}},"ast-content-background-meta":{"desktop":{"background-color":"var(--ast-global-color-5)","background-image":"","background-repeat":"repeat","background-position":"center center","background-size":"auto","background-attachment":"scroll","background-type":"","background-media":"","overlay-type":"","overlay-color":"","overlay-gradient":""},"tablet":{"background-color":"var(--ast-global-color-5)","background-image":"","background-repeat":"repeat","background-position":"center center","background-size":"auto","background-attachment":"scroll","background-type":"","background-media":"","overlay-type":"","overlay-color":"","overlay-gradient":""},"mobile":{"background-color":"var(--ast-global-color-5)","background-image":"","background-repeat":"repeat","background-position":"center center","background-size":"auto","background-attachment":"scroll","background-type":"","background-media":"","overlay-type":"","overlay-color":"","overlay-gradient":""}},"footnotes":""},"categories":[973,59,62,886],"tags":[121156,3844,22137,144752,64162,1897],"class_list":["post-73746","post","type-post","status-publish","format-standard","hentry","category-cordoba","category-linguistica","category-linguistica-sincronica","category-semantica","tag-eulalio-fernandez-sanchez","tag-francisco-garrudo-carabias","tag-jose-manuel-martin-morillas","tag-olga-blanco-carrion","tag-sanchez-garcia-jesus-maria","tag-vicente-lopez-folgado"],"_links":{"self":[{"href":"https:\/\/www.deberes.net\/tesis\/wp-json\/wp\/v2\/posts\/73746","targetHints":{"allow":["GET"]}}],"collection":[{"href":"https:\/\/www.deberes.net\/tesis\/wp-json\/wp\/v2\/posts"}],"about":[{"href":"https:\/\/www.deberes.net\/tesis\/wp-json\/wp\/v2\/types\/post"}],"author":[{"embeddable":true,"href":"https:\/\/www.deberes.net\/tesis\/wp-json\/wp\/v2\/users\/1"}],"replies":[{"embeddable":true,"href":"https:\/\/www.deberes.net\/tesis\/wp-json\/wp\/v2\/comments?post=73746"}],"version-history":[{"count":0,"href":"https:\/\/www.deberes.net\/tesis\/wp-json\/wp\/v2\/posts\/73746\/revisions"}],"wp:attachment":[{"href":"https:\/\/www.deberes.net\/tesis\/wp-json\/wp\/v2\/media?parent=73746"}],"wp:term":[{"taxonomy":"category","embeddable":true,"href":"https:\/\/www.deberes.net\/tesis\/wp-json\/wp\/v2\/categories?post=73746"},{"taxonomy":"post_tag","embeddable":true,"href":"https:\/\/www.deberes.net\/tesis\/wp-json\/wp\/v2\/tags?post=73746"}],"curies":[{"name":"wp","href":"https:\/\/api.w.org\/{rel}","templated":true}]}}