{"id":73751,"date":"2018-03-09T23:18:42","date_gmt":"2018-03-09T23:18:42","guid":{"rendered":"https:\/\/www.deberes.net\/tesis\/sin-categoria\/la-estacion-espacial-internacional-regimen-juridico\/"},"modified":"2018-03-09T23:18:42","modified_gmt":"2018-03-09T23:18:42","slug":"la-estacion-espacial-internacional-regimen-juridico","status":"publish","type":"post","link":"https:\/\/www.deberes.net\/tesis\/ciencias-juridicas-y-derecho\/la-estacion-espacial-internacional-regimen-juridico\/","title":{"rendered":"La estaci\u00f3n espacial internacional : regimen juridico"},"content":{"rendered":"<h2>Tesis doctoral de <strong>  Gonzalez Ferreiro Elisa Celia <\/strong><\/h2>\n<p>Nuestro prop\u00f3sito , en este trabajo , ha sido el de analizar detenidamente las cuestiones \u00abde iure\u00bb relativas a la estaci\u00f3n espacial internacional que van surgiendo a medida que vamos avanzando en nuestro estudio.En primer lugar, cap\u00edtulo  i, se trataran los tamas ralativos al concepto de objeto espacial y el asunto de la delimitaci\u00f3n.Asimismo, seproceder\u00e1 a un an\u00e1lisis del r\u00e9gimen jur\u00eddirco aplicable a cada una de la estaciones espaci\u00f3ales predecesoras de la actural.Respecto al cap\u00edtulo ii,\u00bbr\u00e9gimen jur\u00eddico de la estaci\u00f3n espacial internacional \u00ab, distinguiremos por un lado, el r\u00e9gimen aplicable a los objetos lanzados al espaci\u00f3 ultraterrestre, y por otro , el r\u00e9gimen aplicable a los astronautas o miembros  de la tripulaci\u00f3n.Respecto al r\u00e9gimen de los obnjetos lanzados, se proceder\u00e1  a un estudio de las disposiciones del \u00abcorpus iuris spatialis\u00bb, y su idoneidad con respecto al marco jur\u00eddico aplicable a los astronautas diferenciamos dos supuestos: cuando el astronauta sea autor de una invenci\u00f3n y cuando sea autor de una infracci\u00f3n penal. Adem\u00e1s , seran objeto de consideraci\u00f3n casa una delas disposiciones del \u00abc\u00f3digo de conducta\u00bb \u00abad hoc\u00bb elaborado y aprobado por los asociados en este proyecto de estaci\u00f3n espacial iternacional.Por \u00faltimo , se\u00f1alar que, adem\u00e1s de los anexos que adjuntamos como informadores de las fuentes de conovimiento empleadas, incluimos otros , tanto de naturaleza jur\u00eddica como t\u00e9cnico cient\u00edfica que, a nuestro entender, ayudan a una mayor compresi\u00f3n y valoraci\u00f3n multidisciplinar del tema que nos ocupa.<\/p>\n<p>&nbsp;<\/p>\n<h3>Datos acad\u00e9micos de la tesis doctoral \u00ab<strong>La estaci\u00f3n espacial internacional : regimen juridico<\/strong>\u00ab<\/h3>\n<ul>\n<li><strong>T\u00edtulo de la tesis:<\/strong>\u00a0 La estaci\u00f3n espacial internacional : regimen juridico <\/li>\n<li><strong>Autor:<\/strong>\u00a0  Gonzalez Ferreiro Elisa Celia <\/li>\n<li><strong>Universidad:<\/strong>\u00a0 Complutense de Madrid<\/li>\n<li><strong>Fecha de lectura de la tesis:<\/strong>\u00a0 28\/04\/2005<\/li>\n<\/ul>\n<p>&nbsp;<\/p>\n<h3>Direcci\u00f3n y tribunal<\/h3>\n<ul>\n<li><strong>Director de la tesis<\/strong>\n<ul>\n<li>Jos\u00e9 Antonio Pastor Ridruejo<\/li>\n<\/ul>\n<\/li>\n<li><strong>Tribunal<\/strong>\n<ul>\n<li>Presidente del tribunal: manuel Perez gonzalez <\/li>\n<li>Carlos Jimenez piernas (vocal)<\/li>\n<li>celestino Del arenal moyua (vocal)<\/li>\n<li>Juan  Manuel De farami\u00f1an gilbert (vocal)<\/li>\n<\/ul>\n<\/li>\n<\/ul>\n<p>&nbsp;<\/p>\n","protected":false},"excerpt":{"rendered":"<p>Tesis doctoral de Gonzalez Ferreiro Elisa Celia Nuestro prop\u00f3sito , en este trabajo , ha sido el de analizar detenidamente [&hellip;]<\/p>\n","protected":false},"author":1,"featured_media":0,"comment_status":"open","ping_status":"open","sticky":false,"template":"","format":"standard","meta":{"site-sidebar-layout":"default","site-content-layout":"","ast-site-content-layout":"","site-content-style":"default","site-sidebar-style":"default","ast-global-header-display":"","ast-banner-title-visibility":"","ast-main-header-display":"","ast-hfb-above-header-display":"","ast-hfb-below-header-display":"","ast-hfb-mobile-header-display":"","site-post-title":"","ast-breadcrumbs-content":"","ast-featured-img":"","footer-sml-layout":"","theme-transparent-header-meta":"","adv-header-id-meta":"","stick-header-meta":"","header-above-stick-meta":"","header-main-stick-meta":"","header-below-stick-meta":"","astra-migrate-meta-layouts":"default","ast-page-background-enabled":"default","ast-page-background-meta":{"desktop":{"background-color":"var(--ast-global-color-4)","background-image":"","background-repeat":"repeat","background-position":"center center","background-size":"auto","background-attachment":"scroll","background-type":"","background-media":"","overlay-type":"","overlay-color":"","overlay-gradient":""},"tablet":{"background-color":"","background-image":"","background-repeat":"repeat","background-position":"center center","background-size":"auto","background-attachment":"scroll","background-type":"","background-media":"","overlay-type":"","overlay-color":"","overlay-gradient":""},"mobile":{"background-color":"","background-image":"","background-repeat":"repeat","background-position":"center center","background-size":"auto","background-attachment":"scroll","background-type":"","background-media":"","overlay-type":"","overlay-color":"","overlay-gradient":""}},"ast-content-background-meta":{"desktop":{"background-color":"var(--ast-global-color-5)","background-image":"","background-repeat":"repeat","background-position":"center center","background-size":"auto","background-attachment":"scroll","background-type":"","background-media":"","overlay-type":"","overlay-color":"","overlay-gradient":""},"tablet":{"background-color":"var(--ast-global-color-5)","background-image":"","background-repeat":"repeat","background-position":"center center","background-size":"auto","background-attachment":"scroll","background-type":"","background-media":"","overlay-type":"","overlay-color":"","overlay-gradient":""},"mobile":{"background-color":"var(--ast-global-color-5)","background-image":"","background-repeat":"repeat","background-position":"center center","background-size":"auto","background-attachment":"scroll","background-type":"","background-media":"","overlay-type":"","overlay-color":"","overlay-gradient":""}},"footnotes":""},"categories":[612,1211],"tags":[1217,4617,160024,1214,73965,6336],"class_list":["post-73751","post","type-post","status-publish","format-standard","hentry","category-ciencias-juridicas-y-derecho","category-derecho-internacional","tag-carlos-jimenez-piernas","tag-celestino-del-arenal-moyua","tag-gonzalez-ferreiro-elisa-celia","tag-jose-antonio-pastor-ridruejo","tag-juan-manuel-de-faraminan-gilbert","tag-manuel-perez-gonzalez"],"_links":{"self":[{"href":"https:\/\/www.deberes.net\/tesis\/wp-json\/wp\/v2\/posts\/73751","targetHints":{"allow":["GET"]}}],"collection":[{"href":"https:\/\/www.deberes.net\/tesis\/wp-json\/wp\/v2\/posts"}],"about":[{"href":"https:\/\/www.deberes.net\/tesis\/wp-json\/wp\/v2\/types\/post"}],"author":[{"embeddable":true,"href":"https:\/\/www.deberes.net\/tesis\/wp-json\/wp\/v2\/users\/1"}],"replies":[{"embeddable":true,"href":"https:\/\/www.deberes.net\/tesis\/wp-json\/wp\/v2\/comments?post=73751"}],"version-history":[{"count":0,"href":"https:\/\/www.deberes.net\/tesis\/wp-json\/wp\/v2\/posts\/73751\/revisions"}],"wp:attachment":[{"href":"https:\/\/www.deberes.net\/tesis\/wp-json\/wp\/v2\/media?parent=73751"}],"wp:term":[{"taxonomy":"category","embeddable":true,"href":"https:\/\/www.deberes.net\/tesis\/wp-json\/wp\/v2\/categories?post=73751"},{"taxonomy":"post_tag","embeddable":true,"href":"https:\/\/www.deberes.net\/tesis\/wp-json\/wp\/v2\/tags?post=73751"}],"curies":[{"name":"wp","href":"https:\/\/api.w.org\/{rel}","templated":true}]}}