{"id":73761,"date":"2018-03-09T23:18:42","date_gmt":"2018-03-09T23:18:42","guid":{"rendered":"https:\/\/www.deberes.net\/tesis\/sin-categoria\/tres-ensayos-sobre-economia-de-la-salud\/"},"modified":"2018-03-09T23:18:42","modified_gmt":"2018-03-09T23:18:42","slug":"tres-ensayos-sobre-economia-de-la-salud","status":"publish","type":"post","link":"https:\/\/www.deberes.net\/tesis\/ciencias-economicas\/tres-ensayos-sobre-economia-de-la-salud\/","title":{"rendered":"Tres ensayos sobre economia de la salud"},"content":{"rendered":"<h2>Tesis doctoral de <strong> Cristina Vilaplana Prieto <\/strong><\/h2>\n<p>En el cap\u00edtulo 1, se estudia el concepto de incapacidad permanente con el prop\u00f3sito de elaborar en el cap\u00edtulo siguiente un indicador que pueda discernir aquellos individuos que se encuentran en situaci\u00f3n de merecer una pensi\u00f3n de incapacidad de los que no lo est\u00e1n, y los aspectos legales que determinan el tr\u00e1nsito de una situaci\u00f3n de ocupaci\u00f3n a otra de desempleo o de incapacidad temporal por motivo de una discapacidad sobrevenida.  en el cap\u00edtulo 2, se plantea la cuesti\u00f3n de si las pensiones de incapacidad permanente pueden ser utilizadas como un mecanismo de salida del mercado de trabajo por aquellos individuos que todav\u00eda no han alcanzado la edad legal m\u00ednima necesaria para jubilarse.  en el cap\u00edtulo 3, se pretende analizar en qu\u00e9 medida las alteraciones del estado de salud afectan a las posibilidades de encontrar un trabajo y a los incentivos para buscarlos.  en el cap\u00edtulo 4, se propone considerar de forma expl\u00edcita la heterogeneidad inobservable entre individuos, ya que coexisten factores econ\u00f3micos y sociol\u00f3gicos que no permitan generalizar el impacto del ciclo econ\u00f3mico sobre la decisi\u00f3n de consumir y la cantidad consumida de bebidas alcoh\u00f3licas.<\/p>\n<p>&nbsp;<\/p>\n<h3>Datos acad\u00e9micos de la tesis doctoral \u00ab<strong>Tres ensayos sobre economia de la salud<\/strong>\u00ab<\/h3>\n<ul>\n<li><strong>T\u00edtulo de la tesis:<\/strong>\u00a0 Tres ensayos sobre economia de la salud <\/li>\n<li><strong>Autor:<\/strong>\u00a0 Cristina Vilaplana Prieto <\/li>\n<li><strong>Universidad:<\/strong>\u00a0 Carlos III de Madrid<\/li>\n<li><strong>Fecha de lectura de la tesis:<\/strong>\u00a0 28\/04\/2005<\/li>\n<\/ul>\n<p>&nbsp;<\/p>\n<h3>Direcci\u00f3n y tribunal<\/h3>\n<ul>\n<li><strong>Director de la tesis<\/strong>\n<ul>\n<li>Sergi Jim\u00e9nez Mart\u00edn<\/li>\n<\/ul>\n<\/li>\n<li><strong>Tribunal<\/strong>\n<ul>\n<li>Presidente del tribunal: felix Lobo aleu <\/li>\n<li>Jos\u00e9 ignacio Garc\u00eda p\u00e9rez (vocal)<\/li>\n<li>jaume Garcia villar (vocal)<\/li>\n<li>bego\u00f1a Alvarez garcia (vocal)<\/li>\n<\/ul>\n<\/li>\n<\/ul>\n<p>&nbsp;<\/p>\n","protected":false},"excerpt":{"rendered":"<p>Tesis doctoral de Cristina Vilaplana Prieto En el cap\u00edtulo 1, se estudia el concepto de incapacidad permanente con el prop\u00f3sito [&hellip;]<\/p>\n","protected":false},"author":1,"featured_media":0,"comment_status":"open","ping_status":"open","sticky":false,"template":"","format":"standard","meta":{"site-sidebar-layout":"default","site-content-layout":"","ast-site-content-layout":"","site-content-style":"default","site-sidebar-style":"default","ast-global-header-display":"","ast-banner-title-visibility":"","ast-main-header-display":"","ast-hfb-above-header-display":"","ast-hfb-below-header-display":"","ast-hfb-mobile-header-display":"","site-post-title":"","ast-breadcrumbs-content":"","ast-featured-img":"","footer-sml-layout":"","theme-transparent-header-meta":"","adv-header-id-meta":"","stick-header-meta":"","header-above-stick-meta":"","header-main-stick-meta":"","header-below-stick-meta":"","astra-migrate-meta-layouts":"default","ast-page-background-enabled":"default","ast-page-background-meta":{"desktop":{"background-color":"var(--ast-global-color-4)","background-image":"","background-repeat":"repeat","background-position":"center center","background-size":"auto","background-attachment":"scroll","background-type":"","background-media":"","overlay-type":"","overlay-color":"","overlay-gradient":""},"tablet":{"background-color":"","background-image":"","background-repeat":"repeat","background-position":"center center","background-size":"auto","background-attachment":"scroll","background-type":"","background-media":"","overlay-type":"","overlay-color":"","overlay-gradient":""},"mobile":{"background-color":"","background-image":"","background-repeat":"repeat","background-position":"center center","background-size":"auto","background-attachment":"scroll","background-type":"","background-media":"","overlay-type":"","overlay-color":"","overlay-gradient":""}},"ast-content-background-meta":{"desktop":{"background-color":"var(--ast-global-color-5)","background-image":"","background-repeat":"repeat","background-position":"center center","background-size":"auto","background-attachment":"scroll","background-type":"","background-media":"","overlay-type":"","overlay-color":"","overlay-gradient":""},"tablet":{"background-color":"var(--ast-global-color-5)","background-image":"","background-repeat":"repeat","background-position":"center center","background-size":"auto","background-attachment":"scroll","background-type":"","background-media":"","overlay-type":"","overlay-color":"","overlay-gradient":""},"mobile":{"background-color":"var(--ast-global-color-5)","background-image":"","background-repeat":"repeat","background-position":"center center","background-size":"auto","background-attachment":"scroll","background-type":"","background-media":"","overlay-type":"","overlay-color":"","overlay-gradient":""}},"footnotes":""},"categories":[18550,82,974,524],"tags":[148316,160038,86467,4730,116717,32658],"class_list":["post-73761","post","type-post","status-publish","format-standard","hentry","category-carlos-iii-de-madrid","category-ciencias-economicas","category-econometria","category-modelos-econometricos","tag-begona-alvarez-garcia","tag-cristina-vilaplana-prieto","tag-felix-lobo-aleu","tag-jaume-garcia-villar","tag-jose-ignacio-garcia-perez","tag-sergi-jimenez-martin"],"_links":{"self":[{"href":"https:\/\/www.deberes.net\/tesis\/wp-json\/wp\/v2\/posts\/73761","targetHints":{"allow":["GET"]}}],"collection":[{"href":"https:\/\/www.deberes.net\/tesis\/wp-json\/wp\/v2\/posts"}],"about":[{"href":"https:\/\/www.deberes.net\/tesis\/wp-json\/wp\/v2\/types\/post"}],"author":[{"embeddable":true,"href":"https:\/\/www.deberes.net\/tesis\/wp-json\/wp\/v2\/users\/1"}],"replies":[{"embeddable":true,"href":"https:\/\/www.deberes.net\/tesis\/wp-json\/wp\/v2\/comments?post=73761"}],"version-history":[{"count":0,"href":"https:\/\/www.deberes.net\/tesis\/wp-json\/wp\/v2\/posts\/73761\/revisions"}],"wp:attachment":[{"href":"https:\/\/www.deberes.net\/tesis\/wp-json\/wp\/v2\/media?parent=73761"}],"wp:term":[{"taxonomy":"category","embeddable":true,"href":"https:\/\/www.deberes.net\/tesis\/wp-json\/wp\/v2\/categories?post=73761"},{"taxonomy":"post_tag","embeddable":true,"href":"https:\/\/www.deberes.net\/tesis\/wp-json\/wp\/v2\/tags?post=73761"}],"curies":[{"name":"wp","href":"https:\/\/api.w.org\/{rel}","templated":true}]}}