{"id":73764,"date":"2018-03-09T23:18:42","date_gmt":"2018-03-09T23:18:42","guid":{"rendered":"https:\/\/www.deberes.net\/tesis\/sin-categoria\/estudio-sobre-la-integracion-de-los-grupos-de-interes-en-la-empresa\/"},"modified":"2018-03-09T23:18:42","modified_gmt":"2018-03-09T23:18:42","slug":"estudio-sobre-la-integracion-de-los-grupos-de-interes-en-la-empresa","status":"publish","type":"post","link":"https:\/\/www.deberes.net\/tesis\/ciencias-economicas\/estudio-sobre-la-integracion-de-los-grupos-de-interes-en-la-empresa\/","title":{"rendered":"Estudio sobre la integraci\u00f3n de los grupos de interes en la empresa"},"content":{"rendered":"<h2>Tesis doctoral de <strong>  Plaza Ubeda Jos\u00e9 Antonio <\/strong><\/h2>\n<p>El objetivo de esta tesis doctoral es contribuir al desarrollo de la teor\u00eda de los grupos de inter\u00e9s (stakeholders),analizando un elemento central de la misma:la integraci\u00f3n de los grupos de inter\u00e9s en la gesti\u00f3n empresrial . Se revisan las dimensiones que componen la integraci\u00f3n de los grupos de interes y se ustifica su car\u00e1cterde capacidad estrat\u00e9gica . El marco te\u00f3rico utilizado tiene como elemento central los trabajos sobre stakeholders, as\u00ed como la teor\u00eda de recursos y capacidades y la te\u00f3ria del comportamiento planificado.  en el trabajo se propone y valida emp\u00edricamente una escala original para medir la integraci\u00f3n de los grupos de inter\u00e9s en la gesti\u00f3n empresarial. asimismo se evalua la relaci\u00f3n existente entre esta capacidad y el resultado empresarial , tanto de forma directa, como indirecta a trav\u00e9s de otras capacidades empresariales como gesti\u00f3n ambiental , innovaci\u00f3n empresarial y aprendizaje organizativo. Los resultados del estudio emp\u00edtico revelan que la integraci\u00f3n delos stakeholders en la empresa tiene un mayor efecto directo que indirecto sobre el resultado empresarial y el logro de ventajas competitivas.<\/p>\n<p>&nbsp;<\/p>\n<h3>Datos acad\u00e9micos de la tesis doctoral \u00ab<strong>Estudio sobre la integraci\u00f3n de los grupos de interes en la empresa<\/strong>\u00ab<\/h3>\n<ul>\n<li><strong>T\u00edtulo de la tesis:<\/strong>\u00a0 Estudio sobre la integraci\u00f3n de los grupos de interes en la empresa <\/li>\n<li><strong>Autor:<\/strong>\u00a0  Plaza Ubeda Jos\u00e9 Antonio <\/li>\n<li><strong>Universidad:<\/strong>\u00a0 Almer\u00eda<\/li>\n<li><strong>Fecha de lectura de la tesis:<\/strong>\u00a0 28\/04\/2005<\/li>\n<\/ul>\n<p>&nbsp;<\/p>\n<h3>Direcci\u00f3n y tribunal<\/h3>\n<ul>\n<li><strong>Director de la tesis<\/strong>\n<ul>\n<li>Jeronimo De Burgos Jimenez<\/li>\n<\/ul>\n<\/li>\n<li><strong>Tribunal<\/strong>\n<ul>\n<li>Presidente del tribunal:  Ventana victoria Juan  bautista vicente <\/li>\n<li>Mar\u00eda Jos\u00e9 \u00e1lvarez gil (vocal)<\/li>\n<li>Jos\u00e9 Luis Gal\u00e1n gonz\u00e1lez (vocal)<\/li>\n<li>c\u00e9sar Camis\u00f3n zornoza (vocal)<\/li>\n<\/ul>\n<\/li>\n<\/ul>\n<p>&nbsp;<\/p>\n","protected":false},"excerpt":{"rendered":"<p>Tesis doctoral de Plaza Ubeda Jos\u00e9 Antonio El objetivo de esta tesis doctoral es contribuir al desarrollo de la teor\u00eda [&hellip;]<\/p>\n","protected":false},"author":1,"featured_media":0,"comment_status":"open","ping_status":"open","sticky":false,"template":"","format":"standard","meta":{"site-sidebar-layout":"default","site-content-layout":"","ast-site-content-layout":"","site-content-style":"default","site-sidebar-style":"default","ast-global-header-display":"","ast-banner-title-visibility":"","ast-main-header-display":"","ast-hfb-above-header-display":"","ast-hfb-below-header-display":"","ast-hfb-mobile-header-display":"","site-post-title":"","ast-breadcrumbs-content":"","ast-featured-img":"","footer-sml-layout":"","theme-transparent-header-meta":"","adv-header-id-meta":"","stick-header-meta":"","header-above-stick-meta":"","header-main-stick-meta":"","header-below-stick-meta":"","astra-migrate-meta-layouts":"default","ast-page-background-enabled":"default","ast-page-background-meta":{"desktop":{"background-color":"var(--ast-global-color-4)","background-image":"","background-repeat":"repeat","background-position":"center center","background-size":"auto","background-attachment":"scroll","background-type":"","background-media":"","overlay-type":"","overlay-color":"","overlay-gradient":""},"tablet":{"background-color":"","background-image":"","background-repeat":"repeat","background-position":"center center","background-size":"auto","background-attachment":"scroll","background-type":"","background-media":"","overlay-type":"","overlay-color":"","overlay-gradient":""},"mobile":{"background-color":"","background-image":"","background-repeat":"repeat","background-position":"center center","background-size":"auto","background-attachment":"scroll","background-type":"","background-media":"","overlay-type":"","overlay-color":"","overlay-gradient":""}},"ast-content-background-meta":{"desktop":{"background-color":"var(--ast-global-color-5)","background-image":"","background-repeat":"repeat","background-position":"center center","background-size":"auto","background-attachment":"scroll","background-type":"","background-media":"","overlay-type":"","overlay-color":"","overlay-gradient":""},"tablet":{"background-color":"var(--ast-global-color-5)","background-image":"","background-repeat":"repeat","background-position":"center center","background-size":"auto","background-attachment":"scroll","background-type":"","background-media":"","overlay-type":"","overlay-color":"","overlay-gradient":""},"mobile":{"background-color":"var(--ast-global-color-5)","background-image":"","background-repeat":"repeat","background-position":"center center","background-size":"auto","background-attachment":"scroll","background-type":"","background-media":"","overlay-type":"","overlay-color":"","overlay-gradient":""}},"footnotes":""},"categories":[18909,82,1301,2428,1302],"tags":[31362,160044,20623,76009,160043,160045],"class_list":["post-73764","post","type-post","status-publish","format-standard","hentry","category-almeria","category-ciencias-economicas","category-estudios-industriales","category-investigacion-operativa-en-la-empresa","category-organizacion-y-gestion-de-empresas","tag-cesar-camison-zornoza","tag-jeronimo-de-burgos-jimenez","tag-jose-luis-galan-gonzalez","tag-maria-jose-alvarez-gil","tag-plaza-ubeda-jose-antonio","tag-ventana-victoria-juan-bautista-vicente"],"_links":{"self":[{"href":"https:\/\/www.deberes.net\/tesis\/wp-json\/wp\/v2\/posts\/73764","targetHints":{"allow":["GET"]}}],"collection":[{"href":"https:\/\/www.deberes.net\/tesis\/wp-json\/wp\/v2\/posts"}],"about":[{"href":"https:\/\/www.deberes.net\/tesis\/wp-json\/wp\/v2\/types\/post"}],"author":[{"embeddable":true,"href":"https:\/\/www.deberes.net\/tesis\/wp-json\/wp\/v2\/users\/1"}],"replies":[{"embeddable":true,"href":"https:\/\/www.deberes.net\/tesis\/wp-json\/wp\/v2\/comments?post=73764"}],"version-history":[{"count":0,"href":"https:\/\/www.deberes.net\/tesis\/wp-json\/wp\/v2\/posts\/73764\/revisions"}],"wp:attachment":[{"href":"https:\/\/www.deberes.net\/tesis\/wp-json\/wp\/v2\/media?parent=73764"}],"wp:term":[{"taxonomy":"category","embeddable":true,"href":"https:\/\/www.deberes.net\/tesis\/wp-json\/wp\/v2\/categories?post=73764"},{"taxonomy":"post_tag","embeddable":true,"href":"https:\/\/www.deberes.net\/tesis\/wp-json\/wp\/v2\/tags?post=73764"}],"curies":[{"name":"wp","href":"https:\/\/api.w.org\/{rel}","templated":true}]}}