{"id":73777,"date":"2018-03-09T23:18:42","date_gmt":"2018-03-09T23:18:42","guid":{"rendered":"https:\/\/www.deberes.net\/tesis\/sin-categoria\/determinaa%c2%a7ao-de-habilidades-sociais-analise-de-un-programa-educativo-e-o-seu-desenvolvimiento-alunos-14-16-anos\/"},"modified":"2018-03-09T23:18:42","modified_gmt":"2018-03-09T23:18:42","slug":"determinaa%c2%a7ao-de-habilidades-sociais-analise-de-un-programa-educativo-e-o-seu-desenvolvimiento-alunos-14-16-anos","status":"publish","type":"post","link":"https:\/\/www.deberes.net\/tesis\/santiago-de-compostela\/determinaa%c2%a7ao-de-habilidades-sociais-analise-de-un-programa-educativo-e-o-seu-desenvolvimiento-alunos-14-16-anos\/","title":{"rendered":"Determina\u00c1\u00a7ao de habilidades sociais, an\u00e1lise de un programa educativo e o seu desenvolvimiento (alunos 14-16 anos)"},"content":{"rendered":"<h2>Tesis doctoral de <strong>  Pereira Resende Jos\u00e9 Henrique <\/strong><\/h2>\n<p>La intervenci\u00f3n educativa en el campo de las destrezas y competencias sociales (dcs) parece constituir una estrategia \u00fatil a la transmisi\u00f3n de actitudes y de valores que se van  desarrollando en alumnos adolescentes, pertenecientes a un grupo etario problem\u00e1tico y que exige la presencia de certitudes en la toma de decisiones.  en realidad, partiendo del principio de que el entrenamiento de las dcs podr\u00e1n aumentar la intensidad de interacci\u00f3n social y vinculaci\u00f3n emocional, al mismo tiempo que los efectos pr\u00e1cticos adquiridos a trav\u00e9s del entrenamiento se repercuten en la disminuci\u00f3n de la frecuencia e intensidad de los conflictos interpersonales, realizamos la presente investigaci\u00f3n, que se dirige al medio educativo, registrando un estudio que, de alguna manera, propone la determinaci\u00f3n de \u00abdestrezas sociales\u00bb y el an\u00e1lisis de un programa educativo y su desarrollo dirigido a la promoci\u00f3n de nuevas conductas en alumnos de 16 hasta 16 a\u00f1os que frecuentan los dos \u00faltimos a\u00f1os de escolaridad obligatoria en portugal.  a trav\u00e9s del desarrollo y aplicaci\u00f3n pr\u00e1ctica de un programa espec\u00edfico que hemos elaborado, el programa de actividades de entrenamiento y destrezas sociales (paeds), pretendemos dotar a los alumnos que en el participan de un repertorio de destrezas que les faculte un desempe\u00f1o social competente en distintos contextos. Lo que les facilitar\u00e1 una inserci\u00f3n social m\u00e1s positiva con relaci\u00f3n a los problemas existentes en sus vivencias cotidianas, en el sentido de la consolidaci\u00f3n de aprendizajes en el campo de las destrezas personales de auto-conocimiento, de relaci\u00f3n con los adultos y de resoluci\u00f3n de conflictos interpersonales.  palabras clave  destrezas sociales, competencia social, intervenci\u00f3n educativa, entrenamiento y competencias sociales, modelo de conducta, transferencia de sentimientos y emociones.<\/p>\n<p>&nbsp;<\/p>\n<h3>Datos acad\u00e9micos de la tesis doctoral \u00ab<strong>Determina\u00c1\u00a7ao de habilidades sociais, an\u00e1lise de un programa educativo e o seu desenvolvimiento (alunos 14-16 anos)<\/strong>\u00ab<\/h3>\n<ul>\n<li><strong>T\u00edtulo de la tesis:<\/strong>\u00a0 Determina\u00c1\u00a7ao de habilidades sociais, an\u00e1lise de un programa educativo e o seu desenvolvimiento (alunos 14-16 anos) <\/li>\n<li><strong>Autor:<\/strong>\u00a0  Pereira Resende Jos\u00e9 Henrique <\/li>\n<li><strong>Universidad:<\/strong>\u00a0 Santiago de compostela<\/li>\n<li><strong>Fecha de lectura de la tesis:<\/strong>\u00a0 29\/04\/2005<\/li>\n<\/ul>\n<p>&nbsp;<\/p>\n<h3>Direcci\u00f3n y tribunal<\/h3>\n<ul>\n<li><strong>Director de la tesis<\/strong>\n<ul>\n<li>Luis Sobrado Fern\u00e1ndez<\/li>\n<\/ul>\n<\/li>\n<li><strong>Tribunal<\/strong>\n<ul>\n<li>Presidente del tribunal: ignacio javier Alfaro rocher <\/li>\n<li>r. Pinto helena (vocal)<\/li>\n<li>Jos\u00e9 Antonio Caride gomez (vocal)<\/li>\n<li>Carlos Rosales lopez (vocal)<\/li>\n<\/ul>\n<\/li>\n<\/ul>\n<p>&nbsp;<\/p>\n","protected":false},"excerpt":{"rendered":"<p>Tesis doctoral de Pereira Resende Jos\u00e9 Henrique La intervenci\u00f3n educativa en el campo de las destrezas y competencias sociales (dcs) [&hellip;]<\/p>\n","protected":false},"author":1,"featured_media":0,"comment_status":"open","ping_status":"open","sticky":false,"template":"","format":"standard","meta":{"site-sidebar-layout":"default","site-content-layout":"","ast-site-content-layout":"","site-content-style":"default","site-sidebar-style":"default","ast-global-header-display":"","ast-banner-title-visibility":"","ast-main-header-display":"","ast-hfb-above-header-display":"","ast-hfb-below-header-display":"","ast-hfb-mobile-header-display":"","site-post-title":"","ast-breadcrumbs-content":"","ast-featured-img":"","footer-sml-layout":"","theme-transparent-header-meta":"","adv-header-id-meta":"","stick-header-meta":"","header-above-stick-meta":"","header-main-stick-meta":"","header-below-stick-meta":"","astra-migrate-meta-layouts":"default","ast-page-background-enabled":"default","ast-page-background-meta":{"desktop":{"background-color":"var(--ast-global-color-4)","background-image":"","background-repeat":"repeat","background-position":"center center","background-size":"auto","background-attachment":"scroll","background-type":"","background-media":"","overlay-type":"","overlay-color":"","overlay-gradient":""},"tablet":{"background-color":"","background-image":"","background-repeat":"repeat","background-position":"center center","background-size":"auto","background-attachment":"scroll","background-type":"","background-media":"","overlay-type":"","overlay-color":"","overlay-gradient":""},"mobile":{"background-color":"","background-image":"","background-repeat":"repeat","background-position":"center center","background-size":"auto","background-attachment":"scroll","background-type":"","background-media":"","overlay-type":"","overlay-color":"","overlay-gradient":""}},"ast-content-background-meta":{"desktop":{"background-color":"var(--ast-global-color-5)","background-image":"","background-repeat":"repeat","background-position":"center center","background-size":"auto","background-attachment":"scroll","background-type":"","background-media":"","overlay-type":"","overlay-color":"","overlay-gradient":""},"tablet":{"background-color":"var(--ast-global-color-5)","background-image":"","background-repeat":"repeat","background-position":"center center","background-size":"auto","background-attachment":"scroll","background-type":"","background-media":"","overlay-type":"","overlay-color":"","overlay-gradient":""},"mobile":{"background-color":"var(--ast-global-color-5)","background-image":"","background-repeat":"repeat","background-position":"center center","background-size":"auto","background-attachment":"scroll","background-type":"","background-media":"","overlay-type":"","overlay-color":"","overlay-gradient":""}},"footnotes":""},"categories":[1141,977,1341],"tags":[2626,11435,2625,17127,160067,160068],"class_list":["post-73777","post","type-post","status-publish","format-standard","hentry","category-pedagogia","category-santiago-de-compostela","category-teoria-y-metodos-educativos","tag-carlos-rosales-lopez","tag-ignacio-javier-alfaro-rocher","tag-jose-antonio-caride-gomez","tag-luis-sobrado-fernandez","tag-pereira-resende-jose-henrique","tag-r-pinto-helena"],"_links":{"self":[{"href":"https:\/\/www.deberes.net\/tesis\/wp-json\/wp\/v2\/posts\/73777","targetHints":{"allow":["GET"]}}],"collection":[{"href":"https:\/\/www.deberes.net\/tesis\/wp-json\/wp\/v2\/posts"}],"about":[{"href":"https:\/\/www.deberes.net\/tesis\/wp-json\/wp\/v2\/types\/post"}],"author":[{"embeddable":true,"href":"https:\/\/www.deberes.net\/tesis\/wp-json\/wp\/v2\/users\/1"}],"replies":[{"embeddable":true,"href":"https:\/\/www.deberes.net\/tesis\/wp-json\/wp\/v2\/comments?post=73777"}],"version-history":[{"count":0,"href":"https:\/\/www.deberes.net\/tesis\/wp-json\/wp\/v2\/posts\/73777\/revisions"}],"wp:attachment":[{"href":"https:\/\/www.deberes.net\/tesis\/wp-json\/wp\/v2\/media?parent=73777"}],"wp:term":[{"taxonomy":"category","embeddable":true,"href":"https:\/\/www.deberes.net\/tesis\/wp-json\/wp\/v2\/categories?post=73777"},{"taxonomy":"post_tag","embeddable":true,"href":"https:\/\/www.deberes.net\/tesis\/wp-json\/wp\/v2\/tags?post=73777"}],"curies":[{"name":"wp","href":"https:\/\/api.w.org\/{rel}","templated":true}]}}