{"id":73835,"date":"2005-05-05T00:00:00","date_gmt":"2005-05-05T00:00:00","guid":{"rendered":"https:\/\/www.deberes.net\/tesis\/sin-categoria\/respuesta-a-la-aplicacion-de-bioelicitores-protea%c2%adna-harpin-en-cultivos-lenosos-y-horta%c2%adcolas\/"},"modified":"2005-05-05T00:00:00","modified_gmt":"2005-05-05T00:00:00","slug":"respuesta-a-la-aplicacion-de-bioelicitores-protea%c2%adna-harpin-en-cultivos-lenosos-y-horta%c2%adcolas","status":"publish","type":"post","link":"https:\/\/www.deberes.net\/tesis\/ciencias-agrarias\/respuesta-a-la-aplicacion-de-bioelicitores-protea%c2%adna-harpin-en-cultivos-lenosos-y-horta%c2%adcolas\/","title":{"rendered":"Respuesta a la aplicaci\u00f3n de bioelicitores prote\u00edna harpin en cultivos le\u00f1osos y hort\u00edcolas."},"content":{"rendered":"<h2>Tesis doctoral de <strong> Jos\u00e9 Manuel Fontanilla Puerto <\/strong><\/h2>\n<p>La prote\u00edna harpinea fue aislada inicialmente a partir de la bacteria erwinia amylovora 0nei et al, 1992). Cuando harpinea es aplicada sobre las plantas, la prote\u00edna simula la presencia de un pat\u00f3geno sobre ellas, interactuando con receptores espec\u00edficos (hrbps) en la superficie de las plantas, lo cual provoca la elicitaci\u00f3n de numerosos procesos fisiol\u00f3gicos en el cultivo, que conducen a una mejora en el crecimiento de la planta, en la cantidad y calidad de la producci\u00f3n y en su estado sanitario (kaul, 2002).  los resultados obtenidos, confirmaron que las plantas de tomate tratadas con esta prote\u00edna aumentaban el crecimiento vegetativo, tanto en altura como en volumen. Este aumento de crecimiento no se traduce en una disminuci\u00f3n de la producci\u00f3n, ya que las evaluaciones realizadas en este sentido, demostraron que las plantas de tomate tratadas ten\u00edan una mayor producci\u00f3n al final del ensayo. Adem\u00e1s produce un aumento de la tolerancia a agentes bi\u00f3ticos y abi\u00f3ticos(botrytis cinerea , phytophthora infestan y deficiencia de hierro), sin llegar a desarrollar una resistencia completa a ellos.  harpinea provoca un aumento del crecimiento vegetativo en el cultivo del olivo. El aumento del crecimiento vegetativo de los brotes del a\u00f1o se traduce en un aumento de la producci\u00f3n en la campa\u00f1a siguiente. Adem\u00e1s del aumento de crecimiento y producci\u00f3n se observ\u00f3 un,aumento de la concentraci\u00f3n de clorofila en las hojas, un adelanto de la maduraci\u00f3n, un aumento del tama\u00f1o del fruto y mayor relaci\u00f3n pulpa-hueso. Sin embargo, no se encontr\u00f3 diferencias en la concentraci\u00f3n de nutrientes en las hojas de los olivos.  el siguiente par\u00e1metro a evaluar fue la concentraci\u00f3n grasa de los frutos. los resultados mostraron que los \u00e1rboles de olivar tratados con la prote\u00edna harpinea, aumentan la la concentraci\u00f3n grasa de sus frutos. Este aumento en la concentraci\u00f3n grasa de las aceitunas  no cambia la naturaleza del aceite, ya que<\/p>\n<p>&nbsp;<\/p>\n<h3>Datos acad\u00e9micos de la tesis doctoral \u00ab<strong>Respuesta a la aplicaci\u00f3n de bioelicitores prote\u00edna harpin en cultivos le\u00f1osos y hort\u00edcolas.<\/strong>\u00ab<\/h3>\n<ul>\n<li><strong>T\u00edtulo de la tesis:<\/strong>\u00a0 Respuesta a la aplicaci\u00f3n de bioelicitores prote\u00edna harpin en cultivos le\u00f1osos y hort\u00edcolas. <\/li>\n<li><strong>Autor:<\/strong>\u00a0 Jos\u00e9 Manuel Fontanilla Puerto <\/li>\n<li><strong>Universidad:<\/strong>\u00a0 C\u00f3rdoba<\/li>\n<li><strong>Fecha de lectura de la tesis:<\/strong>\u00a0 05\/05\/2005<\/li>\n<\/ul>\n<p>&nbsp;<\/p>\n<h3>Direcci\u00f3n y tribunal<\/h3>\n<ul>\n<li><strong>Director de la tesis<\/strong>\n<ul>\n<li> Osuna Ruiz M. Dolores<\/li>\n<\/ul>\n<\/li>\n<li><strong>Tribunal<\/strong>\n<ul>\n<li>Presidente del tribunal: Juan  enrique Castillo garcia <\/li>\n<li>Francisco Javier Romera ruiz (vocal)<\/li>\n<li>Jos\u00e9 Luis Gonzalez fernandez (vocal)<\/li>\n<li> Dominguez valenzuela Jos\u00e9 alfredo (vocal)<\/li>\n<\/ul>\n<\/li>\n<\/ul>\n<p>&nbsp;<\/p>\n","protected":false},"excerpt":{"rendered":"<p>Tesis doctoral de Jos\u00e9 Manuel Fontanilla Puerto La prote\u00edna harpinea fue aislada inicialmente a partir de la bacteria erwinia amylovora [&hellip;]<\/p>\n","protected":false},"author":1,"featured_media":0,"comment_status":"open","ping_status":"open","sticky":false,"template":"","format":"standard","meta":{"site-sidebar-layout":"default","site-content-layout":"","ast-site-content-layout":"","site-content-style":"default","site-sidebar-style":"default","ast-global-header-display":"","ast-banner-title-visibility":"","ast-main-header-display":"","ast-hfb-above-header-display":"","ast-hfb-below-header-display":"","ast-hfb-mobile-header-display":"","site-post-title":"","ast-breadcrumbs-content":"","ast-featured-img":"","footer-sml-layout":"","theme-transparent-header-meta":"","adv-header-id-meta":"","stick-header-meta":"","header-above-stick-meta":"","header-main-stick-meta":"","header-below-stick-meta":"","astra-migrate-meta-layouts":"default","ast-page-background-enabled":"default","ast-page-background-meta":{"desktop":{"background-color":"var(--ast-global-color-4)","background-image":"","background-repeat":"repeat","background-position":"center center","background-size":"auto","background-attachment":"scroll","background-type":"","background-media":"","overlay-type":"","overlay-color":"","overlay-gradient":""},"tablet":{"background-color":"","background-image":"","background-repeat":"repeat","background-position":"center center","background-size":"auto","background-attachment":"scroll","background-type":"","background-media":"","overlay-type":"","overlay-color":"","overlay-gradient":""},"mobile":{"background-color":"","background-image":"","background-repeat":"repeat","background-position":"center center","background-size":"auto","background-attachment":"scroll","background-type":"","background-media":"","overlay-type":"","overlay-color":"","overlay-gradient":""}},"ast-content-background-meta":{"desktop":{"background-color":"var(--ast-global-color-5)","background-image":"","background-repeat":"repeat","background-position":"center center","background-size":"auto","background-attachment":"scroll","background-type":"","background-media":"","overlay-type":"","overlay-color":"","overlay-gradient":""},"tablet":{"background-color":"var(--ast-global-color-5)","background-image":"","background-repeat":"repeat","background-position":"center center","background-size":"auto","background-attachment":"scroll","background-type":"","background-media":"","overlay-type":"","overlay-color":"","overlay-gradient":""},"mobile":{"background-color":"var(--ast-global-color-5)","background-image":"","background-repeat":"repeat","background-position":"center center","background-size":"auto","background-attachment":"scroll","background-type":"","background-media":"","overlay-type":"","overlay-color":"","overlay-gradient":""}},"footnotes":""},"categories":[494,973,1769,11550],"tags":[160178,70196,2091,160176,2094,160177],"class_list":["post-73835","post","type-post","status-publish","format-standard","hentry","category-ciencias-agrarias","category-cordoba","category-quimica-agricola","category-reguladores-del-crecimiento-de-las-plantas","tag-dominguez-valenzuela-jose-alfredo","tag-francisco-javier-romera-ruiz","tag-jose-luis-gonzalez-fernandez","tag-jose-manuel-fontanilla-puerto","tag-juan-enrique-castillo-garcia","tag-osuna-ruiz-m-dolores"],"_links":{"self":[{"href":"https:\/\/www.deberes.net\/tesis\/wp-json\/wp\/v2\/posts\/73835","targetHints":{"allow":["GET"]}}],"collection":[{"href":"https:\/\/www.deberes.net\/tesis\/wp-json\/wp\/v2\/posts"}],"about":[{"href":"https:\/\/www.deberes.net\/tesis\/wp-json\/wp\/v2\/types\/post"}],"author":[{"embeddable":true,"href":"https:\/\/www.deberes.net\/tesis\/wp-json\/wp\/v2\/users\/1"}],"replies":[{"embeddable":true,"href":"https:\/\/www.deberes.net\/tesis\/wp-json\/wp\/v2\/comments?post=73835"}],"version-history":[{"count":0,"href":"https:\/\/www.deberes.net\/tesis\/wp-json\/wp\/v2\/posts\/73835\/revisions"}],"wp:attachment":[{"href":"https:\/\/www.deberes.net\/tesis\/wp-json\/wp\/v2\/media?parent=73835"}],"wp:term":[{"taxonomy":"category","embeddable":true,"href":"https:\/\/www.deberes.net\/tesis\/wp-json\/wp\/v2\/categories?post=73835"},{"taxonomy":"post_tag","embeddable":true,"href":"https:\/\/www.deberes.net\/tesis\/wp-json\/wp\/v2\/tags?post=73835"}],"curies":[{"name":"wp","href":"https:\/\/api.w.org\/{rel}","templated":true}]}}