{"id":73852,"date":"2005-06-05T00:00:00","date_gmt":"2005-06-05T00:00:00","guid":{"rendered":"https:\/\/www.deberes.net\/tesis\/sin-categoria\/corrector-de-corriente-ha%c2%adbrido-multiconvertidor-para-la-reduccion-de-perturbaciones-en-la-red-electronica\/"},"modified":"2005-06-05T00:00:00","modified_gmt":"2005-06-05T00:00:00","slug":"corrector-de-corriente-ha%c2%adbrido-multiconvertidor-para-la-reduccion-de-perturbaciones-en-la-red-electronica","status":"publish","type":"post","link":"https:\/\/www.deberes.net\/tesis\/ciencias-tecnologicas\/corrector-de-corriente-ha%c2%adbrido-multiconvertidor-para-la-reduccion-de-perturbaciones-en-la-red-electronica\/","title":{"rendered":"Corrector de corriente h\u00edbrido multiconvertidor para la reducci\u00f3n de perturbaciones en la red electr\u00f3nica"},"content":{"rendered":"<h2>Tesis doctoral de <strong> M. Isabel Milan\u00e9s Montero <\/strong><\/h2>\n<p>En la tesis se presenta una nueva topolog\u00eda de acondicionador multiconvertidor formada por un filtro activo en paralelo con un filtro h\u00edbrido. Este acondicionador ser\u00e1 instalado en sistema trif\u00e1nicos a 4-hilos en los que la tensi\u00f3n en el punto de conexi\u00f3n puede presentar arm\u00f3nicos y desequilibrios. Se desarrolla los algoritmos de control para que la corriente denominada a la red por el conjunto carfe-acondicionador sea &#8211;, equilibrado y se encuentre en fase con la componente fundamental de frecuencia directa de la tensi\u00f3n en el punto de instalaci\u00f3n.  adicionalmente, se optimiza al dise\u00f1o de los elementos productivos de filtrado, al posibilitarse el empleo de inductores con n\u00facleo de hierro para el caro del &#8212; lento, &#8212; deduciendo as\u00ed el volumen y precio de las bobinas necesarias, y consecuentemente del equipo resultante.<\/p>\n<p>&nbsp;<\/p>\n<h3>Datos acad\u00e9micos de la tesis doctoral \u00ab<strong>Corrector de corriente h\u00edbrido multiconvertidor para la reducci\u00f3n de perturbaciones en la red electr\u00f3nica<\/strong>\u00ab<\/h3>\n<ul>\n<li><strong>T\u00edtulo de la tesis:<\/strong>\u00a0 Corrector de corriente h\u00edbrido multiconvertidor para la reducci\u00f3n de perturbaciones en la red electr\u00f3nica <\/li>\n<li><strong>Autor:<\/strong>\u00a0 M. Isabel Milan\u00e9s Montero <\/li>\n<li><strong>Universidad:<\/strong>\u00a0 Extremadura<\/li>\n<li><strong>Fecha de lectura de la tesis:<\/strong>\u00a0 06\/05\/2005<\/li>\n<\/ul>\n<p>&nbsp;<\/p>\n<h3>Direcci\u00f3n y tribunal<\/h3>\n<ul>\n<li><strong>Director de la tesis<\/strong>\n<ul>\n<li>Ferm\u00edn Barrero Gonz\u00e1lez<\/li>\n<\/ul>\n<\/li>\n<li><strong>Tribunal<\/strong>\n<ul>\n<li>Presidente del tribunal: salvador Martinez garcia <\/li>\n<li>julio Garcia mayordomo (vocal)<\/li>\n<li>patricio Salmer\u00f3n revuelta (vocal)<\/li>\n<li> Su\u00e1rez marcelo m. del mar (vocal)<\/li>\n<\/ul>\n<\/li>\n<\/ul>\n<p>&nbsp;<\/p>\n","protected":false},"excerpt":{"rendered":"<p>Tesis doctoral de M. Isabel Milan\u00e9s Montero En la tesis se presenta una nueva topolog\u00eda de acondicionador multiconvertidor formada por [&hellip;]<\/p>\n","protected":false},"author":1,"featured_media":0,"comment_status":"open","ping_status":"open","sticky":false,"template":"","format":"standard","meta":{"site-sidebar-layout":"default","site-content-layout":"","ast-site-content-layout":"","site-content-style":"default","site-sidebar-style":"default","ast-global-header-display":"","ast-banner-title-visibility":"","ast-main-header-display":"","ast-hfb-above-header-display":"","ast-hfb-below-header-display":"","ast-hfb-mobile-header-display":"","site-post-title":"","ast-breadcrumbs-content":"","ast-featured-img":"","footer-sml-layout":"","theme-transparent-header-meta":"","adv-header-id-meta":"","stick-header-meta":"","header-above-stick-meta":"","header-main-stick-meta":"","header-below-stick-meta":"","astra-migrate-meta-layouts":"default","ast-page-background-enabled":"default","ast-page-background-meta":{"desktop":{"background-color":"var(--ast-global-color-4)","background-image":"","background-repeat":"repeat","background-position":"center center","background-size":"auto","background-attachment":"scroll","background-type":"","background-media":"","overlay-type":"","overlay-color":"","overlay-gradient":""},"tablet":{"background-color":"","background-image":"","background-repeat":"repeat","background-position":"center center","background-size":"auto","background-attachment":"scroll","background-type":"","background-media":"","overlay-type":"","overlay-color":"","overlay-gradient":""},"mobile":{"background-color":"","background-image":"","background-repeat":"repeat","background-position":"center center","background-size":"auto","background-attachment":"scroll","background-type":"","background-media":"","overlay-type":"","overlay-color":"","overlay-gradient":""}},"ast-content-background-meta":{"desktop":{"background-color":"var(--ast-global-color-5)","background-image":"","background-repeat":"repeat","background-position":"center center","background-size":"auto","background-attachment":"scroll","background-type":"","background-media":"","overlay-type":"","overlay-color":"","overlay-gradient":""},"tablet":{"background-color":"var(--ast-global-color-5)","background-image":"","background-repeat":"repeat","background-position":"center center","background-size":"auto","background-attachment":"scroll","background-type":"","background-media":"","overlay-type":"","overlay-color":"","overlay-gradient":""},"mobile":{"background-color":"var(--ast-global-color-5)","background-image":"","background-repeat":"repeat","background-position":"center center","background-size":"auto","background-attachment":"scroll","background-type":"","background-media":"","overlay-type":"","overlay-color":"","overlay-gradient":""}},"footnotes":""},"categories":[332,949,8096,8098],"tags":[31421,30519,160212,11272,8997,160213],"class_list":["post-73852","post","type-post","status-publish","format-standard","hentry","category-ciencias-tecnologicas","category-extremadura","category-ingenieria-y-tecnologia-electricas","category-transmision-y-distribucion-electrica","tag-fermin-barrero-gonzalez","tag-julio-garcia-mayordomo","tag-m-isabel-milanes-montero","tag-patricio-salmeron-revuelta","tag-salvador-Martinez-garcia","tag-suarez-marcelo-m-del-mar"],"_links":{"self":[{"href":"https:\/\/www.deberes.net\/tesis\/wp-json\/wp\/v2\/posts\/73852","targetHints":{"allow":["GET"]}}],"collection":[{"href":"https:\/\/www.deberes.net\/tesis\/wp-json\/wp\/v2\/posts"}],"about":[{"href":"https:\/\/www.deberes.net\/tesis\/wp-json\/wp\/v2\/types\/post"}],"author":[{"embeddable":true,"href":"https:\/\/www.deberes.net\/tesis\/wp-json\/wp\/v2\/users\/1"}],"replies":[{"embeddable":true,"href":"https:\/\/www.deberes.net\/tesis\/wp-json\/wp\/v2\/comments?post=73852"}],"version-history":[{"count":0,"href":"https:\/\/www.deberes.net\/tesis\/wp-json\/wp\/v2\/posts\/73852\/revisions"}],"wp:attachment":[{"href":"https:\/\/www.deberes.net\/tesis\/wp-json\/wp\/v2\/media?parent=73852"}],"wp:term":[{"taxonomy":"category","embeddable":true,"href":"https:\/\/www.deberes.net\/tesis\/wp-json\/wp\/v2\/categories?post=73852"},{"taxonomy":"post_tag","embeddable":true,"href":"https:\/\/www.deberes.net\/tesis\/wp-json\/wp\/v2\/tags?post=73852"}],"curies":[{"name":"wp","href":"https:\/\/api.w.org\/{rel}","templated":true}]}}