{"id":73869,"date":"2005-06-05T00:00:00","date_gmt":"2005-06-05T00:00:00","guid":{"rendered":"https:\/\/www.deberes.net\/tesis\/sin-categoria\/necesidades-formativas-en-el-voluntariado\/"},"modified":"2005-06-05T00:00:00","modified_gmt":"2005-06-05T00:00:00","slug":"necesidades-formativas-en-el-voluntariado","status":"publish","type":"post","link":"https:\/\/www.deberes.net\/tesis\/pedagogia\/necesidades-formativas-en-el-voluntariado\/","title":{"rendered":"Necesidades formativas en el voluntariado."},"content":{"rendered":"<h2>Tesis doctoral de <strong> Jos\u00e9 Luis Sarasola Sanchez Serrano <\/strong><\/h2>\n<p>El voluntariado es un fen\u00f3meno social actual basado en la participaci\u00f3n activa de la ciudadan\u00eda en actividades solidarias y altruistas.  el estado proporciona un bienestar social que,en determinadas ocasiones, no cubre las necesidades creadas en el seno de dicha sociedad , por ello se fomenta la sociedad del bienestar para que, con la sinergia de administraci\u00f3n y organizaciones no gubernamentales, entre ambas se atienda integralmente aspectos tales como la atenci\u00f3n social , educativa, medioambiental, cultural , deportiva .Con voluntarios \/as como recursos humanos.  por ello el voluntariado ha pasado de ser una activiada particular de los ciudadanos a estar legislado a nivel estatal y auton\u00f3mico , y ser una competencia de la administraci\u00f3n , estableci\u00e9ndose para ello planes integrales.  este voluntariado necesita ser fomado , reciclado continuamente.  nuestra tesis abunda en el an\u00e1lisis de esta realidad , por medio de t\u00e9cnicas como la entrevista , la encuesta y el grupo de discusi\u00f3n hemos profundizado en la realidad del mundo del voluntriado , hemos analizado como y en qu\u00e9 cuestiones se forman.Ofrecemos una visi\u00f3n de esta realidad participativa y damos lineas de mejorar su intervenci\u00f3n dentro de sus necesidades formativas.<\/p>\n<p>&nbsp;<\/p>\n<h3>Datos acad\u00e9micos de la tesis doctoral \u00ab<strong>Necesidades formativas en el voluntariado.<\/strong>\u00ab<\/h3>\n<ul>\n<li><strong>T\u00edtulo de la tesis:<\/strong>\u00a0 Necesidades formativas en el voluntariado. <\/li>\n<li><strong>Autor:<\/strong>\u00a0 Jos\u00e9 Luis Sarasola Sanchez Serrano <\/li>\n<li><strong>Universidad:<\/strong>\u00a0 Sevilla<\/li>\n<li><strong>Fecha de lectura de la tesis:<\/strong>\u00a0 06\/05\/2005<\/li>\n<\/ul>\n<p>&nbsp;<\/p>\n<h3>Direcci\u00f3n y tribunal<\/h3>\n<ul>\n<li><strong>Director de la tesis<\/strong>\n<ul>\n<li>Vicente Llorent Bedmar<\/li>\n<\/ul>\n<\/li>\n<li><strong>Tribunal<\/strong>\n<ul>\n<li>Presidente del tribunal: Jos\u00e9 Luis Malag\u00f3n bernal <\/li>\n<li>cristina Villalba quesada (vocal)<\/li>\n<li>Antonio Camacho herrera (vocal)<\/li>\n<li>octavio Vazquez aguado (vocal)<\/li>\n<\/ul>\n<\/li>\n<\/ul>\n<p>&nbsp;<\/p>\n","protected":false},"excerpt":{"rendered":"<p>Tesis doctoral de Jos\u00e9 Luis Sarasola Sanchez Serrano El voluntariado es un fen\u00f3meno social actual basado en la participaci\u00f3n activa [&hellip;]<\/p>\n","protected":false},"author":1,"featured_media":0,"comment_status":"open","ping_status":"open","sticky":false,"template":"","format":"standard","meta":{"site-sidebar-layout":"default","site-content-layout":"","ast-site-content-layout":"","site-content-style":"default","site-sidebar-style":"default","ast-global-header-display":"","ast-banner-title-visibility":"","ast-main-header-display":"","ast-hfb-above-header-display":"","ast-hfb-below-header-display":"","ast-hfb-mobile-header-display":"","site-post-title":"","ast-breadcrumbs-content":"","ast-featured-img":"","footer-sml-layout":"","theme-transparent-header-meta":"","adv-header-id-meta":"","stick-header-meta":"","header-above-stick-meta":"","header-main-stick-meta":"","header-below-stick-meta":"","astra-migrate-meta-layouts":"default","ast-page-background-enabled":"default","ast-page-background-meta":{"desktop":{"background-color":"var(--ast-global-color-4)","background-image":"","background-repeat":"repeat","background-position":"center center","background-size":"auto","background-attachment":"scroll","background-type":"","background-media":"","overlay-type":"","overlay-color":"","overlay-gradient":""},"tablet":{"background-color":"","background-image":"","background-repeat":"repeat","background-position":"center center","background-size":"auto","background-attachment":"scroll","background-type":"","background-media":"","overlay-type":"","overlay-color":"","overlay-gradient":""},"mobile":{"background-color":"","background-image":"","background-repeat":"repeat","background-position":"center center","background-size":"auto","background-attachment":"scroll","background-type":"","background-media":"","overlay-type":"","overlay-color":"","overlay-gradient":""}},"ast-content-background-meta":{"desktop":{"background-color":"var(--ast-global-color-5)","background-image":"","background-repeat":"repeat","background-position":"center center","background-size":"auto","background-attachment":"scroll","background-type":"","background-media":"","overlay-type":"","overlay-color":"","overlay-gradient":""},"tablet":{"background-color":"var(--ast-global-color-5)","background-image":"","background-repeat":"repeat","background-position":"center center","background-size":"auto","background-attachment":"scroll","background-type":"","background-media":"","overlay-type":"","overlay-color":"","overlay-gradient":""},"mobile":{"background-color":"var(--ast-global-color-5)","background-image":"","background-repeat":"repeat","background-position":"center center","background-size":"auto","background-attachment":"scroll","background-type":"","background-media":"","overlay-type":"","overlay-color":"","overlay-gradient":""}},"footnotes":""},"categories":[1184,1141,10715],"tags":[54750,131689,43007,144558,68253,24975],"class_list":["post-73869","post","type-post","status-publish","format-standard","hentry","category-organizacion-y-planificacion-de-la-educacion","category-pedagogia","category-sevilla","tag-antonio-camacho-herrera","tag-cristina-villalba-quesada","tag-jose-luis-malagon-bernal","tag-jose-luis-sarasola-sanchez-serrano","tag-octavio-vazquez-aguado","tag-vicente-llorent-bedmar"],"_links":{"self":[{"href":"https:\/\/www.deberes.net\/tesis\/wp-json\/wp\/v2\/posts\/73869","targetHints":{"allow":["GET"]}}],"collection":[{"href":"https:\/\/www.deberes.net\/tesis\/wp-json\/wp\/v2\/posts"}],"about":[{"href":"https:\/\/www.deberes.net\/tesis\/wp-json\/wp\/v2\/types\/post"}],"author":[{"embeddable":true,"href":"https:\/\/www.deberes.net\/tesis\/wp-json\/wp\/v2\/users\/1"}],"replies":[{"embeddable":true,"href":"https:\/\/www.deberes.net\/tesis\/wp-json\/wp\/v2\/comments?post=73869"}],"version-history":[{"count":0,"href":"https:\/\/www.deberes.net\/tesis\/wp-json\/wp\/v2\/posts\/73869\/revisions"}],"wp:attachment":[{"href":"https:\/\/www.deberes.net\/tesis\/wp-json\/wp\/v2\/media?parent=73869"}],"wp:term":[{"taxonomy":"category","embeddable":true,"href":"https:\/\/www.deberes.net\/tesis\/wp-json\/wp\/v2\/categories?post=73869"},{"taxonomy":"post_tag","embeddable":true,"href":"https:\/\/www.deberes.net\/tesis\/wp-json\/wp\/v2\/tags?post=73869"}],"curies":[{"name":"wp","href":"https:\/\/api.w.org\/{rel}","templated":true}]}}