{"id":73889,"date":"2005-06-05T00:00:00","date_gmt":"2005-06-05T00:00:00","guid":{"rendered":"https:\/\/www.deberes.net\/tesis\/sin-categoria\/la-libertad-trascendental-en-la-subjetividad-estudio-acerca-del-fundamento-de-la-antropologa%c2%ada-en-antonio-millan-puelles\/"},"modified":"2005-06-05T00:00:00","modified_gmt":"2005-06-05T00:00:00","slug":"la-libertad-trascendental-en-la-subjetividad-estudio-acerca-del-fundamento-de-la-antropologa%c2%ada-en-antonio-millan-puelles","status":"publish","type":"post","link":"https:\/\/www.deberes.net\/tesis\/antropologia-filosofica\/la-libertad-trascendental-en-la-subjetividad-estudio-acerca-del-fundamento-de-la-antropologa%c2%ada-en-antonio-millan-puelles\/","title":{"rendered":"La libertad trascendental en la subjetividad. estudio acerca del fundamento de la antropolog\u00eda en antonio mill\u00e1n-puelles"},"content":{"rendered":"<h2>Tesis doctoral de <strong> Angela Francisca Garcia De Bertolacci <\/strong><\/h2>\n<p>La libertad trascendental en  la subjetividad.  Estudio acerca del fundamento de  la antropolog\u00eda en antonio millan-puelles resumen: en la investigaci\u00f3n filos\u00f3fica la libertad ha tenido siempre un destacado lugar. Maestro de filosof\u00eda y destacado fil\u00f3sofo espa\u00f1ol, el profesor dr. Antonio mill\u00e1n-puelles en toda su obra, ha analizado las dimensiones y el valor de la , libertad humana: trascendental, psicol\u00f3gica, moral, pol\u00edtica, de los hijos de dios. La considera una realidad unitaria y compleja, propia del hombre en tanto que hombre. Es prop\u00f3sito de esta tesis de doctorado en filosof\u00eda, mostrar, especialmente, qu\u00e9 es la libertad trascendental y por qu\u00e9 puede ser considerada como un centro, un camino y una clave antropol\u00f3gica. Consta de una introducci\u00f3n y seis n\u00facleos tem\u00e1ticos, cuyos t\u00edtulos son: la libertad humana en su contexto antropol\u00f3gico, la libertad trascendental, libertad trascendental y subjetividad, libertad trascendental y naturaleza humana, la libertad instada, libertad trascendental, temporalidad y sentido. A partir de los precisos y ricos an\u00e1lisis fenomenol\u00f3gicos y de la visi\u00f3n ontol\u00f3gica del autor en torno a la libertad trascendental, propia de los actos intelectivos y volitivos, se llega al factum de la subjetividad humana en la cual se dan. Esta libertad trascendental, como trascendentalidad constitutiva del esp\u00edritu humano, no define el modo de ser del hombre ni se identifica con su esencia metaf\u00edsica, ni es la ra\u00edz de sus dem\u00e1s perfecciones. Su valor est\u00e1 en que manifiesta la inmaterialidad o espiritualidad de las potencias en las que acontece el trascender intencional y, en consecuencia, tambi\u00e9n la inmaterialidad o espiritualidad del sujeto de dichas potencias. La subjetividad es un factum natural en el que el esp\u00edritu y la corporeidad manifiestan, desde sus operaciones propias, el modo de ser. La subjetividad es una sustancia apta para las actividades en las que el hombre \u00abtrasciende activamente hacia la infinitud del ser\u00bb y es apta tambi\u00e9n para la conciencia en sus formas peculiares y diversas. Propiamente, en la experiencia de ser f\u00e1cticamente un s\u00ed mismo, la subjetividad se vivencia como siendo a la vez, logos y cuerpo; es sujeto en la relaci\u00f3n consigo mismo, en la aprehensi\u00f3n de lo real y en la experiencia de la pura objetualidad. En la subjetividad se da, pues, la conciencia, pero conciencia inadecuada. La intimidad de la subjetividad es a la vez conciencia en acto y heterolog\u00eda subjetiva. Es el poder del logos. A la vez, la subjetividad emp\u00edrica participa de la \u00edndole de las cosas, en cuanto nos es dada y finita, como cosa, es de condici\u00f3n corp\u00f3rea. \u00abConciencia y cosa\u00bb, expresa el profesor mill\u00e1n-puelles. Desde y por esta estructura la subjetividad vive tambi\u00e9n peculiares relaciones entre el yo, los otros, el mundo y dios. No es aut\u00f3noma sino que es instada por lo otro y se cumple hist\u00f3ricamente, de ah\u00ed el valor y el sentido que ha de asumir la concreta existencia en su dimensi\u00f3n personal y socio-pol\u00edtica. Esta situaci\u00f3n requiere y hace necesaria la educaci\u00f3n de la personalidad subjetiva. Desde esta visi\u00f3n se establece un expl\u00edcito y preciso di\u00e1logo con las diversas antropolog\u00edas, las m\u00e1s antiguas y las m\u00e1s recientes. El problema ontol\u00f3gico del hombre se resuelve en la visi\u00f3n que el mismo mill\u00e1n-puelles llama humanismo teoc\u00e9ntrico: la experiencia de ser instado por dios, ilumina y motiva a la afirmaci\u00f3n del ser que de \u00e9l se ha recibido. Camino de sentido y de superaci\u00f3n de la angustia en la que el hombre se encuentra. Este orden o ley eterna puede el hombre descubrirlo con la sola luz de su raz\u00f3n natural; lo descubre como verdad- fundamento de la   libertad- y como misterio; lo descubre como una exigencia para su libertad y como camino de sentido y de valor -dignidad- de su vida<\/p>\n<p>&nbsp;<\/p>\n<h3>Datos acad\u00e9micos de la tesis doctoral \u00ab<strong>La libertad trascendental en la subjetividad. estudio acerca del fundamento de la antropolog\u00eda en antonio mill\u00e1n-puelles<\/strong>\u00ab<\/h3>\n<ul>\n<li><strong>T\u00edtulo de la tesis:<\/strong>\u00a0 La libertad trascendental en la subjetividad. estudio acerca del fundamento de la antropolog\u00eda en antonio mill\u00e1n-puelles <\/li>\n<li><strong>Autor:<\/strong>\u00a0 Angela Francisca Garcia De Bertolacci <\/li>\n<li><strong>Universidad:<\/strong>\u00a0 Navarra<\/li>\n<li><strong>Fecha de lectura de la tesis:<\/strong>\u00a0 06\/05\/2005<\/li>\n<\/ul>\n<p>&nbsp;<\/p>\n<h3>Direcci\u00f3n y tribunal<\/h3>\n<ul>\n<li><strong>Director de la tesis<\/strong>\n<ul>\n<li>Juan Cruz Cruz<\/li>\n<\/ul>\n<\/li>\n<li><strong>Tribunal<\/strong>\n<ul>\n<li>Presidente del tribunal: alejandro Llano cifuentes <\/li>\n<li>Rafael Alvira dominguez (vocal)<\/li>\n<li>tomas Melendo granados (vocal)<\/li>\n<li>Antonio Heredia (vocal)<\/li>\n<\/ul>\n<\/li>\n<\/ul>\n<p>&nbsp;<\/p>\n","protected":false},"excerpt":{"rendered":"<p>Tesis doctoral de Angela Francisca Garcia De Bertolacci La libertad trascendental en la subjetividad. Estudio acerca del fundamento de la [&hellip;]<\/p>\n","protected":false},"author":1,"featured_media":0,"comment_status":"open","ping_status":"open","sticky":false,"template":"","format":"standard","meta":{"site-sidebar-layout":"default","site-content-layout":"","ast-site-content-layout":"","site-content-style":"default","site-sidebar-style":"default","ast-global-header-display":"","ast-banner-title-visibility":"","ast-main-header-display":"","ast-hfb-above-header-display":"","ast-hfb-below-header-display":"","ast-hfb-mobile-header-display":"","site-post-title":"","ast-breadcrumbs-content":"","ast-featured-img":"","footer-sml-layout":"","theme-transparent-header-meta":"","adv-header-id-meta":"","stick-header-meta":"","header-above-stick-meta":"","header-main-stick-meta":"","header-below-stick-meta":"","astra-migrate-meta-layouts":"default","ast-page-background-enabled":"default","ast-page-background-meta":{"desktop":{"background-color":"var(--ast-global-color-4)","background-image":"","background-repeat":"repeat","background-position":"center center","background-size":"auto","background-attachment":"scroll","background-type":"","background-media":"","overlay-type":"","overlay-color":"","overlay-gradient":""},"tablet":{"background-color":"","background-image":"","background-repeat":"repeat","background-position":"center center","background-size":"auto","background-attachment":"scroll","background-type":"","background-media":"","overlay-type":"","overlay-color":"","overlay-gradient":""},"mobile":{"background-color":"","background-image":"","background-repeat":"repeat","background-position":"center center","background-size":"auto","background-attachment":"scroll","background-type":"","background-media":"","overlay-type":"","overlay-color":"","overlay-gradient":""}},"ast-content-background-meta":{"desktop":{"background-color":"var(--ast-global-color-5)","background-image":"","background-repeat":"repeat","background-position":"center center","background-size":"auto","background-attachment":"scroll","background-type":"","background-media":"","overlay-type":"","overlay-color":"","overlay-gradient":""},"tablet":{"background-color":"var(--ast-global-color-5)","background-image":"","background-repeat":"repeat","background-position":"center center","background-size":"auto","background-attachment":"scroll","background-type":"","background-media":"","overlay-type":"","overlay-color":"","overlay-gradient":""},"mobile":{"background-color":"var(--ast-global-color-5)","background-image":"","background-repeat":"repeat","background-position":"center center","background-size":"auto","background-attachment":"scroll","background-type":"","background-media":"","overlay-type":"","overlay-color":"","overlay-gradient":""}},"footnotes":""},"categories":[960,17749],"tags":[18060,160278,160279,18049,17980,32242],"class_list":["post-73889","post","type-post","status-publish","format-standard","hentry","category-antropologia-filosofica","category-navarra","tag-alejandro-llano-cifuentes","tag-angela-francisca-garcia-de-bertolacci","tag-antonio-heredia","tag-juan-cruz-cruz","tag-rafael-alvira-dominguez","tag-tomas-melendo-granados"],"_links":{"self":[{"href":"https:\/\/www.deberes.net\/tesis\/wp-json\/wp\/v2\/posts\/73889","targetHints":{"allow":["GET"]}}],"collection":[{"href":"https:\/\/www.deberes.net\/tesis\/wp-json\/wp\/v2\/posts"}],"about":[{"href":"https:\/\/www.deberes.net\/tesis\/wp-json\/wp\/v2\/types\/post"}],"author":[{"embeddable":true,"href":"https:\/\/www.deberes.net\/tesis\/wp-json\/wp\/v2\/users\/1"}],"replies":[{"embeddable":true,"href":"https:\/\/www.deberes.net\/tesis\/wp-json\/wp\/v2\/comments?post=73889"}],"version-history":[{"count":0,"href":"https:\/\/www.deberes.net\/tesis\/wp-json\/wp\/v2\/posts\/73889\/revisions"}],"wp:attachment":[{"href":"https:\/\/www.deberes.net\/tesis\/wp-json\/wp\/v2\/media?parent=73889"}],"wp:term":[{"taxonomy":"category","embeddable":true,"href":"https:\/\/www.deberes.net\/tesis\/wp-json\/wp\/v2\/categories?post=73889"},{"taxonomy":"post_tag","embeddable":true,"href":"https:\/\/www.deberes.net\/tesis\/wp-json\/wp\/v2\/tags?post=73889"}],"curies":[{"name":"wp","href":"https:\/\/api.w.org\/{rel}","templated":true}]}}