{"id":73942,"date":"2005-12-05T00:00:00","date_gmt":"2005-12-05T00:00:00","guid":{"rendered":"https:\/\/www.deberes.net\/tesis\/sin-categoria\/utilidad-del-ecocardiograma-transesofagico-en-pacientes-jovenes-con-bajo-perfil-cardioembolico\/"},"modified":"2005-12-05T00:00:00","modified_gmt":"2005-12-05T00:00:00","slug":"utilidad-del-ecocardiograma-transesofagico-en-pacientes-jovenes-con-bajo-perfil-cardioembolico","status":"publish","type":"post","link":"https:\/\/www.deberes.net\/tesis\/ciencias-medicas\/utilidad-del-ecocardiograma-transesofagico-en-pacientes-jovenes-con-bajo-perfil-cardioembolico\/","title":{"rendered":"Utilidad del ecocardiograma transesof\u00e1gico en pacientes jov\u00e9nes con bajo perfil cardioemb\u00f3lico."},"content":{"rendered":"<h2>Tesis doctoral de <strong>  Rus Mansilla Carmen E. <\/strong><\/h2>\n<p>El ictus constituye una patolog\u00eda con un impacto social importante debido a su  morbimortalidad. En pacientes j\u00f3venes, en un alto porcentaje de los ictus no  se llega a conocer la acusa (ictus criptog\u00e9nico) y las posibilidades  terap\u00e9uticas hasta hace poco eran escasas. Sin embargo, recientemente la  ecocardiograf\u00eda,sobre todo la ecocardiograf\u00eda transesof\u00e1gica (ete) y el  descubrimiento de nuevas causas de ictus como el foramen oval permeable y el  aneurisma del septo interauricular est\u00e1 cambiando la actitud en estos  pacientes.  objetivo: estudiar el papel que puede jugar la ete en cuanto a la mayor  precisi\u00f3n diagn\u00f3stica y el cambio en la actitud cl\u00ednica en pacientes j\u00f3venes  con ictus criptog\u00e9nico y bajo perfil cardioemb\u00f3lico.  pacientes y m\u00e9todo: se incluyeron 100 pacientes consecutivos de 55 a\u00f1os o  menos ingresados en el servicio de neurolog\u00eda por ictus de origen desconocido  a los que se les realiz\u00f3 ecocardiograf\u00eda transtor\u00e1cica como ecocardiograf\u00eda  transesof\u00e1gica.  resultados: la edad media fue de 45.5 +-9.7 a\u00f1os, 58 varones y 42 mujeres. La  ecocardiograf\u00eda transesof\u00e1gica fue normal en 49 pacientes y en 51 se encontr\u00f3  alguna patolog\u00eda: foramen oval permeable (fop) en 29 pacientes, aneurisma del  septo interauricular aislado en 1 paciente, fop asociado a aneurisma del septo  interauricular en 12 pacientes, en 5 pacientes se encontr\u00f3 alg\u00fan tipo de  tumoraci\u00f3n y en 4 pacientes se encontr\u00f3 ateromatosis a\u00f3rtica grado avanzado.  (111 \u00f3 iv). Ning\u00fan paciente ten\u00eda ecocontraste espont\u00e1neo. Por tanto, se  encontr\u00f3 una causa para el ictus en el 51% de los pacientes. Los hallazgos  cambiaron la actitud cl\u00ednica en 46 pacientes (el 90.2% de los pacientes con  ete patol\u00f3gica), indicando tratamiento percut\u00e1neo en 38 pacientes, tratamiento  quir\u00fargico en 4 pacientes y anticoagulantes orales en 4 pacientes.  conclusiones: la ete encontr\u00f3 al menos una anomal\u00eda que justificara el i<\/p>\n<p>&nbsp;<\/p>\n<h3>Datos acad\u00e9micos de la tesis doctoral \u00ab<strong>Utilidad del ecocardiograma transesof\u00e1gico en pacientes jov\u00e9nes con bajo perfil cardioemb\u00f3lico.<\/strong>\u00ab<\/h3>\n<ul>\n<li><strong>T\u00edtulo de la tesis:<\/strong>\u00a0 Utilidad del ecocardiograma transesof\u00e1gico en pacientes jov\u00e9nes con bajo perfil cardioemb\u00f3lico. <\/li>\n<li><strong>Autor:<\/strong>\u00a0  Rus Mansilla Carmen E. <\/li>\n<li><strong>Universidad:<\/strong>\u00a0 C\u00f3rdoba<\/li>\n<li><strong>Fecha de lectura de la tesis:<\/strong>\u00a0 12\/05\/2005<\/li>\n<\/ul>\n<p>&nbsp;<\/p>\n<h3>Direcci\u00f3n y tribunal<\/h3>\n<ul>\n<li><strong>Director de la tesis<\/strong>\n<ul>\n<li>Dolores Mesa Rubio<\/li>\n<\/ul>\n<\/li>\n<li><strong>Tribunal<\/strong>\n<ul>\n<li>Presidente del tribunal: Francisco Perez jimenez <\/li>\n<li> Tello de meneses becerra roc\u00edo (vocal)<\/li>\n<li>Manuel Concha ruiz (vocal)<\/li>\n<li>Rafael Gonz\u00e1lez maldonado (vocal)<\/li>\n<\/ul>\n<\/li>\n<\/ul>\n<p>&nbsp;<\/p>\n","protected":false},"excerpt":{"rendered":"<p>Tesis doctoral de Rus Mansilla Carmen E. El ictus constituye una patolog\u00eda con un impacto social importante debido a su [&hellip;]<\/p>\n","protected":false},"author":1,"featured_media":0,"comment_status":"open","ping_status":"open","sticky":false,"template":"","format":"standard","meta":{"site-sidebar-layout":"default","site-content-layout":"","ast-site-content-layout":"","site-content-style":"default","site-sidebar-style":"default","ast-global-header-display":"","ast-banner-title-visibility":"","ast-main-header-display":"","ast-hfb-above-header-display":"","ast-hfb-below-header-display":"","ast-hfb-mobile-header-display":"","site-post-title":"","ast-breadcrumbs-content":"","ast-featured-img":"","footer-sml-layout":"","theme-transparent-header-meta":"","adv-header-id-meta":"","stick-header-meta":"","header-above-stick-meta":"","header-main-stick-meta":"","header-below-stick-meta":"","astra-migrate-meta-layouts":"default","ast-page-background-enabled":"default","ast-page-background-meta":{"desktop":{"background-color":"var(--ast-global-color-4)","background-image":"","background-repeat":"repeat","background-position":"center center","background-size":"auto","background-attachment":"scroll","background-type":"","background-media":"","overlay-type":"","overlay-color":"","overlay-gradient":""},"tablet":{"background-color":"","background-image":"","background-repeat":"repeat","background-position":"center center","background-size":"auto","background-attachment":"scroll","background-type":"","background-media":"","overlay-type":"","overlay-color":"","overlay-gradient":""},"mobile":{"background-color":"","background-image":"","background-repeat":"repeat","background-position":"center center","background-size":"auto","background-attachment":"scroll","background-type":"","background-media":"","overlay-type":"","overlay-color":"","overlay-gradient":""}},"ast-content-background-meta":{"desktop":{"background-color":"var(--ast-global-color-5)","background-image":"","background-repeat":"repeat","background-position":"center center","background-size":"auto","background-attachment":"scroll","background-type":"","background-media":"","overlay-type":"","overlay-color":"","overlay-gradient":""},"tablet":{"background-color":"var(--ast-global-color-5)","background-image":"","background-repeat":"repeat","background-position":"center center","background-size":"auto","background-attachment":"scroll","background-type":"","background-media":"","overlay-type":"","overlay-color":"","overlay-gradient":""},"mobile":{"background-color":"var(--ast-global-color-5)","background-image":"","background-repeat":"repeat","background-position":"center center","background-size":"auto","background-attachment":"scroll","background-type":"","background-media":"","overlay-type":"","overlay-color":"","overlay-gradient":""}},"footnotes":""},"categories":[932,9,973,139,156,1601],"tags":[160361,1613,2286,47895,160360,160362],"class_list":["post-73942","post","type-post","status-publish","format-standard","hentry","category-cardiologia","category-ciencias-medicas","category-cordoba","category-medicina-interna","category-patologia","category-patologia-cardiovascular","tag-dolores-mesa-rubio","tag-francisco-perez-jimenez","tag-manuel-concha-ruiz","tag-rafael-gonzalez-maldonado","tag-rus-mansilla-carmen-e","tag-tello-de-meneses-becerra-rocio"],"_links":{"self":[{"href":"https:\/\/www.deberes.net\/tesis\/wp-json\/wp\/v2\/posts\/73942","targetHints":{"allow":["GET"]}}],"collection":[{"href":"https:\/\/www.deberes.net\/tesis\/wp-json\/wp\/v2\/posts"}],"about":[{"href":"https:\/\/www.deberes.net\/tesis\/wp-json\/wp\/v2\/types\/post"}],"author":[{"embeddable":true,"href":"https:\/\/www.deberes.net\/tesis\/wp-json\/wp\/v2\/users\/1"}],"replies":[{"embeddable":true,"href":"https:\/\/www.deberes.net\/tesis\/wp-json\/wp\/v2\/comments?post=73942"}],"version-history":[{"count":0,"href":"https:\/\/www.deberes.net\/tesis\/wp-json\/wp\/v2\/posts\/73942\/revisions"}],"wp:attachment":[{"href":"https:\/\/www.deberes.net\/tesis\/wp-json\/wp\/v2\/media?parent=73942"}],"wp:term":[{"taxonomy":"category","embeddable":true,"href":"https:\/\/www.deberes.net\/tesis\/wp-json\/wp\/v2\/categories?post=73942"},{"taxonomy":"post_tag","embeddable":true,"href":"https:\/\/www.deberes.net\/tesis\/wp-json\/wp\/v2\/tags?post=73942"}],"curies":[{"name":"wp","href":"https:\/\/api.w.org\/{rel}","templated":true}]}}