{"id":74021,"date":"2018-03-09T23:18:57","date_gmt":"2018-03-09T23:18:57","guid":{"rendered":"https:\/\/www.deberes.net\/tesis\/sin-categoria\/arqueologa%c2%ada-y-sociedad-propuesta-epistemologica-y-axiologica-para-una-arqueologa%c2%ada-aplicada\/"},"modified":"2018-03-09T23:18:57","modified_gmt":"2018-03-09T23:18:57","slug":"arqueologa%c2%ada-y-sociedad-propuesta-epistemologica-y-axiologica-para-una-arqueologa%c2%ada-aplicada","status":"publish","type":"post","link":"https:\/\/www.deberes.net\/tesis\/historia\/arqueologa%c2%ada-y-sociedad-propuesta-epistemologica-y-axiologica-para-una-arqueologa%c2%ada-aplicada\/","title":{"rendered":"Arqueolog\u00eda y sociedad: propuesta epistemol\u00f3gica y axiol\u00f3gica para una arqueolog\u00eda aplicada"},"content":{"rendered":"<h2>Tesis doctoral de <strong> David Barreiro Mart\u00ednez <\/strong><\/h2>\n<p>Se presenta una propuesta te\u00f3rica orientada al dise\u00f1o de una teor\u00eda de la gesti\u00f3n del patrimonio arqueol\u00f3gico. A trav\u00e9s de un programa de investigaci\u00f3n, denominado arqueolog\u00eda y sociedad, se pretende vertebrar una propuesta de acci\u00f3n para la arqueolog\u00eda aplicada, entendida como una arqueolog\u00eda en la que se reintegrar\u00edan los \u00e1mbitos de la investigaci\u00f3n y de la gesti\u00f3n, mediante una reivindicaci\u00f3n del potencial epistemol\u00f3gico y axiol\u00f3gico de la arqueolog\u00eda de gesti\u00f3n, y de una mayor implicaci\u00f3n en la vida social de la arqueolog\u00eda acad\u00e9mica. Para ello, se lleva a cabo un an\u00e1lisis de la situaci\u00f3n actual de la arqueolog\u00eda y de su divisi\u00f3n en tres sectores profesionales (la academia, la administraci\u00f3n y los profesionales independientes), y en dos tradiciones que han sido vistas como dicot\u00f3micas (la arqueolog\u00eda human\u00edstica y acad\u00e9mica frente a la arqueolog\u00eda de gesti\u00f3n). Se reconstruye esta apariencia dicot\u00f3mica hasta situarla en la divisi\u00f3n tradicional entre los campos del saber y de la t\u00e9cnica. Se presenta una visi\u00f3n cr\u00edtica de la racionalidad t\u00e9cnica y cognitivo-instrumental como premisa te\u00f3rica para proponer una arqueolog\u00eda entendida como tecnolog\u00eda para la gesti\u00f3n integral (socializaci\u00f3n) del patrimonio arqueol\u00f3gico. Se inscribe esta cr\u00edtica en el marco de la tradici\u00f3n cr\u00edtica del pensamiento filos\u00f3fico moderno, para su aplicaci\u00f3n al momento actual, en el contexto de las propuestas pol\u00edticas de modernizaci\u00f3n reflexiva (desarrollo sostenible y evaluaci\u00f3n ambiental) y de la pr\u00e1ctica modernizadora real. Para ello, se desarrollan los contenidos te\u00f3ricos y las propuestas de acci\u00f3n (de inter\u00e9s para la gesti\u00f3n del patrimonio arqueol\u00f3gico) englobados en la estrategia espa\u00f1ola de desarrollo sostenible, as\u00ed como en la legislaci\u00f3n vigente (y pendiente de aprobaci\u00f3n) en materia de protecci\u00f3n del medio ambiente y el patrimonio arqueol\u00f3gico. Se proponen ejemplos de acciones enmarcadas en la<\/p>\n<p>&nbsp;<\/p>\n<h3>Datos acad\u00e9micos de la tesis doctoral \u00ab<strong>Arqueolog\u00eda y sociedad: propuesta epistemol\u00f3gica y axiol\u00f3gica para una arqueolog\u00eda aplicada<\/strong>\u00ab<\/h3>\n<ul>\n<li><strong>T\u00edtulo de la tesis:<\/strong>\u00a0 Arqueolog\u00eda y sociedad: propuesta epistemol\u00f3gica y axiol\u00f3gica para una arqueolog\u00eda aplicada <\/li>\n<li><strong>Autor:<\/strong>\u00a0 David Barreiro Mart\u00ednez <\/li>\n<li><strong>Universidad:<\/strong>\u00a0 Santiago de compostela<\/li>\n<li><strong>Fecha de lectura de la tesis:<\/strong>\u00a0 19\/05\/2005<\/li>\n<\/ul>\n<p>&nbsp;<\/p>\n<h3>Direcci\u00f3n y tribunal<\/h3>\n<ul>\n<li><strong>Director de la tesis<\/strong>\n<ul>\n<li>Felipe Criado Boado<\/li>\n<\/ul>\n<\/li>\n<li><strong>Tribunal<\/strong>\n<ul>\n<li>Presidente del tribunal: javier Echeverria ezponda <\/li>\n<li>agust\u00edn Azkarate garay-olaun (vocal)<\/li>\n<li>Juan Vicent Garc\u00eda (vocal)<\/li>\n<li>vicente Lull Santiago (vocal)<\/li>\n<\/ul>\n<\/li>\n<\/ul>\n<p>&nbsp;<\/p>\n","protected":false},"excerpt":{"rendered":"<p>Tesis doctoral de David Barreiro Mart\u00ednez Se presenta una propuesta te\u00f3rica orientada al dise\u00f1o de una teor\u00eda de la gesti\u00f3n [&hellip;]<\/p>\n","protected":false},"author":1,"featured_media":0,"comment_status":"open","ping_status":"open","sticky":false,"template":"","format":"standard","meta":{"site-sidebar-layout":"default","site-content-layout":"","ast-site-content-layout":"","site-content-style":"default","site-sidebar-style":"default","ast-global-header-display":"","ast-banner-title-visibility":"","ast-main-header-display":"","ast-hfb-above-header-display":"","ast-hfb-below-header-display":"","ast-hfb-mobile-header-display":"","site-post-title":"","ast-breadcrumbs-content":"","ast-featured-img":"","footer-sml-layout":"","theme-transparent-header-meta":"","adv-header-id-meta":"","stick-header-meta":"","header-above-stick-meta":"","header-main-stick-meta":"","header-below-stick-meta":"","astra-migrate-meta-layouts":"default","ast-page-background-enabled":"default","ast-page-background-meta":{"desktop":{"background-color":"var(--ast-global-color-4)","background-image":"","background-repeat":"repeat","background-position":"center center","background-size":"auto","background-attachment":"scroll","background-type":"","background-media":"","overlay-type":"","overlay-color":"","overlay-gradient":""},"tablet":{"background-color":"","background-image":"","background-repeat":"repeat","background-position":"center center","background-size":"auto","background-attachment":"scroll","background-type":"","background-media":"","overlay-type":"","overlay-color":"","overlay-gradient":""},"mobile":{"background-color":"","background-image":"","background-repeat":"repeat","background-position":"center center","background-size":"auto","background-attachment":"scroll","background-type":"","background-media":"","overlay-type":"","overlay-color":"","overlay-gradient":""}},"ast-content-background-meta":{"desktop":{"background-color":"var(--ast-global-color-5)","background-image":"","background-repeat":"repeat","background-position":"center center","background-size":"auto","background-attachment":"scroll","background-type":"","background-media":"","overlay-type":"","overlay-color":"","overlay-gradient":""},"tablet":{"background-color":"var(--ast-global-color-5)","background-image":"","background-repeat":"repeat","background-position":"center center","background-size":"auto","background-attachment":"scroll","background-type":"","background-media":"","overlay-type":"","overlay-color":"","overlay-gradient":""},"mobile":{"background-color":"var(--ast-global-color-5)","background-image":"","background-repeat":"repeat","background-position":"center center","background-size":"auto","background-attachment":"scroll","background-type":"","background-media":"","overlay-type":"","overlay-color":"","overlay-gradient":""}},"footnotes":""},"categories":[1623,1624,104,977],"tags":[160499,160498,79220,13028,24585,29175],"class_list":["post-74021","post","type-post","status-publish","format-standard","hentry","category-arqueologia","category-ciencias-auxiliares-de-la-historia","category-historia","category-santiago-de-compostela","tag-agustin-azkarate-garay-olaun","tag-david-barreiro-Martinez","tag-felipe-criado-boado","tag-javier-echeverria-ezponda","tag-juan-vicent-garcia","tag-vicente-lull-santiago"],"_links":{"self":[{"href":"https:\/\/www.deberes.net\/tesis\/wp-json\/wp\/v2\/posts\/74021","targetHints":{"allow":["GET"]}}],"collection":[{"href":"https:\/\/www.deberes.net\/tesis\/wp-json\/wp\/v2\/posts"}],"about":[{"href":"https:\/\/www.deberes.net\/tesis\/wp-json\/wp\/v2\/types\/post"}],"author":[{"embeddable":true,"href":"https:\/\/www.deberes.net\/tesis\/wp-json\/wp\/v2\/users\/1"}],"replies":[{"embeddable":true,"href":"https:\/\/www.deberes.net\/tesis\/wp-json\/wp\/v2\/comments?post=74021"}],"version-history":[{"count":0,"href":"https:\/\/www.deberes.net\/tesis\/wp-json\/wp\/v2\/posts\/74021\/revisions"}],"wp:attachment":[{"href":"https:\/\/www.deberes.net\/tesis\/wp-json\/wp\/v2\/media?parent=74021"}],"wp:term":[{"taxonomy":"category","embeddable":true,"href":"https:\/\/www.deberes.net\/tesis\/wp-json\/wp\/v2\/categories?post=74021"},{"taxonomy":"post_tag","embeddable":true,"href":"https:\/\/www.deberes.net\/tesis\/wp-json\/wp\/v2\/tags?post=74021"}],"curies":[{"name":"wp","href":"https:\/\/api.w.org\/{rel}","templated":true}]}}