{"id":74029,"date":"2018-03-09T23:18:57","date_gmt":"2018-03-09T23:18:57","guid":{"rendered":"https:\/\/www.deberes.net\/tesis\/sin-categoria\/lexical-pragmatics-and-negotiation-of-meaning\/"},"modified":"2018-03-09T23:18:57","modified_gmt":"2018-03-09T23:18:57","slug":"lexical-pragmatics-and-negotiation-of-meaning","status":"publish","type":"post","link":"https:\/\/www.deberes.net\/tesis\/linguistica\/lexical-pragmatics-and-negotiation-of-meaning\/","title":{"rendered":"Lexical pragmatics and negotiation of meaning"},"content":{"rendered":"<h2>Tesis doctoral de <strong> Sergio Maruenda Bataller <\/strong><\/h2>\n<p>El prop\u00f3sito de esta tesis doctoral es proponer dos nuevos procesos de pragm\u00e1tica l\u00e9xica que surgen de (a) la fusi\u00f3n de dos conceptos en un \u00fanico concepto cuyo significado se deriva de manera no composicional y que incide en el \u00e1mbito de la comunicaci\u00f3n expl\u00edcita; (b) la uni\u00f3n de dos hablantes en un acontecimiento comunicativo concreto y con unos objetivos sociales y cognitivos concretos. El primero de los procesos responde a una ampliaci\u00f3n del \u00e1mbito de los conceptos codificados por \u00edtems l\u00e9xicos simples postulados por la teor\u00eda de la relevancia (sperber &amp; wilson 1986\/1995). En este nuevo proceso dos \u00edtems l\u00e9xicos, y los conceptos asociados a ellos, se unen de forma no-predicativa para formar una nueva denotaci\u00f3n. Estos dos conceptos aparecen en la forma l\u00f3gica de manera separada y en la proposici\u00f3n expresada de manera unitaria. El segundo de estos procesos responde a la necesidad de dotar a la teor\u00eda de la relevancia de una dimensi\u00f3n social a traves del estudio de datos reales. La principal contribuci\u00f3n te\u00f3rica de esta parte es un nuevo proceso de pragm\u00e1tica l\u00e9xica que es inherente a la negociaci\u00f3n del significado l\u00e9xico, constru\u00eddo de manera incremental y que usa como instrumentos y de manera din\u00e1mica otros procesos de pragm\u00e1tica l\u00e9xica descritos en la teor\u00eda pragm\u00e1tica.<\/p>\n<p>&nbsp;<\/p>\n<h3>Datos acad\u00e9micos de la tesis doctoral \u00ab<strong>Lexical pragmatics and negotiation of meaning<\/strong>\u00ab<\/h3>\n<ul>\n<li><strong>T\u00edtulo de la tesis:<\/strong>\u00a0 Lexical pragmatics and negotiation of meaning <\/li>\n<li><strong>Autor:<\/strong>\u00a0 Sergio Maruenda Bataller <\/li>\n<li><strong>Universidad:<\/strong>\u00a0 Universitat de val\u00e9ncia (estudi general)<\/li>\n<li><strong>Fecha de lectura de la tesis:<\/strong>\u00a0 19\/05\/2005<\/li>\n<\/ul>\n<p>&nbsp;<\/p>\n<h3>Direcci\u00f3n y tribunal<\/h3>\n<ul>\n<li><strong>Director de la tesis<\/strong>\n<ul>\n<li>Patricia Bou Franch<\/li>\n<\/ul>\n<\/li>\n<li><strong>Tribunal<\/strong>\n<ul>\n<li>Presidente del tribunal:  Ruiz de mendoza Francisco <\/li>\n<li>Francisco Yus ramos (vocal)<\/li>\n<li>deirdre Zeldin (vocal)<\/li>\n<li>barry Pennock speck (vocal)<\/li>\n<\/ul>\n<\/li>\n<\/ul>\n<p>&nbsp;<\/p>\n","protected":false},"excerpt":{"rendered":"<p>Tesis doctoral de Sergio Maruenda Bataller El prop\u00f3sito de esta tesis doctoral es proponer dos nuevos procesos de pragm\u00e1tica l\u00e9xica [&hellip;]<\/p>\n","protected":false},"author":1,"featured_media":0,"comment_status":"open","ping_status":"open","sticky":false,"template":"","format":"standard","meta":{"site-sidebar-layout":"default","site-content-layout":"","ast-site-content-layout":"","site-content-style":"default","site-sidebar-style":"default","ast-global-header-display":"","ast-banner-title-visibility":"","ast-main-header-display":"","ast-hfb-above-header-display":"","ast-hfb-below-header-display":"","ast-hfb-mobile-header-display":"","site-post-title":"","ast-breadcrumbs-content":"","ast-featured-img":"","footer-sml-layout":"","theme-transparent-header-meta":"","adv-header-id-meta":"","stick-header-meta":"","header-above-stick-meta":"","header-main-stick-meta":"","header-below-stick-meta":"","astra-migrate-meta-layouts":"default","ast-page-background-enabled":"default","ast-page-background-meta":{"desktop":{"background-color":"var(--ast-global-color-4)","background-image":"","background-repeat":"repeat","background-position":"center center","background-size":"auto","background-attachment":"scroll","background-type":"","background-media":"","overlay-type":"","overlay-color":"","overlay-gradient":""},"tablet":{"background-color":"","background-image":"","background-repeat":"repeat","background-position":"center center","background-size":"auto","background-attachment":"scroll","background-type":"","background-media":"","overlay-type":"","overlay-color":"","overlay-gradient":""},"mobile":{"background-color":"","background-image":"","background-repeat":"repeat","background-position":"center center","background-size":"auto","background-attachment":"scroll","background-type":"","background-media":"","overlay-type":"","overlay-color":"","overlay-gradient":""}},"ast-content-background-meta":{"desktop":{"background-color":"var(--ast-global-color-5)","background-image":"","background-repeat":"repeat","background-position":"center center","background-size":"auto","background-attachment":"scroll","background-type":"","background-media":"","overlay-type":"","overlay-color":"","overlay-gradient":""},"tablet":{"background-color":"var(--ast-global-color-5)","background-image":"","background-repeat":"repeat","background-position":"center center","background-size":"auto","background-attachment":"scroll","background-type":"","background-media":"","overlay-type":"","overlay-color":"","overlay-gradient":""},"mobile":{"background-color":"var(--ast-global-color-5)","background-image":"","background-repeat":"repeat","background-position":"center center","background-size":"auto","background-attachment":"scroll","background-type":"","background-media":"","overlay-type":"","overlay-color":"","overlay-gradient":""}},"footnotes":""},"categories":[59,3016],"tags":[95160,160508,33325,47348,12375,160507],"class_list":["post-74029","post","type-post","status-publish","format-standard","hentry","category-linguistica","category-teoria-linguistica","tag-barry-pennock-speck","tag-deirdre-zeldin","tag-francisco-yus-ramos","tag-patricia-bou-franch","tag-ruiz-de-mendoza-francisco","tag-sergio-maruenda-bataller"],"_links":{"self":[{"href":"https:\/\/www.deberes.net\/tesis\/wp-json\/wp\/v2\/posts\/74029","targetHints":{"allow":["GET"]}}],"collection":[{"href":"https:\/\/www.deberes.net\/tesis\/wp-json\/wp\/v2\/posts"}],"about":[{"href":"https:\/\/www.deberes.net\/tesis\/wp-json\/wp\/v2\/types\/post"}],"author":[{"embeddable":true,"href":"https:\/\/www.deberes.net\/tesis\/wp-json\/wp\/v2\/users\/1"}],"replies":[{"embeddable":true,"href":"https:\/\/www.deberes.net\/tesis\/wp-json\/wp\/v2\/comments?post=74029"}],"version-history":[{"count":0,"href":"https:\/\/www.deberes.net\/tesis\/wp-json\/wp\/v2\/posts\/74029\/revisions"}],"wp:attachment":[{"href":"https:\/\/www.deberes.net\/tesis\/wp-json\/wp\/v2\/media?parent=74029"}],"wp:term":[{"taxonomy":"category","embeddable":true,"href":"https:\/\/www.deberes.net\/tesis\/wp-json\/wp\/v2\/categories?post=74029"},{"taxonomy":"post_tag","embeddable":true,"href":"https:\/\/www.deberes.net\/tesis\/wp-json\/wp\/v2\/tags?post=74029"}],"curies":[{"name":"wp","href":"https:\/\/api.w.org\/{rel}","templated":true}]}}