{"id":74147,"date":"2018-03-09T23:19:06","date_gmt":"2018-03-09T23:19:06","guid":{"rendered":"https:\/\/www.deberes.net\/tesis\/sin-categoria\/la-comprension-lectora-del-texto-argumentativo-en-frances-como-lengua-extranjera\/"},"modified":"2018-03-09T23:19:06","modified_gmt":"2018-03-09T23:19:06","slug":"la-comprension-lectora-del-texto-argumentativo-en-frances-como-lengua-extranjera","status":"publish","type":"post","link":"https:\/\/www.deberes.net\/tesis\/linguistica\/la-comprension-lectora-del-texto-argumentativo-en-frances-como-lengua-extranjera\/","title":{"rendered":"La comprension lectora del texto argumentativo en frances como lengua extranjera"},"content":{"rendered":"<h2>Tesis doctoral de <strong>  Arevalo Benito Mar\u00eda  Jose <\/strong><\/h2>\n<p>El factor de competencia ling\u00ed\u00bc\u00edstica resulta determinante en la comprensi\u00f3n lectora del texto argumentativo en fle.  La competencia ling\u00ed\u00bc\u00edstica tambi\u00e9n se relaciona con el esquema textual. As\u00ed los lectores con mayor competencia presentan con m\u00e1s regularidad el esquema argumentativo protot\u00edpico.  la coherencia\/cohesi\u00f3n textual es una variable relevante en la comprensi\u00f3n lectora.  en los indicios de argumentaci\u00f3n observamos que la mayor\u00edas de los resultados significativos guardan relaci\u00f3n con el modelo de texto le\u00eddo.  esta investigaci\u00f3n posee finalmente implicaciones para la did\u00e1ctica del fle.  los tres factores fundamentales en la comprensi\u00f3n lectora son:  &#8211;  la competencia ling\u00ed\u00bc\u00edstica  &#8211;  la identificaci\u00f3n del esquema textual  &#8211;  la estructura coherente del texto<\/p>\n<p>&nbsp;<\/p>\n<h3>Datos acad\u00e9micos de la tesis doctoral \u00ab<strong>La comprension lectora del texto argumentativo en frances como lengua extranjera<\/strong>\u00ab<\/h3>\n<ul>\n<li><strong>T\u00edtulo de la tesis:<\/strong>\u00a0 La comprension lectora del texto argumentativo en frances como lengua extranjera <\/li>\n<li><strong>Autor:<\/strong>\u00a0  Arevalo Benito Mar\u00eda  Jose <\/li>\n<li><strong>Universidad:<\/strong>\u00a0 Pa\u00eds vasco\/euskal herriko unibertsitatea<\/li>\n<li><strong>Fecha de lectura de la tesis:<\/strong>\u00a0 26\/05\/2005<\/li>\n<\/ul>\n<p>&nbsp;<\/p>\n<h3>Direcci\u00f3n y tribunal<\/h3>\n<ul>\n<li><strong>Director de la tesis<\/strong>\n<ul>\n<li> Ruiz De Zarobe Leyre<\/li>\n<\/ul>\n<\/li>\n<li><strong>Tribunal<\/strong>\n<ul>\n<li>Presidente del tribunal: Antonio Altarriba ordo\u00f1ez <\/li>\n<li>mercedes Boixareu vilaplana (vocal)<\/li>\n<li>Fernando Navarro dominguez (vocal)<\/li>\n<li>federico Ferreres maspl\u00e1 (vocal)<\/li>\n<\/ul>\n<\/li>\n<\/ul>\n<p>&nbsp;<\/p>\n","protected":false},"excerpt":{"rendered":"<p>Tesis doctoral de Arevalo Benito Mar\u00eda Jose El factor de competencia ling\u00ed\u00bc\u00edstica resulta determinante en la comprensi\u00f3n lectora del texto [&hellip;]<\/p>\n","protected":false},"author":1,"featured_media":0,"comment_status":"open","ping_status":"open","sticky":false,"template":"","format":"standard","meta":{"site-sidebar-layout":"default","site-content-layout":"","ast-site-content-layout":"","site-content-style":"default","site-sidebar-style":"default","ast-global-header-display":"","ast-banner-title-visibility":"","ast-main-header-display":"","ast-hfb-above-header-display":"","ast-hfb-below-header-display":"","ast-hfb-mobile-header-display":"","site-post-title":"","ast-breadcrumbs-content":"","ast-featured-img":"","footer-sml-layout":"","theme-transparent-header-meta":"","adv-header-id-meta":"","stick-header-meta":"","header-above-stick-meta":"","header-main-stick-meta":"","header-below-stick-meta":"","astra-migrate-meta-layouts":"default","ast-page-background-enabled":"default","ast-page-background-meta":{"desktop":{"background-color":"var(--ast-global-color-4)","background-image":"","background-repeat":"repeat","background-position":"center center","background-size":"auto","background-attachment":"scroll","background-type":"","background-media":"","overlay-type":"","overlay-color":"","overlay-gradient":""},"tablet":{"background-color":"","background-image":"","background-repeat":"repeat","background-position":"center center","background-size":"auto","background-attachment":"scroll","background-type":"","background-media":"","overlay-type":"","overlay-color":"","overlay-gradient":""},"mobile":{"background-color":"","background-image":"","background-repeat":"repeat","background-position":"center center","background-size":"auto","background-attachment":"scroll","background-type":"","background-media":"","overlay-type":"","overlay-color":"","overlay-gradient":""}},"ast-content-background-meta":{"desktop":{"background-color":"var(--ast-global-color-5)","background-image":"","background-repeat":"repeat","background-position":"center center","background-size":"auto","background-attachment":"scroll","background-type":"","background-media":"","overlay-type":"","overlay-color":"","overlay-gradient":""},"tablet":{"background-color":"var(--ast-global-color-5)","background-image":"","background-repeat":"repeat","background-position":"center center","background-size":"auto","background-attachment":"scroll","background-type":"","background-media":"","overlay-type":"","overlay-color":"","overlay-gradient":""},"mobile":{"background-color":"var(--ast-global-color-5)","background-image":"","background-repeat":"repeat","background-position":"center center","background-size":"auto","background-attachment":"scroll","background-type":"","background-media":"","overlay-type":"","overlay-color":"","overlay-gradient":""}},"footnotes":""},"categories":[1891,59,60,62,12909,4953,2369],"tags":[12453,160724,54713,46686,4626,160725],"class_list":["post-74147","post","type-post","status-publish","format-standard","hentry","category-ensenanza-de-lenguas","category-linguistica","category-linguistica-aplicada","category-linguistica-sincronica","category-pais-vasco-euskal-herriko-unibertsitatea","category-psicolinguistica","category-traduccion-e-interpretacion","tag-antonio-altarriba-ordonez","tag-arevalo-benito-maria-jose","tag-federico-ferreres-maspla","tag-fernando-navarro-dominguez","tag-mercedes-boixareu-vilaplana","tag-ruiz-de-zarobe-leyre"],"_links":{"self":[{"href":"https:\/\/www.deberes.net\/tesis\/wp-json\/wp\/v2\/posts\/74147","targetHints":{"allow":["GET"]}}],"collection":[{"href":"https:\/\/www.deberes.net\/tesis\/wp-json\/wp\/v2\/posts"}],"about":[{"href":"https:\/\/www.deberes.net\/tesis\/wp-json\/wp\/v2\/types\/post"}],"author":[{"embeddable":true,"href":"https:\/\/www.deberes.net\/tesis\/wp-json\/wp\/v2\/users\/1"}],"replies":[{"embeddable":true,"href":"https:\/\/www.deberes.net\/tesis\/wp-json\/wp\/v2\/comments?post=74147"}],"version-history":[{"count":0,"href":"https:\/\/www.deberes.net\/tesis\/wp-json\/wp\/v2\/posts\/74147\/revisions"}],"wp:attachment":[{"href":"https:\/\/www.deberes.net\/tesis\/wp-json\/wp\/v2\/media?parent=74147"}],"wp:term":[{"taxonomy":"category","embeddable":true,"href":"https:\/\/www.deberes.net\/tesis\/wp-json\/wp\/v2\/categories?post=74147"},{"taxonomy":"post_tag","embeddable":true,"href":"https:\/\/www.deberes.net\/tesis\/wp-json\/wp\/v2\/tags?post=74147"}],"curies":[{"name":"wp","href":"https:\/\/api.w.org\/{rel}","templated":true}]}}